{"id":60854,"date":"2019-09-11T13:05:32","date_gmt":"2019-09-11T17:05:32","guid":{"rendered":"https:\/\/linitiative.ca\/International\/le-groupe-radisson-blu-veut-relancer-le-projet-de-construction-dun-hotel-5-etoiles-au-lac-municipal\/"},"modified":"2019-09-11T13:05:32","modified_gmt":"2019-09-11T17:05:32","slug":"le-groupe-radisson-blu-veut-relancer-le-projet-de-construction-dun-hotel-5-etoiles-au-lac-municipal","status":"publish","type":"post","link":"https:\/\/linitiative.ca\/International\/le-groupe-radisson-blu-veut-relancer-le-projet-de-construction-dun-hotel-5-etoiles-au-lac-municipal\/","title":{"rendered":"Le groupe Radisson Blu veut relancer le projet de construction d\u2019un h\u00f4tel 5 \u00e9toiles au Lac municipal"},"content":{"rendered":"<p>Le <strong>ministre des Domaines, du cadastre et des Affaires fonci\u00e8res<\/strong> (Mindcaf) <strong>Henry Eyebe Ayissi<\/strong> a paraph\u00e9, le 10 septembre 2019, un contrat de bail emphyt\u00e9otique avec le consortium belge <strong>IIDG\/H\u00f4tel Group<\/strong> pour la construction d\u2019un h\u00f4tel cinq \u00e9toiles d\u00e9nomm\u00e9 \u00ab <strong>Radisson Blu\/R\u00e9sidences du lac<\/strong> \u00bb sur le site abandonn\u00e9 du Lac municipal de Yaound\u00e9. \u00ab\u2009<em>Ce projet futuriste \u00e0 vocation \u00e0 contribuer, non seulement au d\u00e9veloppement de l\u2019industrie du tourisme et de loisirs au Cameroun, mais \u00e9galement au renforcement des liens et des partenariats qui sont engag\u00e9s, \u00e0 ce jour, dans diff\u00e9rents domaines, entre le Cameroun et la Belgique\u2009<\/em>\u00bb, a d\u00e9clar\u00e9 <strong>Henri Eyebe Ayissi.<\/strong><\/p>\n<p>La fiche technique de ce complexe h\u00f4telier indique qu\u2019il est pr\u00e9vu une tour d\u2019environ 25 \u00e9tages et un bloc annexe en forme de yacht d\u2019environ 07 \u00e9tages, avec au moins 300 chambres, des villas VIP, des piscines et autres \u00e9quipements de sports et de loisirs, etc. Il abritera des \u00e9quipements sportifs, des restaurants au standard international, un centre de remise en forme, des boutiques ainsi que des espaces de loisirs. Le co\u00fbt d\u2019investissement de ce projet est estim\u00e9 \u00e0 <strong>76 milliards FCFA<\/strong>. Les travaux vont s\u2019\u00e9tendre sur une p\u00e9riode de 24 \u00e0 30 mois d\u00e8s la mise \u00e0 disposition du site dont le bail d\u2019investissement doit courir sur une p\u00e9riode de 50 ans.<\/p>\n<p>Depuis des ann\u00e9es, est pr\u00e9vue la construction d\u2019un \u00e9tablissement h\u00f4telier sur le site du Lac municipal de Yaound\u00e9. Sauf que ladite construction n\u2019a jamais pris corps. Pourtant, le 13 septembre\u00a0 2016, beaucoup exprimaient leur joie, fort de la signature d\u2019une convention de financement \u00e0 hauteur de <strong>25 milliards Fcfa<\/strong> entre le minist\u00e8re de l\u2019Economie, de la Planification et de l\u2019Am\u00e9nagement du territoire (Minepat) et la filiale anglaise de la <strong>Deutsche Bank<\/strong>. Un financement qui allait permettre la r\u00e9alisation effective du projet de valorisation touristique et \u00e9conomique du lac municipal et d\u2019am\u00e9nagement de la vall\u00e9e de la Mingoa. Un conflit d\u2019int\u00e9r\u00eat serait l\u2019une des principales raisons ayant bloqu\u00e9 le d\u00e9but des travaux.<\/p>\n<p>Quoi qu\u2019il en soit et dans un contexte o\u00f9 le Cameroun compte abriter la Can 2021, le consortium belge veut relancer ce projet abandonn\u00e9. Par ailleurs, c\u2019est le second projet h\u00f4telier du groupe Radisson Blu au Cameroun apr\u00e8s celui de Douala o\u00f9 il est pr\u00e9vu la livraison d\u2019une enseigne 5 \u00e9toiles au premier trimestre de 2021. Ce projet va co\u00fbter 25 milliards de FCFA.<\/p>\n<div class=\"about-author about-author-box container-wrapper\">\n<div class=\"author-avatar\">\n<p><img decoding=\"async\" src=\"http:\/\/\" alt=\"\"\/><\/p>\n<\/div>\n<p><h4>La R\u00e9daction EcoMatin<\/h4>\n<\/p>\n<\/div>\n<div class=\"awac-wrapper awac widget blog_subscription-2\">\n<h4 class=\"widget-title\">Abonnez-vous \u00e0 notre lettre d&rsquo;information<\/h4>\n<\/div>\n<p>Auteur: EcoMatin<br \/>\n<a href=\"https:\/\/ecomatin.net\/yaounde-le-groupe-radisson-blu-veut-relancer-le-projet-de-construction-dun-hotel-5-etoiles-au-lac-municipal\/\">Cliquez ici pour lire l&rsquo;article depuis sa source.<\/a><\/p>\n","protected":false},"excerpt":{"rendered":"<p>Le ministre des Domaines, du cadastre et des Affaires fonci\u00e8res (Mindcaf) Henry Eyebe Ayissi a paraph\u00e9, le 10 septembre 2019, un contrat de bail emphyt\u00e9otique avec le consortium belge IIDG\/H\u00f4tel Group pour la construction d\u2019un h\u00f4tel cinq \u00e9toiles d\u00e9nomm\u00e9 \u00ab Radisson Blu\/R\u00e9sidences du lac \u00bb sur le site abandonn\u00e9 du Lac municipal de Yaound\u00e9. \u00ab\u2009Ce [&hellip;]<\/p>\n","protected":false},"author":1969,"featured_media":0,"comment_status":"closed","ping_status":"closed","sticky":false,"template":"","format":"standard","meta":{"fifu_image_url":"","fifu_image_alt":"","footnotes":""},"categories":[82,78],"tags":[],"class_list":["post-60854","post","type-post","status-publish","format-standard","hentry","category-cameroun","category-economie"],"_links":{"self":[{"href":"https:\/\/linitiative.ca\/International\/wp-json\/wp\/v2\/posts\/60854","targetHints":{"allow":["GET"]}}],"collection":[{"href":"https:\/\/linitiative.ca\/International\/wp-json\/wp\/v2\/posts"}],"about":[{"href":"https:\/\/linitiative.ca\/International\/wp-json\/wp\/v2\/types\/post"}],"author":[{"embeddable":true,"href":"https:\/\/linitiative.ca\/International\/wp-json\/wp\/v2\/users\/1969"}],"replies":[{"embeddable":true,"href":"https:\/\/linitiative.ca\/International\/wp-json\/wp\/v2\/comments?post=60854"}],"version-history":[{"count":0,"href":"https:\/\/linitiative.ca\/International\/wp-json\/wp\/v2\/posts\/60854\/revisions"}],"wp:attachment":[{"href":"https:\/\/linitiative.ca\/International\/wp-json\/wp\/v2\/media?parent=60854"}],"wp:term":[{"taxonomy":"category","embeddable":true,"href":"https:\/\/linitiative.ca\/International\/wp-json\/wp\/v2\/categories?post=60854"},{"taxonomy":"post_tag","embeddable":true,"href":"https:\/\/linitiative.ca\/International\/wp-json\/wp\/v2\/tags?post=60854"}],"curies":[{"name":"wp","href":"https:\/\/api.w.org\/{rel}","templated":true}]}}