{"id":60855,"date":"2019-09-11T13:15:06","date_gmt":"2019-09-11T17:15:06","guid":{"rendered":"https:\/\/linitiative.ca\/International\/mtn-cote-divoire-le-camerounais-freddy-tchala-demissionne-de-son-poste-de-directeur-general\/"},"modified":"2019-09-11T13:15:06","modified_gmt":"2019-09-11T17:15:06","slug":"mtn-cote-divoire-le-camerounais-freddy-tchala-demissionne-de-son-poste-de-directeur-general","status":"publish","type":"post","link":"https:\/\/linitiative.ca\/International\/mtn-cote-divoire-le-camerounais-freddy-tchala-demissionne-de-son-poste-de-directeur-general\/","title":{"rendered":"MTN Cote d\u2019Ivoire : le Camerounais Freddy Tchala d\u00e9missionne de son poste de directeur g\u00e9n\u00e9ral"},"content":{"rendered":"<div class=\"featured-area featured-area-inner\"><img loading=\"lazy\" decoding=\"async\" width=\"500\" height=\"357\" src=\"https:\/\/i2.wp.com\/ecomatin.net\/wp-content\/uploads\/2019\/09\/ecomatin.net-mtn-cote-divoire-le-camerounais-freddy-tchala-demissionne-de-son-poste-de-directeur-general-freddy-tchala.jpg?resize=500%2C357&#038;ssl=1&#038;is-pending-load=1\" class=\"attachment-jannah-image-post size-jannah-image-post wp-post-image jetpack-lazy-image\" alt=\"\" data-attachment-id=\"11303\" data-permalink=\"https:\/\/ecomatin.net\/mtn-cote-divoire-le-camerounais-freddy-tchala-demissionne-de-son-poste-de-directeur-general\/freddy-tchala\/\" data-orig-file=\"https:\/\/i2.wp.com\/ecomatin.net\/wp-content\/uploads\/2019\/09\/ecomatin.net-mtn-cote-divoire-le-camerounais-freddy-tchala-demissionne-de-son-poste-de-directeur-general-freddy-tchala.jpg?fit=500%2C357&#038;ssl=1\" data-orig-size=\"500,357\" data-comments-opened=\"0\" data-image-meta=\"{\"aperture\":\"0\",\"credit\":\"\",\"camera\":\"\",\"caption\":\"\",\"created_timestamp\":\"0\",\"copyright\":\"\",\"focal_length\":\"0\",\"iso\":\"0\",\"shutter_speed\":\"0\",\"title\":\"\",\"orientation\":\"1\"}\" data-image-title=\"Freddy-Tchala\" data-image-description=\"\" data-medium-file=\"https:\/\/i2.wp.com\/ecomatin.net\/wp-content\/uploads\/2019\/09\/ecomatin.net-mtn-cote-divoire-le-camerounais-freddy-tchala-demissionne-de-son-poste-de-directeur-general-freddy-tchala.jpg?fit=300%2C214&#038;ssl=1\" data-large-file=\"https:\/\/i2.wp.com\/ecomatin.net\/wp-content\/uploads\/2019\/09\/ecomatin.net-mtn-cote-divoire-le-camerounais-freddy-tchala-demissionne-de-son-poste-de-directeur-general-freddy-tchala.jpg?fit=500%2C357&#038;ssl=1\" data-lazy-srcset=\"https:\/\/i2.wp.com\/ecomatin.net\/wp-content\/uploads\/2019\/09\/ecomatin.net-mtn-cote-divoire-le-camerounais-freddy-tchala-demissionne-de-son-poste-de-directeur-general-freddy-tchala.jpg?w=500&#038;ssl=1 500w, https:\/\/i2.wp.com\/ecomatin.net\/wp-content\/uploads\/2019\/09\/ecomatin.net-mtn-cote-divoire-le-camerounais-freddy-tchala-demissionne-de-son-poste-de-directeur-general-freddy-tchala.jpg?resize=300%2C214&#038;ssl=1 300w\" data-lazy-sizes=\"(max-width: 500px) 100vw, 500px\" srcset=\"data:image\/gif;base64,R0lGODlhAQABAIAAAAAAAP\/\/\/yH5BAEAAAAALAAAAAABAAEAAAIBRAA7\"\/><\/div>\n<div class=\"entry-content entry clearfix\" readability=\"62\">\n<p>Le Camerounais <strong>Freddy Tchala<\/strong> a annonc\u00e9 lundi 9 septembre, sa d\u00e9mission du poste de directeur g\u00e9n\u00e9ral de MTN C\u00f4te d\u2019Ivoire, apr\u00e8s quatre ann\u00e9es \u00e0 la t\u00eate de cette entreprise. Une d\u00e9mission accept\u00e9e par le pr\u00e9sident de la multinationale sud-africaine, <strong>Rob schuter<\/strong>, qui salue l\u2019engagement du manager au service du groupe pendant de nombreuses ann\u00e9es. Freddy Tchala ayant exerc\u00e9 successivement les m\u00eames fonctions de directeur g\u00e9n\u00e9ral en Guin\u00e9e, au Congo Brazzaville, avant de prendre les r\u00eanes de MTN C\u00f4te d\u2019Ivoire qu\u2019il quittera officiellement le 30 septembre 2019. \u00ab <em>J\u2019ai appr\u00e9ci\u00e9 le temps que j\u2019ai pass\u00e9 avec vous et chacun d\u2019entre vous et, d\u2019une mani\u00e8re tr\u00e8s sp\u00e9ciale et personnelle, vous m\u2019avez fait me sentir chez moi<\/em> \u00bb a affirm\u00e9 Freddy Tchala dans un mot adress\u00e9 au personnel de MTN C\u00f4te d\u2019Ivoire.<\/p>\n<p>Freddy Tchala \u00e9tait \u00e0 la t\u00eate de MTN C\u00f4te d\u2019Ivoire depuis 2015. Ancien DG de MTN Guin\u00e9e Conakry, de septembre 2008 \u00e0 juillet 2011, puis de MTN Congo, il rempla\u00e7ait \u00e0 ce poste le Belge <strong>Wim Vanhelleputte<\/strong> d\u00e9missionnaire. Ancien \u00e9tudiant de l\u2019Universit\u00e9 catholique d\u2019Afrique centrale (Ucac, Yaound\u00e9) Freddy Tchala avant de rejoindre Abidjan avait travaill\u00e9 pour la <strong>British American Tobacco<\/strong> o\u00f9 il a occup\u00e9 le poste strat\u00e9gique de Brand Manager de janvier 1999 \u00e0 avril 2002. A l\u2019Ucac, il a \u00e9tudi\u00e9 le Marketing, les Sciences sociales, les Finances et m\u00eame l\u2019Econom\u00e9trie.\u00a0 A Mtn depuis 2002 (MTN Cameroon), il a \u00e9t\u00e9 Trade Marketing Manager (septembre 2002-janvier 2004), Custom Segment Manager (de janvier 2004 \u00e0 septembre 2005) et directeur Marketing de 2005 \u00e0 Octobre 2008.<\/p>\n<p>Comme la d\u00e9mission de son pr\u00e9d\u00e9cesseur Wim Vanhelleputte en mai 2015, Freddy Tchala a d\u00e9cid\u00e9 de quitter l\u2019entreprise de t\u00e9l\u00e9phonie mobile sud-africaine pour des raisons personnelles. Son successeur sera annonc\u00e9 prochainement.<\/p>\n<div class=\"about-author about-author-box container-wrapper\">\n<div class=\"author-avatar\">\n<p><img decoding=\"async\" src=\"http:\/\/\" alt=\"\"\/><\/p>\n<\/div>\n<p><h4>La R\u00e9daction EcoMatin<\/h4>\n<\/p>\n<\/div>\n<div class=\"awac-wrapper awac widget blog_subscription-2\">\n<h4 class=\"widget-title\">Abonnez-vous \u00e0 notre lettre d&rsquo;information<\/h4>\n<\/div>\n<\/div>\n<div class=\"toggle-post-content clearfix\"><a id=\"toggle-post-button\" class=\"button\" href=\"#\">Afficher plus <\/a><\/div>\n<p>Auteur: EcoMatin<br \/>\n<a href=\"https:\/\/ecomatin.net\/mtn-cote-divoire-le-camerounais-freddy-tchala-demissionne-de-son-poste-de-directeur-general\/\">Cliquez ici pour lire l&rsquo;article depuis sa source.<\/a><\/p>\n","protected":false},"excerpt":{"rendered":"<p>Le Camerounais Freddy Tchala a annonc\u00e9 lundi 9 septembre, sa d\u00e9mission du poste de directeur g\u00e9n\u00e9ral de MTN C\u00f4te d\u2019Ivoire, apr\u00e8s quatre ann\u00e9es \u00e0 la t\u00eate de cette entreprise. Une d\u00e9mission accept\u00e9e par le pr\u00e9sident de la multinationale sud-africaine, Rob schuter, qui salue l\u2019engagement du manager au service du groupe pendant de nombreuses ann\u00e9es. Freddy [&hellip;]<\/p>\n","protected":false},"author":1969,"featured_media":0,"comment_status":"closed","ping_status":"closed","sticky":false,"template":"","format":"standard","meta":{"fifu_image_url":"","fifu_image_alt":"","footnotes":""},"categories":[82,78],"tags":[],"class_list":["post-60855","post","type-post","status-publish","format-standard","hentry","category-cameroun","category-economie"],"_links":{"self":[{"href":"https:\/\/linitiative.ca\/International\/wp-json\/wp\/v2\/posts\/60855","targetHints":{"allow":["GET"]}}],"collection":[{"href":"https:\/\/linitiative.ca\/International\/wp-json\/wp\/v2\/posts"}],"about":[{"href":"https:\/\/linitiative.ca\/International\/wp-json\/wp\/v2\/types\/post"}],"author":[{"embeddable":true,"href":"https:\/\/linitiative.ca\/International\/wp-json\/wp\/v2\/users\/1969"}],"replies":[{"embeddable":true,"href":"https:\/\/linitiative.ca\/International\/wp-json\/wp\/v2\/comments?post=60855"}],"version-history":[{"count":0,"href":"https:\/\/linitiative.ca\/International\/wp-json\/wp\/v2\/posts\/60855\/revisions"}],"wp:attachment":[{"href":"https:\/\/linitiative.ca\/International\/wp-json\/wp\/v2\/media?parent=60855"}],"wp:term":[{"taxonomy":"category","embeddable":true,"href":"https:\/\/linitiative.ca\/International\/wp-json\/wp\/v2\/categories?post=60855"},{"taxonomy":"post_tag","embeddable":true,"href":"https:\/\/linitiative.ca\/International\/wp-json\/wp\/v2\/tags?post=60855"}],"curies":[{"name":"wp","href":"https:\/\/api.w.org\/{rel}","templated":true}]}}