{"id":60857,"date":"2019-09-11T12:19:19","date_gmt":"2019-09-11T16:19:19","guid":{"rendered":"https:\/\/linitiative.ca\/International\/tunisie-ariana-abdallah-rabhi-supervise-les-interventions-menees-par-la-commission-regionale-de-lutte-contre-les-catastrophes\/"},"modified":"2019-09-11T12:19:19","modified_gmt":"2019-09-11T16:19:19","slug":"tunisie-ariana-abdallah-rabhi-supervise-les-interventions-menees-par-la-commission-regionale-de-lutte-contre-les-catastrophes","status":"publish","type":"post","link":"https:\/\/linitiative.ca\/International\/tunisie-ariana-abdallah-rabhi-supervise-les-interventions-menees-par-la-commission-regionale-de-lutte-contre-les-catastrophes\/","title":{"rendered":"Tunisie-Ariana : Abdallah Rabhi supervise les interventions men\u00e9es par la commission r\u00e9gionale de lutte contre les catastrophes"},"content":{"rendered":"<div class=\"post-cont-in left relative\">\n<div class=\"swp_social_panel swp_horizontal_panel swp_flat_fresh swp_default_full_color swp_individual_full_color swp_other_full_color scale-100 scale-\" data-min-width=\"1100\" data-float-color=\"#ffffff\" data-float=\"none\" data-float-mobile=\"none\" data-transition=\"slide\">\n<div class=\"nc_tweetContainer swp_share_button total_shares total_sharesalt\"><span class=\"swp_count\">2 <span class=\"swp_label\">Partages<\/span><\/span><\/div>\n<\/div>\n<p>Un communiqu\u00e9 publi\u00e9 ce mercredi 11 septembre 2019 par la pr\u00e9sidence du gouvernement annonce que le Secr\u00e9taire d\u2019Etat\u00a0aupr\u00e8s du ministre de l\u2019Agriculture, charg\u00e9 des ressources hydrauliques et de la p\u00eache, Abdallah Rabhi\u00a0 a \u00e9t\u00e9 charg\u00e9 de superviser les interventions men\u00e9es par\u00a0la commission r\u00e9gionale de lutte contre les catastrophes \u00e0 l\u2019Ariana, suite aux pluies diluviennes qui se sont abattues la veille et qui ont caus\u00e9 des d\u00e9g\u00e2ts importants dans la r\u00e9gion.<\/p>\n<p><strong>Que se passe-t-il en Tunisie?<\/strong><br \/>Nous expliquons sur notre <a href=\"https:\/\/www.youtube.com\/channel\/UCRzypVq0B_yBad5eGrwBx0Q?sub_confirmation=1\" target=\"_blank\" rel=\"noopener noreferrer\">cha\u00eene YouTube<\/a> . <a href=\"https:\/\/www.youtube.com\/channel\/UCRzypVq0B_yBad5eGrwBx0Q?sub_confirmation=1\" target=\"_blank\" rel=\"noopener noreferrer\">Abonnez-vous!<\/a><\/p>\n<div class=\"mvp-org-wrap mvp-org-logo\" itemprop=\"publisher\" itemscope=\"\" itemtype=\"https:\/\/schema.org\/Organization\">\n<p><img decoding=\"async\" src=\"https:\/\/www.tunisienumerique.com\/wp-content\/uploads\/2017\/02\/logo_tunisie_numerique.png\"\/><\/p>\n<\/div>\n<div class=\"swp_social_panel swp_horizontal_panel swp_flat_fresh swp_default_full_color swp_individual_full_color swp_other_full_color scale-100 scale-\" data-min-width=\"1100\" data-float-color=\"#ffffff\" data-float=\"none\" data-float-mobile=\"none\" data-transition=\"slide\">\n<div class=\"nc_tweetContainer swp_share_button total_shares total_sharesalt\"><span class=\"swp_count\">2 <span class=\"swp_label\">Partages<\/span><\/span><\/div>\n<\/div>\n<div class=\"mvp-related-posts left relative\">\n<h4 class=\"post-header\"><span class=\"post-header\">Lire aussi<\/span><\/h4>\n<\/div>\n<\/div>\n<p>Auteur: Laameri Dorsaf<br \/>\n<a href=\"https:\/\/www.tunisienumerique.com\/tunisie-ariana-abdallah-rabhi-supervise-les-interventions-menees-par-la-commission-regionale-de-lutte-contre-les-catastrophes\/\">Cliquez ici pour lire l&rsquo;article depuis sa source.<\/a><\/p>\n","protected":false},"excerpt":{"rendered":"<p>2 Partages Un communiqu\u00e9 publi\u00e9 ce mercredi 11 septembre 2019 par la pr\u00e9sidence du gouvernement annonce que le Secr\u00e9taire d\u2019Etat\u00a0aupr\u00e8s du ministre de l\u2019Agriculture, charg\u00e9 des ressources hydrauliques et de la p\u00eache, Abdallah Rabhi\u00a0 a \u00e9t\u00e9 charg\u00e9 de superviser les interventions men\u00e9es par\u00a0la commission r\u00e9gionale de lutte contre les catastrophes \u00e0 l\u2019Ariana, suite aux pluies [&hellip;]<\/p>\n","protected":false},"author":1789,"featured_media":60858,"comment_status":"closed","ping_status":"closed","sticky":false,"template":"","format":"standard","meta":{"fifu_image_url":"","fifu_image_alt":"","footnotes":""},"categories":[73,55],"tags":[],"class_list":["post-60857","post","type-post","status-publish","format-standard","has-post-thumbnail","hentry","category-actualite","category-tunisie"],"_links":{"self":[{"href":"https:\/\/linitiative.ca\/International\/wp-json\/wp\/v2\/posts\/60857","targetHints":{"allow":["GET"]}}],"collection":[{"href":"https:\/\/linitiative.ca\/International\/wp-json\/wp\/v2\/posts"}],"about":[{"href":"https:\/\/linitiative.ca\/International\/wp-json\/wp\/v2\/types\/post"}],"author":[{"embeddable":true,"href":"https:\/\/linitiative.ca\/International\/wp-json\/wp\/v2\/users\/1789"}],"replies":[{"embeddable":true,"href":"https:\/\/linitiative.ca\/International\/wp-json\/wp\/v2\/comments?post=60857"}],"version-history":[{"count":0,"href":"https:\/\/linitiative.ca\/International\/wp-json\/wp\/v2\/posts\/60857\/revisions"}],"wp:featuredmedia":[{"embeddable":true,"href":"https:\/\/linitiative.ca\/International\/wp-json\/"}],"wp:attachment":[{"href":"https:\/\/linitiative.ca\/International\/wp-json\/wp\/v2\/media?parent=60857"}],"wp:term":[{"taxonomy":"category","embeddable":true,"href":"https:\/\/linitiative.ca\/International\/wp-json\/wp\/v2\/categories?post=60857"},{"taxonomy":"post_tag","embeddable":true,"href":"https:\/\/linitiative.ca\/International\/wp-json\/wp\/v2\/tags?post=60857"}],"curies":[{"name":"wp","href":"https:\/\/api.w.org\/{rel}","templated":true}]}}