{"id":60859,"date":"2019-09-11T13:37:04","date_gmt":"2019-09-11T17:37:04","guid":{"rendered":"https:\/\/linitiative.ca\/International\/compagnies-dassurances-les-explications-du-directeur-des-assurances-du-minfi-sur-la-nouvelle-reglementation\/"},"modified":"2019-09-11T13:37:04","modified_gmt":"2019-09-11T17:37:04","slug":"compagnies-dassurances-les-explications-du-directeur-des-assurances-du-minfi-sur-la-nouvelle-reglementation","status":"publish","type":"post","link":"https:\/\/linitiative.ca\/International\/compagnies-dassurances-les-explications-du-directeur-des-assurances-du-minfi-sur-la-nouvelle-reglementation\/","title":{"rendered":"Compagnies d\u2019assurances : les explications du directeur des Assurances du Minfi sur la nouvelle r\u00e9glementation"},"content":{"rendered":"<div class=\"featured-area featured-area-inner\"><img loading=\"lazy\" decoding=\"async\" width=\"612\" height=\"306\" src=\"https:\/\/i0.wp.com\/ecomatin.net\/wp-content\/uploads\/2019\/09\/ecomatin.net-compagnies-dassurances-les-explications-du-directeur-des-assurances-du-minfi-sur-la-nouvelle-reglementation-assurances-ok.jpg?resize=612%2C306&#038;ssl=1&#038;is-pending-load=1\" class=\"attachment-jannah-image-post size-jannah-image-post wp-post-image jetpack-lazy-image\" alt=\"\" data-attachment-id=\"11307\" data-permalink=\"https:\/\/ecomatin.net\/compagnies-dassurances-les-explications-du-directeur-des-assurances-du-minfi-sur-la-nouvelle-reglementation\/assurances-ok\/\" data-orig-file=\"https:\/\/i0.wp.com\/ecomatin.net\/wp-content\/uploads\/2019\/09\/ecomatin.net-compagnies-dassurances-les-explications-du-directeur-des-assurances-du-minfi-sur-la-nouvelle-reglementation-assurances-ok.jpg?fit=612%2C306&#038;ssl=1\" data-orig-size=\"612,306\" data-comments-opened=\"0\" data-image-meta=\"{\"aperture\":\"0\",\"credit\":\"\",\"camera\":\"\",\"caption\":\"\",\"created_timestamp\":\"0\",\"copyright\":\"\",\"focal_length\":\"0\",\"iso\":\"0\",\"shutter_speed\":\"0\",\"title\":\"\",\"orientation\":\"0\"}\" data-image-title=\"assurances ok\" data-image-description=\"\" data-medium-file=\"https:\/\/i0.wp.com\/ecomatin.net\/wp-content\/uploads\/2019\/09\/ecomatin.net-compagnies-dassurances-les-explications-du-directeur-des-assurances-du-minfi-sur-la-nouvelle-reglementation-assurances-ok.jpg?fit=300%2C150&#038;ssl=1\" data-large-file=\"https:\/\/i0.wp.com\/ecomatin.net\/wp-content\/uploads\/2019\/09\/ecomatin.net-compagnies-dassurances-les-explications-du-directeur-des-assurances-du-minfi-sur-la-nouvelle-reglementation-assurances-ok.jpg?fit=612%2C306&#038;ssl=1\" data-lazy-srcset=\"https:\/\/i0.wp.com\/ecomatin.net\/wp-content\/uploads\/2019\/09\/ecomatin.net-compagnies-dassurances-les-explications-du-directeur-des-assurances-du-minfi-sur-la-nouvelle-reglementation-assurances-ok.jpg?w=612&#038;ssl=1 612w, https:\/\/i0.wp.com\/ecomatin.net\/wp-content\/uploads\/2019\/09\/ecomatin.net-compagnies-dassurances-les-explications-du-directeur-des-assurances-du-minfi-sur-la-nouvelle-reglementation-assurances-ok.jpg?resize=300%2C150&#038;ssl=1 300w\" data-lazy-sizes=\"(max-width: 612px) 100vw, 612px\" srcset=\"data:image\/gif;base64,R0lGODlhAQABAIAAAAAAAP\/\/\/yH5BAEAAAAALAAAAAABAAEAAAIBRAA7\"\/><\/div>\n<div class=\"entry-content entry clearfix\" readability=\"67\">\n<p>A date, certaines compagnies telles que <strong><a href=\"https:\/\/ecomatin.net\/assurance-acam-vie-augmente-son-capital-de-deux-milliards-fcfa\/\">Acam Vie<\/a>, <a href=\"https:\/\/ecomatin.net\/assurance-lassureur-saham-life-insurance-cameroon-augmente-son-capital-a-449-milliards-fcfa\/\">Saham Assurances<\/a><\/strong>, Area ont revu leur capital \u00e0 la hausse. Concr\u00e8tement, la Soci\u00e9t\u00e9 assurances du Cameroun Vie SA (Acam Vie) informe qu\u2019elle a proc\u00e9d\u00e9 depuis mai 2019 \u00e0 l\u2019augmentation de son capital d\u2019<strong>1 \u00e0 3 milliards FCFA<\/strong>. Soit une augmentation de <strong>2 milliards FCFA<\/strong>. L\u2019assureur Saham Life Insurance Cameroon a augment\u00e9 son capital \u00e0 4,49 milliards FCFA. Il est pass\u00e9 de <strong>3,1 milliards FCFA<\/strong> pour se porter \u00e0 4,49 milliards en moins de cinq mois. Celui d\u2019<strong><a href=\"https:\/\/ecomatin.net\/assurance-le-capital-darea-passe-a-5-milliards-fcfa\/\">Area S.A<\/a><\/strong> lui, est pass\u00e9 depuis le 19 ao\u00fbt 2019 de <strong>3,2 milliards FCFA<\/strong> \u00e0 <strong>5 milliards FCFA,<\/strong> soit une hausse d\u2019environ 40%, selon un communiqu\u00e9 publi\u00e9 par la compagnie camerounaise.<\/p>\n<p>Selon le constat fait, par <strong>Blaise Abel Ezo\u2019o, Engolo<\/strong>, directeur des Assurances au minist\u00e8re des Finances, les compagnies d\u2019assurance se battent tant bien que mal \u00e0 s\u2019arrimer \u00e0 la nouvelle r\u00e9glementation impos\u00e9e par la <strong>Conf\u00e9rence interafricaine des march\u00e9s d\u2019assurance (Cima).\u00a0<\/strong> Sur <strong>28 soci\u00e9t\u00e9s, 22<\/strong> sont quasiment \u00e0 jour, pour cette premi\u00e8re phase de mise \u00e0 niveau du capital \u00e0 3 milliards F dit-il<strong>.\u00a0<\/strong> Et d\u2019ajouter six peinent encore \u00e0 se conformer, soit un taux de 21,4%. Les retardataires ont b\u00e9n\u00e9fici\u00e9 d\u2019un d\u00e9lai suppl\u00e9mentaire\u00a0 de deux mois pour finaliser leur op\u00e9ration.<\/p>\n<p><strong>\u00a0<\/strong>Parlant de la nouvelle r\u00e9glementation de la Cima, elle repose d\u2019une part, sur le capital social minimum des soci\u00e9t\u00e9s anonymes d\u2019assurances qui passe d\u2019<strong>un milliard FCFA<\/strong> \u00e0 <strong>5 milliards FCFA<\/strong> et le fond d\u2019\u00e9tablissement minimum des soci\u00e9t\u00e9s d\u2019assurance mutuelles de 800 millions \u00e0 3 <strong>milliards FCFA<\/strong>\u00a0\u00a0\u00a0\u00a0\u00a0\u00a0\u00a0\u00a0\u00a0\u00a0 .\u00a0 L\u2019objectif est de r\u00e9duire le risque de faillite de ces compagnies, et d\u2019op\u00e9rer une consolidation du secteur des assurances. De l\u2019avis du directeur des Assurances au Minfi, cette r\u00e9glementation a \u00e9t\u00e9 arr\u00eat\u00e9e pour am\u00e9liorer et acc\u00e9l\u00e9rer la cadence de r\u00e8glements des sinistres au profit des victimes et b\u00e9n\u00e9ficiaires de contrats d\u2019assurance de toute nature.<\/p>\n<div class=\"about-author about-author-box container-wrapper\">\n<div class=\"author-avatar\">\n<p><img decoding=\"async\" src=\"http:\/\/\" alt=\"\"\/><\/p>\n<\/div>\n<p><h4>La R\u00e9daction EcoMatin<\/h4>\n<\/p>\n<\/div>\n<div class=\"awac-wrapper awac widget blog_subscription-2\">\n<h4 class=\"widget-title\">Abonnez-vous \u00e0 notre lettre d&rsquo;information<\/h4>\n<\/div>\n<\/div>\n<div class=\"toggle-post-content clearfix\"><a id=\"toggle-post-button\" class=\"button\" href=\"#\">Afficher plus <\/a><\/div>\n<p>Auteur: EcoMatin<br \/>\n<a href=\"https:\/\/ecomatin.net\/compagnies-dassurances-les-explications-du-directeur-des-assurances-du-minfi-sur-la-nouvelle-reglementation\/\">Cliquez ici pour lire l&rsquo;article depuis sa source.<\/a><\/p>\n","protected":false},"excerpt":{"rendered":"<p>A date, certaines compagnies telles que Acam Vie, Saham Assurances, Area ont revu leur capital \u00e0 la hausse. Concr\u00e8tement, la Soci\u00e9t\u00e9 assurances du Cameroun Vie SA (Acam Vie) informe qu\u2019elle a proc\u00e9d\u00e9 depuis mai 2019 \u00e0 l\u2019augmentation de son capital d\u20191 \u00e0 3 milliards FCFA. Soit une augmentation de 2 milliards FCFA. L\u2019assureur Saham Life [&hellip;]<\/p>\n","protected":false},"author":1969,"featured_media":0,"comment_status":"closed","ping_status":"closed","sticky":false,"template":"","format":"standard","meta":{"fifu_image_url":"","fifu_image_alt":"","footnotes":""},"categories":[82,78],"tags":[],"class_list":["post-60859","post","type-post","status-publish","format-standard","hentry","category-cameroun","category-economie"],"_links":{"self":[{"href":"https:\/\/linitiative.ca\/International\/wp-json\/wp\/v2\/posts\/60859","targetHints":{"allow":["GET"]}}],"collection":[{"href":"https:\/\/linitiative.ca\/International\/wp-json\/wp\/v2\/posts"}],"about":[{"href":"https:\/\/linitiative.ca\/International\/wp-json\/wp\/v2\/types\/post"}],"author":[{"embeddable":true,"href":"https:\/\/linitiative.ca\/International\/wp-json\/wp\/v2\/users\/1969"}],"replies":[{"embeddable":true,"href":"https:\/\/linitiative.ca\/International\/wp-json\/wp\/v2\/comments?post=60859"}],"version-history":[{"count":0,"href":"https:\/\/linitiative.ca\/International\/wp-json\/wp\/v2\/posts\/60859\/revisions"}],"wp:attachment":[{"href":"https:\/\/linitiative.ca\/International\/wp-json\/wp\/v2\/media?parent=60859"}],"wp:term":[{"taxonomy":"category","embeddable":true,"href":"https:\/\/linitiative.ca\/International\/wp-json\/wp\/v2\/categories?post=60859"},{"taxonomy":"post_tag","embeddable":true,"href":"https:\/\/linitiative.ca\/International\/wp-json\/wp\/v2\/tags?post=60859"}],"curies":[{"name":"wp","href":"https:\/\/api.w.org\/{rel}","templated":true}]}}