{"id":60861,"date":"2019-09-11T12:19:25","date_gmt":"2019-09-11T16:19:25","guid":{"rendered":"https:\/\/linitiative.ca\/International\/tunisie-saisie-de-plus-de-24-mille-pieces-de-fournitures-scolaires\/"},"modified":"2019-09-11T12:19:25","modified_gmt":"2019-09-11T16:19:25","slug":"tunisie-saisie-de-plus-de-24-mille-pieces-de-fournitures-scolaires","status":"publish","type":"post","link":"https:\/\/linitiative.ca\/International\/tunisie-saisie-de-plus-de-24-mille-pieces-de-fournitures-scolaires\/","title":{"rendered":"Tunisie: Saisie de plus de 24 mille pi\u00e8ces de fournitures scolaires"},"content":{"rendered":"<div class=\"post-cont-in left relative\">\n<div class=\"swp_social_panel swp_horizontal_panel swp_flat_fresh swp_default_full_color swp_individual_full_color swp_other_full_color scale-100 scale-\" data-min-width=\"1100\" data-float-color=\"#ffffff\" data-float=\"none\" data-float-mobile=\"none\" data-transition=\"slide\">\n<div class=\"nc_tweetContainer swp_share_button total_shares total_sharesalt\"><span class=\"swp_count\">6 <span class=\"swp_label\">Partages<\/span><\/span><\/div>\n<\/div>\n<p>Une campagne men\u00e9e mardi par les \u00e9quipes de contr\u00f4le aupr\u00e8s des librairies et commer\u00e7ants de fournitures scolaires a donn\u00e9 lieu \u00e0 la saisie de 24.250 pi\u00e8ces de marchandise d\u2019origine inconnue et non conformes aux normes, a fait savoir mercredi, la direction de la qualit\u00e9 et de protection du consommateur au minist\u00e8re du Commerce.<\/p>\n<p>Ces pi\u00e8ces ont \u00e9t\u00e9 retir\u00e9es des librairies et des march\u00e9s, expliquant que 50 \u00e9quipes communes entre les ministres du Commerce, de l\u2019Int\u00e9rieur et de la Sant\u00e9 ont \u00e9t\u00e9 mobilis\u00e9es pour cette campagne et ont r\u00e9v\u00e9l\u00e9 des pratiques en parfaite contradiction avec le syst\u00e8me et les conditions de vente du cahier subventionn\u00e9, ce qui a entra\u00een\u00e9 la saisie de 15.120 cahiers subventionn\u00e9s apr\u00e8s confirmation de leur vente au public \u00e0 des prix \u00e9lev\u00e9s ou leur exploitation dans la vente conditionn\u00e9e, a indiqu\u00e9 la m\u00eame source, cit\u00e9e par l\u2019agence TAP.<\/p>\n<div class=\"code-block code-block-1 c3\"><ins class=\"adsbygoogle c2\" data-ad-layout=\"in-article\" data-ad-format=\"fluid\" data-ad-client=\"ca-pub-2102118777505746\" data-ad-slot=\"7301775417\"\/> <\/div>\n<p>Le nombre d\u2019infractions \u00e9conomiques relev\u00e9es mardi, a atteint 231\u00a0entorses relatives essentiellement \u00e0 la possession de marchandises d\u2019origine inconnue, le non affichage des prix, le camouflage de marchandises, la vente conditionn\u00e9e et la vente de produits non conformes aux normes,\u00a0pr\u00e9cise-t-on dans un communiqu\u00e9.<\/p>\n<p><strong>Que se passe-t-il en Tunisie?<\/strong><br \/>Nous expliquons sur notre <a href=\"https:\/\/www.youtube.com\/channel\/UCRzypVq0B_yBad5eGrwBx0Q?sub_confirmation=1\" target=\"_blank\" rel=\"noopener noreferrer\">cha\u00eene YouTube<\/a> . <a href=\"https:\/\/www.youtube.com\/channel\/UCRzypVq0B_yBad5eGrwBx0Q?sub_confirmation=1\" target=\"_blank\" rel=\"noopener noreferrer\">Abonnez-vous!<\/a><\/p>\n<div class=\"mvp-org-wrap mvp-org-logo\" itemprop=\"publisher\" itemscope=\"\" itemtype=\"https:\/\/schema.org\/Organization\">\n<p><img decoding=\"async\" src=\"https:\/\/www.tunisienumerique.com\/wp-content\/uploads\/2017\/02\/logo_tunisie_numerique.png\"\/><\/p>\n<\/div>\n<div class=\"swp_social_panel swp_horizontal_panel swp_flat_fresh swp_default_full_color swp_individual_full_color swp_other_full_color scale-100 scale-\" data-min-width=\"1100\" data-float-color=\"#ffffff\" data-float=\"none\" data-float-mobile=\"none\" data-transition=\"slide\">\n<div class=\"nc_tweetContainer swp_share_button total_shares total_sharesalt\"><span class=\"swp_count\">6 <span class=\"swp_label\">Partages<\/span><\/span><\/div>\n<\/div>\n<div class=\"mvp-related-posts left relative\">\n<h4 class=\"post-header\"><span class=\"post-header\">Lire aussi<\/span><\/h4>\n<\/div>\n<\/div>\n<p>Auteur: Mourad S<br \/>\n<a href=\"https:\/\/www.tunisienumerique.com\/tunisie-saisie-de-plus-de-24-mille-pieces-de-fournitures-scolaires\/\">Cliquez ici pour lire l&rsquo;article depuis sa source.<\/a><\/p>\n","protected":false},"excerpt":{"rendered":"<p>6 Partages Une campagne men\u00e9e mardi par les \u00e9quipes de contr\u00f4le aupr\u00e8s des librairies et commer\u00e7ants de fournitures scolaires a donn\u00e9 lieu \u00e0 la saisie de 24.250 pi\u00e8ces de marchandise d\u2019origine inconnue et non conformes aux normes, a fait savoir mercredi, la direction de la qualit\u00e9 et de protection du consommateur au minist\u00e8re du Commerce. [&hellip;]<\/p>\n","protected":false},"author":1789,"featured_media":60862,"comment_status":"closed","ping_status":"closed","sticky":false,"template":"","format":"standard","meta":{"fifu_image_url":"","fifu_image_alt":"","footnotes":""},"categories":[73,55],"tags":[],"class_list":["post-60861","post","type-post","status-publish","format-standard","has-post-thumbnail","hentry","category-actualite","category-tunisie"],"_links":{"self":[{"href":"https:\/\/linitiative.ca\/International\/wp-json\/wp\/v2\/posts\/60861","targetHints":{"allow":["GET"]}}],"collection":[{"href":"https:\/\/linitiative.ca\/International\/wp-json\/wp\/v2\/posts"}],"about":[{"href":"https:\/\/linitiative.ca\/International\/wp-json\/wp\/v2\/types\/post"}],"author":[{"embeddable":true,"href":"https:\/\/linitiative.ca\/International\/wp-json\/wp\/v2\/users\/1789"}],"replies":[{"embeddable":true,"href":"https:\/\/linitiative.ca\/International\/wp-json\/wp\/v2\/comments?post=60861"}],"version-history":[{"count":0,"href":"https:\/\/linitiative.ca\/International\/wp-json\/wp\/v2\/posts\/60861\/revisions"}],"wp:featuredmedia":[{"embeddable":true,"href":"https:\/\/linitiative.ca\/International\/wp-json\/"}],"wp:attachment":[{"href":"https:\/\/linitiative.ca\/International\/wp-json\/wp\/v2\/media?parent=60861"}],"wp:term":[{"taxonomy":"category","embeddable":true,"href":"https:\/\/linitiative.ca\/International\/wp-json\/wp\/v2\/categories?post=60861"},{"taxonomy":"post_tag","embeddable":true,"href":"https:\/\/linitiative.ca\/International\/wp-json\/wp\/v2\/tags?post=60861"}],"curies":[{"name":"wp","href":"https:\/\/api.w.org\/{rel}","templated":true}]}}