{"id":60868,"date":"2019-09-11T16:26:37","date_gmt":"2019-09-11T20:26:37","guid":{"rendered":"https:\/\/linitiative.ca\/International\/rapatriement-de-nigerians-dafrique-du-sud\/"},"modified":"2019-09-11T16:26:37","modified_gmt":"2019-09-11T20:26:37","slug":"rapatriement-de-nigerians-dafrique-du-sud","status":"publish","type":"post","link":"https:\/\/linitiative.ca\/International\/rapatriement-de-nigerians-dafrique-du-sud\/","title":{"rendered":"RAPATRIEMENT DE NIGERIANS D\u2019AFRIQUE DU SUD  \u00a0"},"content":{"rendered":"<div class=\"stream-item stream-item-above-post-content\">\n<p><noscript><\/p>\n<p><a href=\"\/\/www3.smartadserver.com\/ac?jump=1&#038;nwid=2136&#038;siteid=240610&#038;pgname=rg&#038;fmtid=49046&#038;visit=m&#038;tmstp=[timestamp]&#038;out=nonrich\" target=\"_blank\" rel=\"noopener noreferrer\"><img decoding=\"async\" src=\"\/\/www3.smartadserver.com\/ac?out=nonrich&#038;nwid=2136&#038;siteid=240610&#038;pgname=rg&#038;fmtid=49046&#038;visit=m&#038;tmstp=[timestamp]\" border=\"0\" alt=\"\"\/><\/a><\/p>\n<p><\/noscript><\/div>\n<p>Hier, 12 septembre 2019, a marqu\u00e9 le d\u00e9but du retour au pays natal de quelque 600 ressortissants nig\u00e9rians\u00a0 fuyant les violences x\u00e9nophobes en Afrique du Sud. Ce rapatriement volontaire d\u00e9cid\u00e9 par Abuja est rendu possible par le \u00a0\u00a0Directeur g\u00e9n\u00e9ral de la compagnie a\u00e9rienne nig\u00e9riane <em>Air Peace,<\/em> Allen Onyema, qui s\u2019est propos\u00e9 de transporter, \u00e0 titre gracieux, ceux de ses compatriotes qui ont manifest\u00e9 le d\u00e9sir de regagner la terre natale apr\u00e8s qu\u2019ils ont tout perdu dans leur pays d\u2019accueil ou qui craignent \u00a0pour leur s\u00e9curit\u00e9 dans un pays qui a ouvert, depuis quelques semaines, une nouvelle saison de \u00a0chasse aux \u00e9trangers.\u00a0 Il faut commencer par saluer ce pont a\u00e9rien voulu par les autorit\u00e9s nig\u00e9rianes\u00a0 qui, au-del\u00e0 de l\u2019acte humanitaire, r\u00e9pondent \u00e0 leur devoir \u00a0r\u00e9galien qui est de veiller \u00e0 la s\u00e9curit\u00e9 de tous les Nig\u00e9rians et de leurs biens, o\u00f9 qu\u2019ils se trouvent. Ce faisant, l\u2019Etat nig\u00e9rian fait preuve de grandeur tout comme il avait donn\u00e9 \u00e0 voir en prenant des dispositions utiles pour limiter les actes de repr\u00e9sailles contre les Sud-Africains et leurs int\u00e9r\u00eats au Nig\u00e9ria, aux lendemains des violences qui ont pris pour principales cibles les immigr\u00e9s d\u2019origine nig\u00e9riane en Afrique du Sud.<\/p>\n<p><strong>\u00a0<\/strong><\/p>\n<p><strong>Ils ont souill\u00e9 la m\u00e9moire de Nelson Mandela<\/strong><\/p>\n<p><strong>\u00a0<\/strong><\/p>\n<p class=\"c3\">Cela dit, autant l\u2019on peut tresser des lauriers \u00e0 Muhammadu Buhari et \u00e0 son gouvernement, autant il faut bl\u00e2mer la haine qui anime les Sud-Africains qui \u00a0\u00a0\u00a0font ainsi montre d\u2019une impardonnable amn\u00e9sie. Non seulement, ils d\u00e9chirent, pour la jeter \u00e0 la poubelle de l\u2019histoire, la page de l\u2019infaillible solidarit\u00e9 que l\u2019Afrique tout enti\u00e8re leur a t\u00e9moign\u00e9e pendant le dur combat contre le r\u00e9gime s\u00e9gr\u00e9gationniste de l\u2019apartheid dont la fin leur a apport\u00e9 la libert\u00e9. Mais aussi, ils ont souill\u00e9 la m\u00e9moire de Nelson Mandela, ic\u00f4ne du pardon et de la paix mondiale. C\u2019est peu de dire que c\u2019est une humiliation outre-tombe que les fils et petits-fils \u00a0de \u00a0Madiba lui infligent \u00a0\u00a0aujourd\u2019hui. \u00a0\u00a0Mais \u00e0 qui la faute, pourrait-on se demander ?\u00a0\u00a0 Sans nul doute \u00ab\u00a0<em>\u00e0 ceux qui se rendent coupables de cette ignominie<\/em> \u00bb, pourrait-on r\u00e9pondre \u00e0 cette question. Mais bien plus que ces gens du peuple ou \u00e0 l\u2019homme de la foule\u00a0 bien souvent sans esprit ni visage,\u00a0 c\u2019est \u00e0 l\u2019\u00e9lite politique sud-africaine qu\u2019il faut jeter la pierre. Et pour cause. Apr\u00e8s l\u2019\u00e9pisode de Nelson Mandela, elle n\u2019a pas pu donner un contenu \u00e9conomique et social\u00a0 \u00e0 la libert\u00e9 politique recouvr\u00e9e apr\u00e8s la fin de l\u2019Apartheid. Les leaders de l\u2019ANC, comme en t\u00e9moignent les frasques de l\u2019ex-pr\u00e9sident Jacob Zuma, se sont plus pr\u00e9occup\u00e9s de rattraper leur retard d\u00fb au temps pass\u00e9 dans le maquis, que de cr\u00e9er les conditions d\u2019une v\u00e9ritable relance de l\u2019activit\u00e9 \u00e9conomique et d\u2019une \u00e9quitable redistribution des richesses nationales. La preuve en est que le pays enregistre l\u2019un des taux de ch\u00f4mage les plus \u00e9lev\u00e9s sur le continent. Les dirigeants sud-africaines sont \u00a0d\u2019autant plus coupables qu\u2019ils n\u2019ont pris aucune mesure pour pr\u00e9venir ce\u00a0 nouveau regain de x\u00e9nophobie, sachant bien que les \u00e9ruptions de la haine contre les immigr\u00e9s avec de lourds bilans en vies humaines, sont fr\u00e9quentes dans le pays.<\/p>\n<p><strong>Les couleurs de l\u2019arc-en-ciel sud-africain ont perdu de leur lustre du fait de ces violences x\u00e9nophobes<\/strong><\/p>\n<p><strong>\u00a0<\/strong><\/p>\n<p class=\"c3\">De fait, l\u2019on est amen\u00e9 \u00e0 se demander si les dirigeants de la nation arc-en-ciel, qui, jusque-l\u00e0, r\u00e9futent l\u2019expression \u00ab\u00a0<em>d\u2019actes x\u00e9nophobes\u00a0<\/em>\u00bb pour parler \u00ab\u00a0<em>d\u2019actes criminels\u00a0<\/em>\u00bb, ne soutiennent pas en sous-main cette d\u00e9rive.\u00a0 En tout \u00e9tat de cause, il est bien plus que temps que le gouvernement de Cyril Ramaphosa dont les condamnations sont \u00e0 peine audibles, rectifie la trajectoire qu\u2019a prise l\u2019Afrique du Sud post-Mandela. D\u00e9j\u00e0, les couleurs de l\u2019arc-en-ciel sud-africain ont perdu de leur lustre du fait de ces violences x\u00e9nophobes et n\u2019alimentent plus les r\u00eaves des Africains\u00a0; toute chose qui compromet les ambitions de leadership auxquelles aspire le pays. Pour preuve, la semaine derni\u00e8re, de nombreux Etats ont boycott\u00e9 le Forum \u00e9conomique mondial pour l\u2019Afrique qui se tenait au Cap. Mais ce qu\u2019il faut redouter le plus, c\u2019est la fuite des investisseurs d\u2019un pays devenu inhospitalier et qui caracolait d\u00e9j\u00e0 en t\u00eate dans le hit-parade des nations les plus criminog\u00e8nes au monde. Et pour amorcer cette nouvelle ligne rectificatrice qui s\u2019impose au pays du Madiba, les dirigeants de l\u2019Afrique du Sud devraient commencer par mettre en \u0153uvre\u00a0 cette pr\u00e9cieuse recommandation du p\u00e8re de la nation ivoirienne, Houphou\u00ebt Boigny, qui disait d\u00e8s 1985 \u00e0 titre pr\u00e9monitoire\u00a0au sujet justement des Sud-Africains\u00a0: \u00ab <em>M\u00eame si Mandela sortait de prison aujourd\u2019hui et devenait le pr\u00e9sident de ce pays, il faudrait prioritairement \u00e9duquer ces gens qui, pour avoir longtemps \u00e9t\u00e9 tenus \u00e0 l\u2019\u00e9cart de tout le monde, ont une mentalit\u00e9 des peuples assi\u00e9g\u00e9s, qui se sentent menac\u00e9s et donc sur la d\u00e9fensive. Il n\u2019y\u00a0 a rien de plus dangereux qu\u2019un ancien esclave \u00e0 qui on octroie brutalement la libert\u00e9, sans qu\u2019il y soit pr\u00e9par\u00e9. La libert\u00e9 pour un affranchi, n\u00e9cessite un apprentissage. Autrement, il devient un danger permanent\u00a0 pour les autres et pour lui-m\u00eame<\/em>\u00bb. Au-del\u00e0 des responsabilit\u00e9s qui incombent aux leaders sud-africains, l\u2019Union africaine (UA) ainsi que toutes les institutions sous- r\u00e9gionales et interafricaines qui font de l\u2019int\u00e9gration des peuples leur cheval de bataille, devraient donner de la voix pour que cessent ces violences x\u00e9nophobes qui ne devraient plus avoir droit de cit\u00e9 dans un monde qui aspire \u00e0 devenir un village plan\u00e9taire. Et c\u2019est maintenant qu\u2019il faut le faire, avant que l\u2019Afrique du Sud dont la diaspora \u00a0\u00a0est l\u2019une des plus fortes, ne re\u00e7oive \u00a0\u00a0en pleine figure les cons\u00e9quences de ce qu\u2019elle a provoqu\u00e9.<\/p>\n<p><strong>\u00ab\u00a0 <em>Le Pays<\/em>\u00a0\u00bb<\/strong><\/p>\n<p>Auteur: Le Pays<br \/>\n<a href=\"http:\/\/lepays.bf\/rapatriement-de-nigerians-dafrique-du-sud-2\/\">Cliquez ici pour lire l&rsquo;article depuis sa source.<\/a><\/p>\n","protected":false},"excerpt":{"rendered":"<p>Hier, 12 septembre 2019, a marqu\u00e9 le d\u00e9but du retour au pays natal de quelque 600 ressortissants nig\u00e9rians\u00a0 fuyant les violences x\u00e9nophobes en Afrique du Sud. Ce rapatriement volontaire d\u00e9cid\u00e9 par Abuja est rendu possible par le \u00a0\u00a0Directeur g\u00e9n\u00e9ral de la compagnie a\u00e9rienne nig\u00e9riane Air Peace, Allen Onyema, qui s\u2019est propos\u00e9 de transporter, \u00e0 titre [&hellip;]<\/p>\n","protected":false},"author":1813,"featured_media":0,"comment_status":"closed","ping_status":"closed","sticky":false,"template":"","format":"standard","meta":{"fifu_image_url":"","fifu_image_alt":"","footnotes":""},"categories":[73,81],"tags":[],"class_list":["post-60868","post","type-post","status-publish","format-standard","hentry","category-actualite","category-burkina-faso"],"_links":{"self":[{"href":"https:\/\/linitiative.ca\/International\/wp-json\/wp\/v2\/posts\/60868","targetHints":{"allow":["GET"]}}],"collection":[{"href":"https:\/\/linitiative.ca\/International\/wp-json\/wp\/v2\/posts"}],"about":[{"href":"https:\/\/linitiative.ca\/International\/wp-json\/wp\/v2\/types\/post"}],"author":[{"embeddable":true,"href":"https:\/\/linitiative.ca\/International\/wp-json\/wp\/v2\/users\/1813"}],"replies":[{"embeddable":true,"href":"https:\/\/linitiative.ca\/International\/wp-json\/wp\/v2\/comments?post=60868"}],"version-history":[{"count":0,"href":"https:\/\/linitiative.ca\/International\/wp-json\/wp\/v2\/posts\/60868\/revisions"}],"wp:attachment":[{"href":"https:\/\/linitiative.ca\/International\/wp-json\/wp\/v2\/media?parent=60868"}],"wp:term":[{"taxonomy":"category","embeddable":true,"href":"https:\/\/linitiative.ca\/International\/wp-json\/wp\/v2\/categories?post=60868"},{"taxonomy":"post_tag","embeddable":true,"href":"https:\/\/linitiative.ca\/International\/wp-json\/wp\/v2\/tags?post=60868"}],"curies":[{"name":"wp","href":"https:\/\/api.w.org\/{rel}","templated":true}]}}