{"id":60870,"date":"2019-09-11T16:30:58","date_gmt":"2019-09-11T20:30:58","guid":{"rendered":"https:\/\/linitiative.ca\/International\/poursuite-du-mouvement-pour-la-rehabilitation-des-routes-au-mali\/"},"modified":"2019-09-11T16:30:58","modified_gmt":"2019-09-11T20:30:58","slug":"poursuite-du-mouvement-pour-la-rehabilitation-des-routes-au-mali","status":"publish","type":"post","link":"https:\/\/linitiative.ca\/International\/poursuite-du-mouvement-pour-la-rehabilitation-des-routes-au-mali\/","title":{"rendered":"POURSUITE DU MOUVEMENT POUR LA REHABILITATION DES ROUTES AU MALI"},"content":{"rendered":"<div class=\"stream-item stream-item-above-post-content\">\n<p><noscript><\/p>\n<p><a href=\"\/\/www3.smartadserver.com\/ac?jump=1&#038;nwid=2136&#038;siteid=240610&#038;pgname=rg&#038;fmtid=49046&#038;visit=m&#038;tmstp=[timestamp]&#038;out=nonrich\" target=\"_blank\" rel=\"noopener noreferrer\"><img decoding=\"async\" src=\"\/\/www3.smartadserver.com\/ac?out=nonrich&#038;nwid=2136&#038;siteid=240610&#038;pgname=rg&#038;fmtid=49046&#038;visit=m&#038;tmstp=[timestamp]\" border=\"0\" alt=\"\"\/><\/a><\/p>\n<p><\/noscript><\/div>\n<p><em>Effet domino du mouvement social pour la r\u00e9habilitation des routes au Mali, d\u00e9clench\u00e9 r\u00e9cemment dans le Sud-Ouest, dans la r\u00e9gion de Kayes\u00a0: cette fois-ci, c\u2019est aux populations de M\u00e9naka et de Tombouctou de donner de la voix, pour crier leur ras-le-bol du mauvais \u00e9tat de leurs routes.\u00a0 Depuis vendredi dernier, en effet,\u00a0un collectif a d\u00e9cid\u00e9 de bloquer l\u2019acc\u00e8s \u00e0 l\u2019a\u00e9roport de Tombouctou, emp\u00eachant tous les v\u00e9hicules, qu\u2019ils soient militaires ou civils, de circuler ou de patrouiller dans la ville. Apr\u00e8s M\u00e9naka et la \u00ab\u00a0Cit\u00e9 des 333 saints\u00a0\u00bb, \u00e0 quelle ville, le tour d\u2019entrer aussi en \u00e9bullition d\u2019autant qu\u2019il se susurre d\u00e9j\u00e0 que la ville de Gao n\u2019entend pas non plus \u00eatre en reste\u00a0?\u00a0 En tout cas, les autorit\u00e9s maliennes auraient tort de prendre la menace \u00e0 la l\u00e9g\u00e8re, et surtout, de jouer avec le feu. \u00a0Car, des promesses gouvernementales, comme celle du ministre porte-parole, Yaya Sangar\u00e9 qui assure que le chantier pour relier Tombouctou au Centre du Mali, reprendra en d\u00e9cembre prochain, \u00e0 l\u2019effectivit\u00e9 du bitume, il risque d\u2019y avoir tr\u00e8s loin, comme le craignent ces populations qui ont d\u00e9cid\u00e9 de monter au cr\u00e9neau. La promesse ne faisant pas l\u2019asphalte, c\u2019est en citoyens avertis qu\u2019ils n\u2019entendent pas se laisser conter fleurette et r\u00e9clament du concret. En tous les cas, \u00e0 travers leur grogne, ils ont \u00e9t\u00e9 on ne peut plus clairs. Il appartient aux autorit\u00e9s maliennes, d\u2019en tirer toutes les conclusions et au plus vite, si elles ne veulent pas que ce vaste mouvement d\u2019humeur continue \u00e0 impacter davantage n\u00e9gativement la pesante et douloureuse marche du Mali d\u00e9j\u00e0 en proie aux d\u00e9mons de l\u2019ins\u00e9curit\u00e9.\u00a0<\/em><\/p>\n<p class=\"c3\"><em>\u00a0<\/em><\/p>\n<p><strong>L\u2019instabilit\u00e9 engendre le d\u00e9sordre, voire le chaos qui pourrait constituer un v\u00e9ritable bouillon de culture pour la vermine terroriste<\/strong><\/p>\n<p><strong>\u00a0<\/strong><\/p>\n<p class=\"c3\">Cela dit, il faut saluer cette action citoyenne visant \u00e0 exiger \u00a0des dirigeants maliens, des routes praticables et moins tueuses, d\u2019autant qu\u2019au-del\u00e0 du fait qu\u2019elle jette une lumi\u00e8re crue sur un pan de la gouvernance au Mali, cette initiative t\u00e9moigne d\u2019un \u00e9veil de consciences des populations en droit d\u2019attendre des infrastructures routi\u00e8res de qualit\u00e9, de ceux-l\u00e0 qu\u2019ils ont port\u00e9s au pouvoir par les urnes. Le d\u00e9veloppement d\u2019une nation se mesurant \u00e9galement \u00e0 l\u2019aune de la qualit\u00e9 de ses infrastructures routi\u00e8res, il ne fait pas de doute que le combat engag\u00e9 vaut la peine d\u2019\u00eatre men\u00e9. Mais attention \u00e0 ne pas trop tirer sur la corde\u00a0! Autant, il est du devoir de l\u2019Etat malien, de prendre ses responsabilit\u00e9s, autant ces populations d\u00e9cha\u00een\u00e9es, devraient se garder de franchir la ligne rouge au risque de fragiliser encore plus la Nation, en ce moment, \u00e0 la peine et, par ricochet, de se faire du mal \u00e0 elles-m\u00eames. Car, c\u2019est connu, l\u2019instabilit\u00e9 engendre le d\u00e9sordre, voire le chaos qui pourrait constituer un v\u00e9ritable bouillon de culture pour la vermine terroriste. Du reste, on la voit d\u00e9j\u00e0 boire son petit lait du fait de l\u2019impossibilit\u00e9, pour les v\u00e9hicules des forces de l\u2019op\u00e9ration Barkhane, de la Police des Nations unies ou encore des Casques bleus, de patrouiller dans la ville de Tombouctou. Toute chose que les manifestants pourraient payer tr\u00e8s cher\u00a0; on touche du bois.<\/p>\n<p><strong>\u00a0<\/strong><\/p>\n<p><strong><em>\u00ab\u00a0Le Pays\u00a0\u00bb<\/em><\/strong><\/p>\n<p><strong>\u00a0<\/strong><\/p>\n<p>Auteur: Le Pays<br \/>\n<a href=\"http:\/\/lepays.bf\/poursuite-du-mouvement-pour-la-rehabilitation-des-routes-au-mali\/\">Cliquez ici pour lire l&rsquo;article depuis sa source.<\/a><\/p>\n","protected":false},"excerpt":{"rendered":"<p>Effet domino du mouvement social pour la r\u00e9habilitation des routes au Mali, d\u00e9clench\u00e9 r\u00e9cemment dans le Sud-Ouest, dans la r\u00e9gion de Kayes\u00a0: cette fois-ci, c\u2019est aux populations de M\u00e9naka et de Tombouctou de donner de la voix, pour crier leur ras-le-bol du mauvais \u00e9tat de leurs routes.\u00a0 Depuis vendredi dernier, en effet,\u00a0un collectif a d\u00e9cid\u00e9 [&hellip;]<\/p>\n","protected":false},"author":1813,"featured_media":0,"comment_status":"closed","ping_status":"closed","sticky":false,"template":"","format":"standard","meta":{"fifu_image_url":"","fifu_image_alt":"","footnotes":""},"categories":[73,81],"tags":[],"class_list":["post-60870","post","type-post","status-publish","format-standard","hentry","category-actualite","category-burkina-faso"],"_links":{"self":[{"href":"https:\/\/linitiative.ca\/International\/wp-json\/wp\/v2\/posts\/60870","targetHints":{"allow":["GET"]}}],"collection":[{"href":"https:\/\/linitiative.ca\/International\/wp-json\/wp\/v2\/posts"}],"about":[{"href":"https:\/\/linitiative.ca\/International\/wp-json\/wp\/v2\/types\/post"}],"author":[{"embeddable":true,"href":"https:\/\/linitiative.ca\/International\/wp-json\/wp\/v2\/users\/1813"}],"replies":[{"embeddable":true,"href":"https:\/\/linitiative.ca\/International\/wp-json\/wp\/v2\/comments?post=60870"}],"version-history":[{"count":0,"href":"https:\/\/linitiative.ca\/International\/wp-json\/wp\/v2\/posts\/60870\/revisions"}],"wp:attachment":[{"href":"https:\/\/linitiative.ca\/International\/wp-json\/wp\/v2\/media?parent=60870"}],"wp:term":[{"taxonomy":"category","embeddable":true,"href":"https:\/\/linitiative.ca\/International\/wp-json\/wp\/v2\/categories?post=60870"},{"taxonomy":"post_tag","embeddable":true,"href":"https:\/\/linitiative.ca\/International\/wp-json\/wp\/v2\/tags?post=60870"}],"curies":[{"name":"wp","href":"https:\/\/api.w.org\/{rel}","templated":true}]}}