{"id":60871,"date":"2019-09-11T16:26:44","date_gmt":"2019-09-11T20:26:44","guid":{"rendered":"https:\/\/linitiative.ca\/International\/meurtre-dimlil-poursuite-du-proces-en-appel\/"},"modified":"2019-09-11T16:26:44","modified_gmt":"2019-09-11T20:26:44","slug":"meurtre-dimlil-poursuite-du-proces-en-appel","status":"publish","type":"post","link":"https:\/\/linitiative.ca\/International\/meurtre-dimlil-poursuite-du-proces-en-appel\/","title":{"rendered":"Meurtre d\u2019Imlil: Poursuite du proc\u00e8s en appel"},"content":{"rendered":"<div class=\"single-featured\"><img alt=\"\" data-src=\"http:\/\/www.mapmarrakech.ma\/map\/uploads\/2019\/09\/annexe-cour-dappel.jpg\"\/><\/div>\n<div class=\"single-post-excerpt post-excerpt-bc\" readability=\"37\">\n<p>Sal\u00e9- Le proc\u00e8s en appel des 24 accus\u00e9s dans le meurtre des deux touristes scandinaves dans la r\u00e9gion d\u2019Imlil dans la province d\u2019El Haouz s\u2019est poursuivi, mercredi, devant la Chambre criminelle (2-\u00e8me degr\u00e9) charg\u00e9e des affaires du terrorisme pr\u00e8s l\u2019annexe de la Cour d\u2019appel \u00e0 Sal\u00e9.<\/p>\n<\/div>\n<div class=\"entry-content clearfix single-post-content\" readability=\"59\">\n<p>Cette deuxi\u00e8me audience a \u00e9t\u00e9 consacr\u00e9e aux requ\u00eates pr\u00e9liminaires qui seront examin\u00e9es lors de la prochaine audience fix\u00e9e au 18 septembre.<\/p>\n<p>Dans une d\u00e9claration \u00e0 la MAP, Khalid Fettaoui, avocat de l\u2019une des victimes, a expliqu\u00e9 que la Cour a d\u00e9cid\u00e9, lors de cette audience publique, de reporter l\u2019examen des requ\u00eates pr\u00e9liminaires et d\u2019y statuer apr\u00e8s l\u2019audition du reste des mis en cause.<\/p>\n<p>Il a \u00e9galement affirm\u00e9 que toutes les garanties d\u2019un proc\u00e8s \u00e9quitable ont \u00e9t\u00e9 assur\u00e9es, dont le service d\u2019interpr\u00e9tariat pour les \u00e9trangers.<\/p>\n<p>En juillet dernier, la m\u00eame Cour a condamn\u00e9, en premi\u00e8re instance, les 24 individus poursuivis dans cette affaire \u00e0 des peines allant de cinq ans de prison ferme \u00e0 la peine capitale.<\/p>\n<p>Les accus\u00e9s \u00e9taient poursuivis pour \u00ab\u00a0constitution d\u2019une bande pour pr\u00e9parer et commettre des actes terroristes, atteinte \u00e0 la vie de personnes avec pr\u00e9m\u00e9ditation et possession d\u2019armes \u00e0 feu et tentative de fabrication d\u2019explosifs en violation de la loi, dans le cadre d\u2019un projet collectif visant \u00e0 porter gravement atteinte \u00e0 l\u2019ordre public\u00a0\u00bb.<\/p>\n<\/div>\n<p>Auteur: Mohammed KOURSI<br \/>\n<a href=\"http:\/\/www.mapmarrakech.ma\/fr\/meurtre-dimlil-poursuite-du-proces-en-appel\/\">Cliquez ici pour lire l&rsquo;article depuis sa source.<\/a><\/p>\n","protected":false},"excerpt":{"rendered":"<p>Sal\u00e9- Le proc\u00e8s en appel des 24 accus\u00e9s dans le meurtre des deux touristes scandinaves dans la r\u00e9gion d\u2019Imlil dans la province d\u2019El Haouz s\u2019est poursuivi, mercredi, devant la Chambre criminelle (2-\u00e8me degr\u00e9) charg\u00e9e des affaires du terrorisme pr\u00e8s l\u2019annexe de la Cour d\u2019appel \u00e0 Sal\u00e9. Cette deuxi\u00e8me audience a \u00e9t\u00e9 consacr\u00e9e aux requ\u00eates pr\u00e9liminaires [&hellip;]<\/p>\n","protected":false},"author":1788,"featured_media":60874,"comment_status":"closed","ping_status":"closed","sticky":false,"template":"","format":"standard","meta":{"fifu_image_url":"","fifu_image_alt":"","footnotes":""},"categories":[54,76],"tags":[],"class_list":["post-60871","post","type-post","status-publish","format-standard","has-post-thumbnail","hentry","category-maroc","category-regions"],"_links":{"self":[{"href":"https:\/\/linitiative.ca\/International\/wp-json\/wp\/v2\/posts\/60871","targetHints":{"allow":["GET"]}}],"collection":[{"href":"https:\/\/linitiative.ca\/International\/wp-json\/wp\/v2\/posts"}],"about":[{"href":"https:\/\/linitiative.ca\/International\/wp-json\/wp\/v2\/types\/post"}],"author":[{"embeddable":true,"href":"https:\/\/linitiative.ca\/International\/wp-json\/wp\/v2\/users\/1788"}],"replies":[{"embeddable":true,"href":"https:\/\/linitiative.ca\/International\/wp-json\/wp\/v2\/comments?post=60871"}],"version-history":[{"count":0,"href":"https:\/\/linitiative.ca\/International\/wp-json\/wp\/v2\/posts\/60871\/revisions"}],"wp:featuredmedia":[{"embeddable":true,"href":"https:\/\/linitiative.ca\/International\/wp-json\/"}],"wp:attachment":[{"href":"https:\/\/linitiative.ca\/International\/wp-json\/wp\/v2\/media?parent=60871"}],"wp:term":[{"taxonomy":"category","embeddable":true,"href":"https:\/\/linitiative.ca\/International\/wp-json\/wp\/v2\/categories?post=60871"},{"taxonomy":"post_tag","embeddable":true,"href":"https:\/\/linitiative.ca\/International\/wp-json\/wp\/v2\/tags?post=60871"}],"curies":[{"name":"wp","href":"https:\/\/api.w.org\/{rel}","templated":true}]}}