{"id":60881,"date":"2019-09-11T16:50:25","date_gmt":"2019-09-11T20:50:25","guid":{"rendered":"https:\/\/linitiative.ca\/International\/iran-trump-laisse-planer-le-doute-sur-un-allegement-des-sanctions\/"},"modified":"2019-09-11T16:50:25","modified_gmt":"2019-09-11T20:50:25","slug":"iran-trump-laisse-planer-le-doute-sur-un-allegement-des-sanctions","status":"publish","type":"post","link":"https:\/\/linitiative.ca\/International\/iran-trump-laisse-planer-le-doute-sur-un-allegement-des-sanctions\/","title":{"rendered":"Iran: Trump laisse planer le doute sur un all\u00e8gement des sanctions"},"content":{"rendered":"<div readability=\"32\">\n<p>Publi\u00e9 le 11.09.2019 \u00e0 21h50 par AFP<\/p>\n<\/div>\n<div readability=\"136\">\n<p>Tournant ou simple ballon d\u2019essai ? Le pr\u00e9sident am\u00e9ricain Donald Trump n\u2019a pas exclu mercredi un \u00e9ventuel all\u00e8gement des sanctions visant T\u00e9h\u00e9ran afin d\u2019ouvrir la voie \u00e0 une rencontre avec son homologue iranien Hassan Rohani.<\/p>\n<p>Friand de poign\u00e9es de main historiques et toujours d\u00e9sireux de s\u2019aventurer l\u00e0 o\u00f9 ses pr\u00e9d\u00e9cesseurs ne sont jamais all\u00e9s, comme en t\u00e9moignent ses sommets avec le leader nord-cor\u00e9en Kim Jong Un, le milliardaire r\u00e9publicain \u00e9voque r\u00e9guli\u00e8rement depuis d\u00e9but septembre un \u00e9change direct avec le pr\u00e9sident iranien.<\/p>\n<p>\u00ab\u00a0Tout est possible\u00a0\u00bb, d\u00e9clarait-il en d\u00e9but de semaine derni\u00e8re, interrog\u00e9 sur un \u00e9ventuel t\u00eate-\u00e0-t\u00eate \u00e0 New York, fin septembre, en marge de l\u2019Assembl\u00e9e g\u00e9n\u00e9rale de l\u2019ONU.<\/p>\n<p>Interrog\u00e9 sp\u00e9cifiquement dans le Bureau ovale sur une lev\u00e9e partielle des sanctions, condition sine qua non pos\u00e9e par T\u00e9h\u00e9ran pour envisager une rencontre au sommet, M. Trump s\u2019est montr\u00e9 particuli\u00e8rement \u00e9vasif. \u00ab\u00a0Nous verrons, nous verrons\u2026\u00a0\u00bb, s\u2019est il content\u00e9 de r\u00e9pondre.<\/p>\n<p>\u00ab\u00a0Je pense que l\u2019Iran a un \u00e9norme potentiel\u00a0\u00bb, a-t-il martel\u00e9, r\u00e9affirmant qu\u2019il ne cherchait pas \u00ab\u00a0un changement de r\u00e9gime\u00a0\u00bb. \u00ab\u00a0Nous esp\u00e9rons pouvoir aboutir \u00e0 un accord. Si ce n\u2019est pas possible, cela va aussi. Mais je pense qu\u2019ils veulent aboutir, ils n\u2019ont jamais \u00e9t\u00e9 dans une telle position, a-t-il ajout\u00e9, \u00e9voquant \u00ab\u00a0les \u00e9normes difficult\u00e9s financi\u00e8res\u00a0\u00bb de la R\u00e9publique islamique.<\/p>\n<p>Selon l\u2019agence Bloomberg, M. Trump a ouvertement \u00e9voqu\u00e9 r\u00e9cemment, lors d\u2019une r\u00e9union \u00e0 la Maison Blanche, l\u2019hypoth\u00e8se d\u2019un assouplissement des sanctions en \u00e9change d\u2019un face-\u00e0-face avec Hassan Rohani. L\u2019id\u00e9e a \u00e9t\u00e9 soutenue par le secr\u00e9taire eu Tr\u00e9sor Steven Mnuchin mais contest\u00e9e avec force par son conseiller \u00e0 la s\u00e9curit\u00e9 nationale John Bolton.<\/p>\n<p>Le d\u00e9part spectaculaire de ce dernier, mardi, pourrait \u00e0 cet \u00e9gard contribuer \u00e0 favoriser une rencontre longtemps impensable.<\/p>\n<p>\u00ab\u00a0L\u2019id\u00e9e selon laquelle l\u2019Iran recevrait des b\u00e9n\u00e9fices \u00e9conomiques tangibles seulement pour cesser de faire ce qu\u2019il n\u2019aurait jamais d\u00fb faire, c\u2019est exclu\u00a0\u00bb, affirmait-il fin ao\u00fbt. Sa voix, d\u00e9sormais, ne compte plus dans la \u00ab\u00a0West Wing\u00a0\u00bb.<\/p>\n<p>Les tensions entre les Etats-Unis et l\u2019Iran sont exacerb\u00e9es depuis le retrait de Washington en 2018 de l\u2019accord international sign\u00e9 trois ans auparavant. Le texte, qui visait \u00e0 emp\u00eacher l\u2019Iran de se doter de l\u2019arme nucl\u00e9aire, \u00e9tait jug\u00e9 trop laxiste par M. Trump.<\/p>\n<p>\u2013 \u00ab\u00a0Terrorisme \u00e9conomique\u00a0\u00bb \u2013<\/p>\n<p>Au-del\u00e0 de l\u2019expression tr\u00e8s g\u00e9n\u00e9rique de \u00ab\u00a0campagne de pression maximale\u00a0\u00bb, le locataire de la Maison Blanche semble d\u00e9sireux de faire bouger les lignes. Mais d\u2019innombrables questions demeurent.<\/p>\n<p>Hassan Rohani est-il pr\u00eat \u00e0 une poign\u00e9e de main qui l\u2019exposerait aux critiques de l\u2019aile dure du r\u00e9gime ? Quel serait le format d\u2019une hypoth\u00e9tique rencontre ? Quel pourrait \u00eatre le r\u00f4le du pr\u00e9sident fran\u00e7ais Emmanuel Macron qui a port\u00e9 cette id\u00e9e lors du G7 de Biarritz ?<\/p>\n<p>Apr\u00e8s la pr\u00e9sentation de l\u2019initiative fran\u00e7aise visant \u00e0 permettre une ouverture apr\u00e8s des mois d\u2019escalade, M. Rohani avait appel\u00e9 les Etats-Unis \u00e0 \u00ab\u00a0faire le premier pas\u00a0\u00bb.<\/p>\n<p>Par la voix de son repr\u00e9sentant \u00e0 l\u2019ONU, l\u2019Iran a une nouvelle fois rejet\u00e9 mercredi l\u2019id\u00e9e d\u2019une rencontre entre les deux dirigeants des pays ennemis sans une lev\u00e9e des sanctions.<\/p>\n<p>\u00ab\u00a0Tant que le terrorisme \u00e9conomique du gouvernement am\u00e9ricain et les cruelles sanctions sont impos\u00e9s au peuple iranien, il n\u2019y a pas de place pour des n\u00e9gociations\u00a0\u00bb, a affirm\u00e9 Majid Takht-Ravanchi.<\/p>\n<p>Les r\u00e9cents propos de M. Trump marquent une inflexion par rapport \u00e0 la position intransigeante de plusieurs membres de son \u00e9quipe, r\u00e9affirm\u00e9e apr\u00e8s l\u2019annonce d\u2019une proposition de m\u00e9diation fran\u00e7aise.<\/p>\n<p>Pr\u00e8s de 40 ans apr\u00e8s la rupture des relations diplomatiques entre les deux pays dans la foul\u00e9e de la R\u00e9volution islamique et de la prise d\u2019otages \u00e0 l\u2019ambassade am\u00e9ricaine \u00e0 T\u00e9h\u00e9ran, le milliardaire r\u00e9publicain semble v\u00e9ritablement tent\u00e9 par l\u2019id\u00e9e d\u2019organiser une rencontre au plus haut niveau.<\/p>\n<p>Ce faisant, il irait plus loin que son pr\u00e9d\u00e9cesseur d\u00e9mocrate Barack Obama qui, en septembre 2013, avait franchi un cap longtemps inimaginable: une conversation t\u00e9l\u00e9phonique avec Hassan Rohani.<\/p>\n<\/div>\n<p>Auteur: AFP<br \/>\n<a href=\"https:\/\/www.journalducameroun.com\/iran-trump-laisse-planer-le-doute-sur-un-allegement-des-sanctions\/\">Cliquez ici pour lire l&rsquo;article depuis sa source.<\/a><\/p>\n","protected":false},"excerpt":{"rendered":"<p>Publi\u00e9 le 11.09.2019 \u00e0 21h50 par AFP Tournant ou simple ballon d\u2019essai ? Le pr\u00e9sident am\u00e9ricain Donald Trump n\u2019a pas exclu mercredi un \u00e9ventuel all\u00e8gement des sanctions visant T\u00e9h\u00e9ran afin d\u2019ouvrir la voie \u00e0 une rencontre avec son homologue iranien Hassan Rohani. Friand de poign\u00e9es de main historiques et toujours d\u00e9sireux de s\u2019aventurer l\u00e0 o\u00f9 [&hellip;]<\/p>\n","protected":false},"author":1965,"featured_media":0,"comment_status":"closed","ping_status":"closed","sticky":false,"template":"","format":"standard","meta":{"fifu_image_url":"","fifu_image_alt":"","footnotes":""},"categories":[73,82],"tags":[],"class_list":["post-60881","post","type-post","status-publish","format-standard","hentry","category-actualite","category-cameroun"],"_links":{"self":[{"href":"https:\/\/linitiative.ca\/International\/wp-json\/wp\/v2\/posts\/60881","targetHints":{"allow":["GET"]}}],"collection":[{"href":"https:\/\/linitiative.ca\/International\/wp-json\/wp\/v2\/posts"}],"about":[{"href":"https:\/\/linitiative.ca\/International\/wp-json\/wp\/v2\/types\/post"}],"author":[{"embeddable":true,"href":"https:\/\/linitiative.ca\/International\/wp-json\/wp\/v2\/users\/1965"}],"replies":[{"embeddable":true,"href":"https:\/\/linitiative.ca\/International\/wp-json\/wp\/v2\/comments?post=60881"}],"version-history":[{"count":0,"href":"https:\/\/linitiative.ca\/International\/wp-json\/wp\/v2\/posts\/60881\/revisions"}],"wp:attachment":[{"href":"https:\/\/linitiative.ca\/International\/wp-json\/wp\/v2\/media?parent=60881"}],"wp:term":[{"taxonomy":"category","embeddable":true,"href":"https:\/\/linitiative.ca\/International\/wp-json\/wp\/v2\/categories?post=60881"},{"taxonomy":"post_tag","embeddable":true,"href":"https:\/\/linitiative.ca\/International\/wp-json\/wp\/v2\/tags?post=60881"}],"curies":[{"name":"wp","href":"https:\/\/api.w.org\/{rel}","templated":true}]}}