{"id":60893,"date":"2019-09-12T07:45:44","date_gmt":"2019-09-12T11:45:44","guid":{"rendered":"https:\/\/linitiative.ca\/International\/universite-dete-de-la-cgem-pres-de-100-intervenants-pour-la-seconde-edition\/"},"modified":"2019-09-12T07:45:44","modified_gmt":"2019-09-12T11:45:44","slug":"universite-dete-de-la-cgem-pres-de-100-intervenants-pour-la-seconde-edition","status":"publish","type":"post","link":"https:\/\/linitiative.ca\/International\/universite-dete-de-la-cgem-pres-de-100-intervenants-pour-la-seconde-edition\/","title":{"rendered":"Universit\u00e9 d\u2019\u00e9t\u00e9 de la CGEM : Pr\u00e8s de 100 intervenants pour la seconde \u00e9dition"},"content":{"rendered":"<p><img decoding=\"async\" class=\"post_layout_5_img\" src=\"http:\/\/aujourdhui.ma\/wp-content\/uploads\/2019\/07\/Mezouar-CGEM.jpg?x29840\" alt=\"Universit\u00e9 d\u2019\u00e9t\u00e9 de la CGEM : Pr\u00e8s de 100 intervenants pour la seconde \u00e9dition\"\/><\/p>\n<p>La seconde \u00e9dition de l\u2019Universit\u00e9 d\u2019\u00e9t\u00e9 organis\u00e9e par la CGEM ces 13 et 14 septembre \u00e0 l\u2019ISCAE Casablanca promet d\u2019\u00eatre riche en d\u00e9bats et en analyses.<span id=\"more-317948\"\/> Pr\u00e8s de 100 intervenants ont \u00e9t\u00e9 sollicit\u00e9s pour confronter leurs visions autour du r\u00f4le de l\u2019entrepreneuriat dans le mod\u00e8le de d\u00e9veloppement du Maroc.<\/p>\n<p>Les organisateurs attendent plusieurs personnalit\u00e9s politiques et \u00e9conomiques internationales pour cette nouvelle \u00e9dition o\u00f9 plus de 2.000 entrepreneurs, universitaires et \u00e9tudiants ont r\u00e9pondu pr\u00e9sent. \u00abParmi les intervenants ayant confirm\u00e9 leur pr\u00e9sence, citons Lionel Zinsou, ancien Premier ministre du B\u00e9nin, Aminata Tour\u00e9, ancienne Premi\u00e8re ministre du S\u00e9n\u00e9gal et actuelle pr\u00e9sidente du Conseil \u00e9conomique, social et environnemental (CESE) s\u00e9n\u00e9galais, Jean- Louis Borloo, ancien ministre d\u2019\u00c9tat fran\u00e7ais, Paulo Portas, ancien vice-Premier ministre du Portugal, Michal Kurtika, pr\u00e9sident de la COP24, Guillaume Dard, pr\u00e9sident-directeur g\u00e9n\u00e9ral de Montpensier Finances, Patrice Fonladossa, pr\u00e9sident du Comit\u00e9 Afrique du MEDEF, Cameron Sinclair, pr\u00e9sident-directeur g\u00e9n\u00e9ral d\u2019Archi Network-Armory of Harmony, et Karim Sy, pr\u00e9sident de Digital Africa Initiative\u00bb, promettent les organisateurs. Et c\u2019est l\u2019ancien pr\u00e9sident de la R\u00e9publique fran\u00e7aise Nicolas Sarkozy qui sera l\u2019invit\u00e9 d\u2019honneur de la c\u00e9r\u00e9monie inaugurale de cette \u00e9dition. A l\u2019occasion, le politicien qui n\u2019est plus \u00e0 pr\u00e9senter dans ses positions \u00e9changera avec les entrepreneurs de la CGEM dans le cadre d\u2019une pl\u00e9ni\u00e8re intitul\u00e9e \u00abLe monde \u00e9volue et vite! Quelle \u00e9conomie pour demain?\u00bb. Parmi les institutionnels, l\u2019Universit\u00e9 d\u2019\u00e9t\u00e9 de la CGEM sera marqu\u00e9e, par ailleurs, par la pr\u00e9sence du chef de gouvernement, Sa\u00e2d Dine Otmani, Mohamed Bench\u00e2aboun, ministre de l\u2019\u00e9conomie et des finances, Abdelouafi Laftit, ministre de l\u2019int\u00e9rieur, Moulay Hafid Elalamy, ministre de l\u2019industrie, de l\u2019investissement, du commerce et de l\u2019\u00e9conomie num\u00e9rique, Said Amzazi, ministre de l\u2019\u00e9ducation nationale, de la formation professionnelle, de l\u2019enseignement sup\u00e9rieur et de la recherche scientifique, Ahmed Reda Chami, pr\u00e9sident du Conseil \u00e9conomique, social et environnemental (CESE), Driss Guerraoui, pr\u00e9sident du Conseil de la concurrence, et Dounia Taarji, pr\u00e9sidente du directoire du Fonds Hassan II pour le d\u00e9veloppement \u00e9conomique et social.<\/p>\n<p>Le programme promet des \u00e9changes riches ; ceci pour proposer quelques id\u00e9es concr\u00e8tes en faveur du d\u00e9veloppement de la comp\u00e9titivit\u00e9 des entreprises, notamment en mati\u00e8re de start-up et de PME. Le ton des actions de la rentr\u00e9e est donn\u00e9 \u00e0 travers cet \u00e9v\u00e9nement phare de la Conf\u00e9d\u00e9ration g\u00e9n\u00e9rale des entreprises du Maroc qui est fortement attendue pour redynamiser le monde des affaires sur fond d\u2019ambiance de croissance \u00e9conomique h\u00e9sitante\u2026 L\u2019exercice ne sera pas simple mais il en vaut la chandelle.<\/p>\n<p>Auteur: ALM<br \/>\n<a href=\"http:\/\/aujourdhui.ma\/actualite\/universite-dete-de-la-cgem-pres-de-100-intervenants-pour-la-seconde-edition\">Cliquez ici pour lire l&rsquo;article depuis sa source.<\/a><\/p>\n","protected":false},"excerpt":{"rendered":"<p>La seconde \u00e9dition de l\u2019Universit\u00e9 d\u2019\u00e9t\u00e9 organis\u00e9e par la CGEM ces 13 et 14 septembre \u00e0 l\u2019ISCAE Casablanca promet d\u2019\u00eatre riche en d\u00e9bats et en analyses. Pr\u00e8s de 100 intervenants ont \u00e9t\u00e9 sollicit\u00e9s pour confronter leurs visions autour du r\u00f4le de l\u2019entrepreneuriat dans le mod\u00e8le de d\u00e9veloppement du Maroc. Les organisateurs attendent plusieurs personnalit\u00e9s politiques [&hellip;]<\/p>\n","protected":false},"author":1759,"featured_media":0,"comment_status":"closed","ping_status":"closed","sticky":false,"template":"","format":"standard","meta":{"fifu_image_url":"","fifu_image_alt":"","footnotes":""},"categories":[73,54],"tags":[],"class_list":["post-60893","post","type-post","status-publish","format-standard","hentry","category-actualite","category-maroc"],"_links":{"self":[{"href":"https:\/\/linitiative.ca\/International\/wp-json\/wp\/v2\/posts\/60893","targetHints":{"allow":["GET"]}}],"collection":[{"href":"https:\/\/linitiative.ca\/International\/wp-json\/wp\/v2\/posts"}],"about":[{"href":"https:\/\/linitiative.ca\/International\/wp-json\/wp\/v2\/types\/post"}],"author":[{"embeddable":true,"href":"https:\/\/linitiative.ca\/International\/wp-json\/wp\/v2\/users\/1759"}],"replies":[{"embeddable":true,"href":"https:\/\/linitiative.ca\/International\/wp-json\/wp\/v2\/comments?post=60893"}],"version-history":[{"count":0,"href":"https:\/\/linitiative.ca\/International\/wp-json\/wp\/v2\/posts\/60893\/revisions"}],"wp:attachment":[{"href":"https:\/\/linitiative.ca\/International\/wp-json\/wp\/v2\/media?parent=60893"}],"wp:term":[{"taxonomy":"category","embeddable":true,"href":"https:\/\/linitiative.ca\/International\/wp-json\/wp\/v2\/categories?post=60893"},{"taxonomy":"post_tag","embeddable":true,"href":"https:\/\/linitiative.ca\/International\/wp-json\/wp\/v2\/tags?post=60893"}],"curies":[{"name":"wp","href":"https:\/\/api.w.org\/{rel}","templated":true}]}}