{"id":60894,"date":"2019-09-12T07:55:17","date_gmt":"2019-09-12T11:55:17","guid":{"rendered":"https:\/\/linitiative.ca\/International\/le-musee-mohammed-vi-de-rabat-celebre-eugene-delacroix-en-2020\/"},"modified":"2019-09-12T07:55:17","modified_gmt":"2019-09-12T11:55:17","slug":"le-musee-mohammed-vi-de-rabat-celebre-eugene-delacroix-en-2020","status":"publish","type":"post","link":"https:\/\/linitiative.ca\/International\/le-musee-mohammed-vi-de-rabat-celebre-eugene-delacroix-en-2020\/","title":{"rendered":"Le Mus\u00e9e Mohammed VI de Rabat c\u00e9l\u00e8bre Eug\u00e8ne Delacroix en 2020"},"content":{"rendered":"<p><img decoding=\"async\" class=\"post_layout_5_img\" src=\"http:\/\/aujourdhui.ma\/wp-content\/uploads\/2019\/09\/eugene_delacroix_le_sultan_moulay_abd-er-rahman_088.jpg?x29840\" alt=\"Le Mus\u00e9e Mohammed VI de Rabat c\u00e9l\u00e8bre Eug\u00e8ne Delacroix en 2020\"\/><\/p>\n<p>La rentr\u00e9e artistique s\u2019annonce exceptionnelle. Elle sera marqu\u00e9e par l\u2019organisation d\u2019importantes expositions de c\u00e9l\u00e8bres artistes peintres-fran\u00e7ais.<span id=\"more-317952\"\/> C\u2019est ce qu\u2019a annonc\u00e9 Mehdi Qotbi, pr\u00e9sident de la Fondation nationale des mus\u00e9es du Maroc, qui a fait plusieurs visites et a eu des rencontres avec les responsables des mus\u00e9es cette semaine, \u00e0 Paris. En effet, le programme de la rentr\u00e9e comprend en premier lieu une exposition in\u00e9dite sur le c\u00e9l\u00e8bre peintre Eug\u00e8ne Delacroix. Celle-ci sera pr\u00e9sent\u00e9e fin mars prochain au Mus\u00e9e Mohammed VI d\u2019art moderne et contemporain (MMVI) \u00e0 Rabat. Elle sera la premi\u00e8re r\u00e9trospective sur le peintre fran\u00e7ais pr\u00e9sent\u00e9e dans le monde arabe et en Afrique et sera con\u00e7ue sp\u00e9cialement pour le Maroc, pays o\u00f9 l\u2019artiste a s\u00e9journ\u00e9 pendant six mois en 1832 et qui a inspir\u00e9 son \u0153uvre pendant toute sa vie. D\u2019ailleurs, l\u2019Acad\u00e9mie du Royaume propose un colloque du 11 au 13 septembre en pr\u00e9vision de cette exposition, pour tenter de comprendre l\u2019influence de la peinture de Delacroix sur les artistes marocains. Outre cette exposition, le MMVI pourrait accueillir lors de la nouvelle rentr\u00e9e l\u2019\u0153uvre de Pierre Soulages, reconnu comme un des plus grands peintres des 20\u00e8me et 21\u00e8me si\u00e8cles. Un hommage lui sera rendu de son vivant au Louvre.<\/p>\n<p>\u00abJe suis en discussions extr\u00eamement avanc\u00e9es (avec les responsables du mus\u00e9e Soulages de Rodez, ndlr), pour que Pierre Soulages puisse venir exposer au Maroc et pour que l\u2019on puisse f\u00eater aussi son centenaire\u00bb, pr\u00e9cise M. Qotbi. Pour rappel, la nouvelle saison artistique sera fort marqu\u00e9e par la premi\u00e8re \u00e9dition de la Biennale de Rabat pr\u00e9vue du 24 septembre au 18 d\u00e9cembre 2019. Baptis\u00e9e \u00abUn instant avant le monde\u00bb, la manifestation investira plusieurs hauts lieux culturels. Port\u00e9 par des femmes et des hommes engag\u00e9s, il est compos\u00e9 d\u2019une exposition internationale et d\u2019un triptyque de cartes blanches. A cela s\u2019ajoutent, tout au long de la manifestation, un programme de performances, une programmation culturelle ainsi que l\u2019art urbain et de programmations associ\u00e9es. De plus, l\u2019exposition internationale, d\u00e9di\u00e9e aux artistes femmes, est r\u00e9partie dans plusieurs lieux culturels de la ville de Rabat. Elle r\u00e9unit 63 artistes et collectifs d\u2019artistes, issus de 27 nationalit\u00e9s diff\u00e9rentes et de nombreuses disciplines. Parmi celles-ci, des plasticiennes et peintres telles que Mona Hatoum, Etel Adnan, Marcia Kure, Ghada Amer, Zoulikha Bouabdellah, Amina Benbouchta et Candice Breitz, de sculptrices (Sara Favriau, Ikram Kabbaj), des cin\u00e9astes et vid\u00e9astes (Tala Hadid, Habiba Djahnine\u2026), des chor\u00e9graphes, metteuses en sc\u00e8ne et performeuses (Bouchra Ouizguen, S\u00e9verine Chavrier\u2026), des photographes (Deborah Benzaquen, Mouna Jemal Siala ) et des artistes digitales (Naziha Mestaoui), mais aussi des architectes (Black Square, Manthey Kula, Zaha Hadid, Maria Mallo\u2026).<\/p>\n<p>Auteur: Siham Jadraoui<br \/>\n<a href=\"http:\/\/aujourdhui.ma\/culture\/le-musee-mohammed-vi-de-rabat-celebre-eugene-delacroix-en-2020\">Cliquez ici pour lire l&rsquo;article depuis sa source.<\/a><\/p>\n","protected":false},"excerpt":{"rendered":"<p>La rentr\u00e9e artistique s\u2019annonce exceptionnelle. Elle sera marqu\u00e9e par l\u2019organisation d\u2019importantes expositions de c\u00e9l\u00e8bres artistes peintres-fran\u00e7ais. C\u2019est ce qu\u2019a annonc\u00e9 Mehdi Qotbi, pr\u00e9sident de la Fondation nationale des mus\u00e9es du Maroc, qui a fait plusieurs visites et a eu des rencontres avec les responsables des mus\u00e9es cette semaine, \u00e0 Paris. En effet, le programme de [&hellip;]<\/p>\n","protected":false},"author":1759,"featured_media":0,"comment_status":"closed","ping_status":"closed","sticky":false,"template":"","format":"standard","meta":{"fifu_image_url":"","fifu_image_alt":"","footnotes":""},"categories":[73,54],"tags":[],"class_list":["post-60894","post","type-post","status-publish","format-standard","hentry","category-actualite","category-maroc"],"_links":{"self":[{"href":"https:\/\/linitiative.ca\/International\/wp-json\/wp\/v2\/posts\/60894","targetHints":{"allow":["GET"]}}],"collection":[{"href":"https:\/\/linitiative.ca\/International\/wp-json\/wp\/v2\/posts"}],"about":[{"href":"https:\/\/linitiative.ca\/International\/wp-json\/wp\/v2\/types\/post"}],"author":[{"embeddable":true,"href":"https:\/\/linitiative.ca\/International\/wp-json\/wp\/v2\/users\/1759"}],"replies":[{"embeddable":true,"href":"https:\/\/linitiative.ca\/International\/wp-json\/wp\/v2\/comments?post=60894"}],"version-history":[{"count":0,"href":"https:\/\/linitiative.ca\/International\/wp-json\/wp\/v2\/posts\/60894\/revisions"}],"wp:attachment":[{"href":"https:\/\/linitiative.ca\/International\/wp-json\/wp\/v2\/media?parent=60894"}],"wp:term":[{"taxonomy":"category","embeddable":true,"href":"https:\/\/linitiative.ca\/International\/wp-json\/wp\/v2\/categories?post=60894"},{"taxonomy":"post_tag","embeddable":true,"href":"https:\/\/linitiative.ca\/International\/wp-json\/wp\/v2\/tags?post=60894"}],"curies":[{"name":"wp","href":"https:\/\/api.w.org\/{rel}","templated":true}]}}