{"id":60895,"date":"2019-09-12T08:02:15","date_gmt":"2019-09-12T12:02:15","guid":{"rendered":"https:\/\/linitiative.ca\/International\/stephane-boko-la-danse-est-un-art-liberatoire-qui-nest-pas-associe-a-un-genre\/"},"modified":"2019-09-12T08:02:15","modified_gmt":"2019-09-12T12:02:15","slug":"stephane-boko-la-danse-est-un-art-liberatoire-qui-nest-pas-associe-a-un-genre","status":"publish","type":"post","link":"https:\/\/linitiative.ca\/International\/stephane-boko-la-danse-est-un-art-liberatoire-qui-nest-pas-associe-a-un-genre\/","title":{"rendered":"St\u00e9phane Boko : \u00abLa danse est un art lib\u00e9ratoire qui n\u2019est pas associ\u00e9 \u00e0 un genre\u00bb"},"content":{"rendered":"<p><img decoding=\"async\" class=\"post_layout_5_img\" src=\"http:\/\/aujourdhui.ma\/wp-content\/uploads\/2019\/09\/Stephane-Boko.jpg?x29840\" alt=\"St\u00e9phane Boko : \u00abLa danse est un art lib\u00e9ratoire qui n\u2019est pas associ\u00e9 \u00e0 un genre\u00bb\"\/><\/p>\n<p><strong>ALM : Vous pr\u00e9sentez ce jeudi une chor\u00e9graphie \u00e0 Casablanca. Pourriez-vous nous en donner un avant-go\u00fbt ?<\/strong><span id=\"more-317955\"\/><\/p>\n<p><strong>St\u00e9phane Boko :<\/strong> Il s\u2019agit d\u2019une chor\u00e9graphie pr\u00e9vue pour un \u00e9v\u00e9nement organis\u00e9 par AnfaPlace Mall. Elle a \u00e9t\u00e9 r\u00e9fl\u00e9chie et compos\u00e9e sur la base de la nouvelle identit\u00e9 visuelle du centre commercial. En effet, nous nous sommes bas\u00e9s sur le nouveau logo d\u2019AnfaPlace Mall qui est compos\u00e9 de 4 couleurs en r\u00e9f\u00e9rence aux sp\u00e9cificit\u00e9s uniques du lieu de la nature. A savoir le rouge pour le nouveau d\u00e9cor, le vert pour les espaces verts, le jaune pour le soleil et le bleu pour l\u2019oc\u00e9an. A partir de ces \u00e9l\u00e9ments, j\u2019ai cr\u00e9\u00e9 un univers de diversit\u00e9 o\u00f9 se m\u00e9langent la danse et les arts du cirque. Nous allons proposer un plateau artistique unique avec des artistes internationaux et des talents locaux venant d\u2019Espagne. Il y aura, entre autres, la danseuse de flamenco Claudia Cruz, l\u2019incroyable acrobate Mathieu Bolillo qui \u00e9volue sur la sc\u00e8ne \u00e0 Las Vegas sans oublier Bertol qui va sans aucun doute \u00e9tonner le public avec sa performance sur les \u00e9chasses. L\u2019\u00e9quipe d\u2019AnfaPlace souhaitait absolument mettre en valeur des artistes locaux et j\u2019ai eu la chance de croiser la route de fantastiques danseurs de la troupe Wajdi Gagui. Et puis, quel bonheur de pouvoir travailler avec Amine Messaouidi, originaire de Casablanca et qui est apparu aux c\u00f4t\u00e9s de Madonna dans sa vid\u00e9o Medellin. Au total, cela va \u00eatre 30 minutes de show sur mesure intense qui va d\u00e9marrer \u00e0 18h00.<\/p>\n<p><strong>Outre ce spectacle, vous organisez actuellement un concours de danse \u00e0 Marrakech. Existe-t-il un rapport entre les deux \u00e9v\u00e9nements ?<\/strong><br \/>A vrai dire, il n\u2019y a pas de lien entre l\u2019\u00e9v\u00e9nement du 12 septembre et la manifestation \u00e0 Marrakech mis \u00e0 part la m\u00e9thodologie et la r\u00e9flexion pour cr\u00e9er une histoire autour d\u2019une chor\u00e9graphie. L\u2019avantage de ces deux \u00e9v\u00e9nements est que cela me permet d\u2019entrer en contact avec les artistes locaux et de pouvoir collaborer avec eux.<\/p>\n<p><strong>D\u2019o\u00f9 tenez-vous votre passion pour la chor\u00e9graphie? Vos origines africaines ou europ\u00e9ennes?<\/strong><br \/>La danse a toujours fait partie int\u00e9grante de ma vie. Durant mon enfance, j\u2019ai rapidement baign\u00e9 dans la musique plus pr\u00e9cis\u00e9ment la musique classique. J\u2019ai toujours \u00e9t\u00e9 fascin\u00e9 par les orchestres philharmoniques et plus particuli\u00e8rement le chef d\u2019orchestre. D\u2019autre part, mes influences africaines (mon p\u00e8re est originaire du B\u00e9nin) et europ\u00e9ennes (ma m\u00e8re est originaire d\u2019Italie) m\u2019ont permis d\u2019avoir beaucoup d\u2019inspirations.<\/p>\n<p><strong>Que r\u00e9pondez-vous \u00e0 ceux qui estiment que la danse est exclusivement une discipline f\u00e9minine?<\/strong><br \/>La danse n\u2019est pas associ\u00e9e \u00e0 un genre. C\u2019est un art universel et lib\u00e9ratoire. En effet, la danse permet de trouver une libert\u00e9 mentale.<\/p>\n<p><strong>Quel regard portez-vous sur la chor\u00e9graphie au Maroc ?<\/strong><br \/>Le Maroc poss\u00e8de une richesse impressionnante au niveau de l\u2019art. En ce qui concerne la danse, je pense qu\u2019il y a beaucoup de potentiel \u00e0 exploiter car elle reste une magnifique forme d\u2019\u00e9change et d\u2019expressions.<\/p>\n<p>Auteur: Salima Guisser<br \/>\n<a href=\"http:\/\/aujourdhui.ma\/culture\/stephane-boko-la-danse-est-un-art-liberatoire-qui-nest-pas-associe-a-un-genre\">Cliquez ici pour lire l&rsquo;article depuis sa source.<\/a><\/p>\n","protected":false},"excerpt":{"rendered":"<p>ALM : Vous pr\u00e9sentez ce jeudi une chor\u00e9graphie \u00e0 Casablanca. Pourriez-vous nous en donner un avant-go\u00fbt ? St\u00e9phane Boko : Il s\u2019agit d\u2019une chor\u00e9graphie pr\u00e9vue pour un \u00e9v\u00e9nement organis\u00e9 par AnfaPlace Mall. Elle a \u00e9t\u00e9 r\u00e9fl\u00e9chie et compos\u00e9e sur la base de la nouvelle identit\u00e9 visuelle du centre commercial. En effet, nous nous sommes bas\u00e9s [&hellip;]<\/p>\n","protected":false},"author":1759,"featured_media":0,"comment_status":"closed","ping_status":"closed","sticky":false,"template":"","format":"standard","meta":{"fifu_image_url":"","fifu_image_alt":"","footnotes":""},"categories":[73,54],"tags":[],"class_list":["post-60895","post","type-post","status-publish","format-standard","hentry","category-actualite","category-maroc"],"_links":{"self":[{"href":"https:\/\/linitiative.ca\/International\/wp-json\/wp\/v2\/posts\/60895","targetHints":{"allow":["GET"]}}],"collection":[{"href":"https:\/\/linitiative.ca\/International\/wp-json\/wp\/v2\/posts"}],"about":[{"href":"https:\/\/linitiative.ca\/International\/wp-json\/wp\/v2\/types\/post"}],"author":[{"embeddable":true,"href":"https:\/\/linitiative.ca\/International\/wp-json\/wp\/v2\/users\/1759"}],"replies":[{"embeddable":true,"href":"https:\/\/linitiative.ca\/International\/wp-json\/wp\/v2\/comments?post=60895"}],"version-history":[{"count":0,"href":"https:\/\/linitiative.ca\/International\/wp-json\/wp\/v2\/posts\/60895\/revisions"}],"wp:attachment":[{"href":"https:\/\/linitiative.ca\/International\/wp-json\/wp\/v2\/media?parent=60895"}],"wp:term":[{"taxonomy":"category","embeddable":true,"href":"https:\/\/linitiative.ca\/International\/wp-json\/wp\/v2\/categories?post=60895"},{"taxonomy":"post_tag","embeddable":true,"href":"https:\/\/linitiative.ca\/International\/wp-json\/wp\/v2\/tags?post=60895"}],"curies":[{"name":"wp","href":"https:\/\/api.w.org\/{rel}","templated":true}]}}