{"id":60898,"date":"2019-09-12T07:34:41","date_gmt":"2019-09-12T11:34:41","guid":{"rendered":"https:\/\/linitiative.ca\/International\/42eme-session-du-conseil-des-droits-de-lhomme-a-geneve\/"},"modified":"2019-09-12T07:34:41","modified_gmt":"2019-09-12T11:34:41","slug":"42eme-session-du-conseil-des-droits-de-lhomme-a-geneve","status":"publish","type":"post","link":"https:\/\/linitiative.ca\/International\/42eme-session-du-conseil-des-droits-de-lhomme-a-geneve\/","title":{"rendered":"42\u00e8me session du Conseil des Droits de l\u2019Homme \u00e0 Gen\u00e8ve"},"content":{"rendered":"<p class=\"c3\"><span class=\"c2\"><strong><em>Le Groupe de soutien \u00e0 l\u2019int\u00e9grit\u00e9 territoriale du Maroc met en avant la pertinence de l\u2019initiative d\u2019autonomie<\/em><\/strong><\/span><\/p>\n<p class=\"c5\"><span class=\"c4\"><strong><span class=\"c2\">U<\/span><\/strong>n groupe de 23 \u00c9tats soutenant l\u2019int\u00e9grit\u00e9 territoriale du Maroc a mis en avant, mardi, lors de la 42\u00e8me session du Conseil des Droits de l\u2019Homme \u00e0 Gen\u00e8ve, la pertinence de l\u2019initiative d\u2019autonomie propos\u00e9e par le Royaume en vue de clore d\u00e9finitivement le conflit artificiel autour du Sahara marocain.<\/span><\/p>\n<p class=\"c5\">Dans une d\u00e9claration prononc\u00e9e par l\u2019ambassadeur repr\u00e9sentant permanent du Maroc \u00e0 Gen\u00e8ve, Omar Zniber, le groupe souligne que l\u2019initiative d\u2019autonomie pour le Sahara marocain a \u00e9t\u00e9 reconnue par le Conseil de S\u00e9curit\u00e9 comme base s\u00e9rieuse et cr\u00e9dible pour r\u00e9soudre de mani\u00e8re d\u00e9finitive ce diff\u00e9rend r\u00e9gional, relevant que \u201cla r\u00e9solution de ce diff\u00e9rend politique contribuera \u00e0 la concr\u00e9tisation des aspirations l\u00e9gitimes des peuples africains et arabes en mati\u00e8re d\u2019int\u00e9gration et de d\u00e9veloppement, objectif auquel le Maroc est fortement attach\u00e9\u201d.<\/p>\n<p class=\"c5\">\u201cLe Conseil de s\u00e9curit\u00e9 s\u2019est \u00e9galement f\u00e9licit\u00e9, rappelle le Groupe, des initiatives prises par le Maroc pour la promotion des droits de l\u2019homme au Sahara, tout en r\u00e9it\u00e9rant sa demande d\u2019enregistrement des populations dans les camps de Tindouf\u201d.<\/p>\n<p class=\"c5\">Les pays signataires de cette d\u00e9claration font remarquer, en outre, que le Maroc s\u2019est engag\u00e9 dans une interaction constructive, volontaire et profonde avec le syst\u00e8me des droits de l\u2019Homme des Nations Unies, en particulier le bureau de la Haute Commissaire aux Droits de l\u2019Homme (HCDH) et les proc\u00e9dures sp\u00e9ciales.<\/p>\n<p class=\"c5\">Dans ce contexte, 12 proc\u00e9dures sp\u00e9ciales ont effectu\u00e9 des visites au Maroc, notamment dans les villes du Sahara, en l\u2019occurrence Laayoune et Dakhla, o\u00f9 elles ont eu un acc\u00e8s libre et sans restriction \u00e0 tous les acteurs, en particulier aux repr\u00e9sentants de la soci\u00e9t\u00e9 civile locale, fait remarquer la m\u00eame source.<\/p>\n<p class=\"c5\">\u201cC\u2019est \u00e9galement dans ce contexte que le Maroc a accueilli une mission technique du HCDH, \u00e0 l\u2019invitation du Gouvernement du Royaume du Maroc, visant \u00e0 renforcer la capacit\u00e9 d\u2019action des institutions internationales\u201d, rappelle le Groupe.<\/p>\n<p class=\"c5\">La question du Sahara, poursuit la m\u00eame source, est un diff\u00e9rend politique trait\u00e9e \u00e0 New York o\u00f9 le Conseil de s\u00e9curit\u00e9 d\u00e9ploie des efforts en vue d\u2019une solution politique n\u00e9goci\u00e9e qui soit mutuellement acceptable.<\/p>\n<p class=\"c5\">Les Etats membres du groupe appuyant l\u2019int\u00e9grit\u00e9 territoriale du Royaume font observer, par ailleurs, que \u201cl\u2019interaction des \u00c9tats membres avec le Conseil et la Haute Commissaire doit conserver son caract\u00e8re bilat\u00e9ral et \u00eatre pr\u00e9serv\u00e9e de toute instrumentalisation, car elle engendrerait des d\u00e9bats politiques contreproductifs au sein du Conseil des droits de l\u2019Homme\u201d.<\/p>\n<p class=\"c5\">Outre le Maroc, la d\u00e9claration est soutenue par l\u2019Arabie Saoudite, les \u00c9mirats arabes unis, le Qatar, le Bahre\u00efn, le Kowe\u00eft, le Sultanat d\u2019Oman, la Jordanie, les Comores, la R\u00e9publique d\u00e9mocratique du Congo, le Gabon, le Burkina Faso, le Burundi, Djibouti, le S\u00e9n\u00e9gal, la R\u00e9publique centrafricaine, la Guin\u00e9e, la C\u00f4te d\u2019Ivoire, Sao Tom\u00e9-et-Principe, le Paraguay, le Guatemala, la Sainte-Lucie, et le Salvador.<\/p>\n<p>Auteur: M&rsquo;hammed rahal<br \/>\n<a href=\"http:\/\/albayane.press.ma\/42eme-session-du-conseil-des-droits-de-lhomme-a-geneve.html\">Cliquez ici pour lire l&rsquo;article depuis sa source.<\/a><\/p>\n","protected":false},"excerpt":{"rendered":"<p>Le Groupe de soutien \u00e0 l\u2019int\u00e9grit\u00e9 territoriale du Maroc met en avant la pertinence de l\u2019initiative d\u2019autonomie Un groupe de 23 \u00c9tats soutenant l\u2019int\u00e9grit\u00e9 territoriale du Maroc a mis en avant, mardi, lors de la 42\u00e8me session du Conseil des Droits de l\u2019Homme \u00e0 Gen\u00e8ve, la pertinence de l\u2019initiative d\u2019autonomie propos\u00e9e par le Royaume en [&hellip;]<\/p>\n","protected":false},"author":1760,"featured_media":0,"comment_status":"closed","ping_status":"closed","sticky":false,"template":"","format":"standard","meta":{"fifu_image_url":"","fifu_image_alt":"","footnotes":""},"categories":[73,54],"tags":[],"class_list":["post-60898","post","type-post","status-publish","format-standard","hentry","category-actualite","category-maroc"],"_links":{"self":[{"href":"https:\/\/linitiative.ca\/International\/wp-json\/wp\/v2\/posts\/60898","targetHints":{"allow":["GET"]}}],"collection":[{"href":"https:\/\/linitiative.ca\/International\/wp-json\/wp\/v2\/posts"}],"about":[{"href":"https:\/\/linitiative.ca\/International\/wp-json\/wp\/v2\/types\/post"}],"author":[{"embeddable":true,"href":"https:\/\/linitiative.ca\/International\/wp-json\/wp\/v2\/users\/1760"}],"replies":[{"embeddable":true,"href":"https:\/\/linitiative.ca\/International\/wp-json\/wp\/v2\/comments?post=60898"}],"version-history":[{"count":0,"href":"https:\/\/linitiative.ca\/International\/wp-json\/wp\/v2\/posts\/60898\/revisions"}],"wp:attachment":[{"href":"https:\/\/linitiative.ca\/International\/wp-json\/wp\/v2\/media?parent=60898"}],"wp:term":[{"taxonomy":"category","embeddable":true,"href":"https:\/\/linitiative.ca\/International\/wp-json\/wp\/v2\/categories?post=60898"},{"taxonomy":"post_tag","embeddable":true,"href":"https:\/\/linitiative.ca\/International\/wp-json\/wp\/v2\/tags?post=60898"}],"curies":[{"name":"wp","href":"https:\/\/api.w.org\/{rel}","templated":true}]}}