{"id":60900,"date":"2019-09-12T09:12:21","date_gmt":"2019-09-12T13:12:21","guid":{"rendered":"https:\/\/linitiative.ca\/International\/le-nombre-augmente-par-rapport-a-lannee-derniere-636-mouvements-de-protestation-au-mois-daout\/"},"modified":"2019-09-12T09:12:21","modified_gmt":"2019-09-12T13:12:21","slug":"le-nombre-augmente-par-rapport-a-lannee-derniere-636-mouvements-de-protestation-au-mois-daout","status":"publish","type":"post","link":"https:\/\/linitiative.ca\/International\/le-nombre-augmente-par-rapport-a-lannee-derniere-636-mouvements-de-protestation-au-mois-daout\/","title":{"rendered":"Le nombre augmente par rapport \u00e0 l\u2019ann\u00e9e derni\u00e8re\u00a0: 636 mouvements de protestation au mois d\u2019ao\u00fbt"},"content":{"rendered":"<p>Le mois d\u2019ao\u00fbt 2019 a enregistr\u00e9 636 mouvements de protestation (contre 581 au mois d\u2019ao\u00fbt<br \/>2018) dont 97% (621) sont des mouvements collectifs et le reste (15) sont des protestations<br \/>individuelles \u00e0 savoir les suicides et tentatives de suicides, a r\u00e9v\u00e9l\u00e9 le rapport du mois d\u2019ao\u00fbt<\/p>\n<p>de l\u2019Observatoire social Tunisien relevant du forum tunisien pour les droits \u00e9conomiques et<br \/>sociaux (FTDES).<br \/>La crise de la soif, la p\u00e9nurie en eau potable, la probl\u00e9matique de la maitrise des ressources<br \/>hydriques ont touch\u00e9 la majorit\u00e9 des gouvernorats du pays et sp\u00e9cialement les zones rurales et<br \/>les zones recul\u00e9es, a indiqu\u00e9 le rapport.<br \/>D\u2019apr\u00e8s la m\u00eame source, le gouvernorat de Kairouan a occup\u00e9 la premi\u00e8re position<br \/>enregistrant 196 mouvements de protestation, suivi des gouvernorats de Nabeul et de Sidi<br \/>Bouzid avec respectivement 69 et 67 mouvements et des gouvernorats de Gafsa et de Sfax qui<br \/>ont enregistr\u00e9 43 mouvements sociaux. Viennent ensuite les gouvernorats de Sousse avec 35<br \/>protestations, de Tataouine avec 31 mouvements et de Tunis avec 29 contestations.<br \/>La plupart des mouvements enregistr\u00e9s au mois d\u2019Aout 2019 ont \u00e9t\u00e9 de nature instantan\u00e9e<br \/>puisque pr\u00e8s de la moiti\u00e9 des mouvements enregistr\u00e9s ont \u00e9t\u00e9 en r\u00e9action imm\u00e9diate \u00e0 une<br \/>probl\u00e9matique donn\u00e9e contre 147 mouvements de nature spontan\u00e9e et 150 de nature violente.<\/p>\n<p class=\"dpsp-share-text\">Partager c&rsquo;est aimer!<\/p>\n<div class=\"wp-post-author-wrap wp-post-author-shortcode left\">\n<h3 class=\"awpa-title\"\/>\n<div class=\"wp-post-author\">\n<div class=\"awpa-img awpa-author-block square\"><a href=\"http:\/\/lexpertjournal.net\/fr\/author\/expert\/\"><img loading=\"lazy\" decoding=\"async\" alt=\"\" src=\"http:\/\/2.gravatar.com\/avatar\/56d99be2a6f97af88ccb49fada637fcd?s=150&#038;d=mm&#038;r=g\" srcset=\"http:\/\/2.gravatar.com\/avatar\/56d99be2a6f97af88ccb49fada637fcd?s=300&#038;d=mm&#038;r=g 2x\" class=\"avatar avatar-150 photo\" height=\"150\" width=\"150\"\/><\/a><\/div>\n<\/div>\n<\/div>\n<p>Auteur: L&rsquo;expert<br \/>\n<a href=\"http:\/\/lexpertjournal.net\/fr\/2019\/09\/12\/le-nombre-augmente-par-rapport-a-lannee-derniere-636-mouvements-de-protestation-au-mois-daout\/\">Cliquez ici pour lire l&rsquo;article depuis sa source.<\/a><\/p>\n","protected":false},"excerpt":{"rendered":"<p>Le mois d\u2019ao\u00fbt 2019 a enregistr\u00e9 636 mouvements de protestation (contre 581 au mois d\u2019ao\u00fbt2018) dont 97% (621) sont des mouvements collectifs et le reste (15) sont des protestationsindividuelles \u00e0 savoir les suicides et tentatives de suicides, a r\u00e9v\u00e9l\u00e9 le rapport du mois d\u2019ao\u00fbt de l\u2019Observatoire social Tunisien relevant du forum tunisien pour les droits [&hellip;]<\/p>\n","protected":false},"author":1775,"featured_media":0,"comment_status":"closed","ping_status":"closed","sticky":false,"template":"","format":"standard","meta":{"fifu_image_url":"","fifu_image_alt":"","footnotes":""},"categories":[78,55],"tags":[],"class_list":["post-60900","post","type-post","status-publish","format-standard","hentry","category-economie","category-tunisie"],"_links":{"self":[{"href":"https:\/\/linitiative.ca\/International\/wp-json\/wp\/v2\/posts\/60900","targetHints":{"allow":["GET"]}}],"collection":[{"href":"https:\/\/linitiative.ca\/International\/wp-json\/wp\/v2\/posts"}],"about":[{"href":"https:\/\/linitiative.ca\/International\/wp-json\/wp\/v2\/types\/post"}],"author":[{"embeddable":true,"href":"https:\/\/linitiative.ca\/International\/wp-json\/wp\/v2\/users\/1775"}],"replies":[{"embeddable":true,"href":"https:\/\/linitiative.ca\/International\/wp-json\/wp\/v2\/comments?post=60900"}],"version-history":[{"count":0,"href":"https:\/\/linitiative.ca\/International\/wp-json\/wp\/v2\/posts\/60900\/revisions"}],"wp:attachment":[{"href":"https:\/\/linitiative.ca\/International\/wp-json\/wp\/v2\/media?parent=60900"}],"wp:term":[{"taxonomy":"category","embeddable":true,"href":"https:\/\/linitiative.ca\/International\/wp-json\/wp\/v2\/categories?post=60900"},{"taxonomy":"post_tag","embeddable":true,"href":"https:\/\/linitiative.ca\/International\/wp-json\/wp\/v2\/tags?post=60900"}],"curies":[{"name":"wp","href":"https:\/\/api.w.org\/{rel}","templated":true}]}}