{"id":60901,"date":"2019-09-12T09:16:17","date_gmt":"2019-09-12T13:16:17","guid":{"rendered":"https:\/\/linitiative.ca\/International\/suicides-au-cours-du-mois-daout-la-tranche-dage-entre-25-et-30-ans-la-plus-touchee\/"},"modified":"2019-09-12T09:16:17","modified_gmt":"2019-09-12T13:16:17","slug":"suicides-au-cours-du-mois-daout-la-tranche-dage-entre-25-et-30-ans-la-plus-touchee","status":"publish","type":"post","link":"https:\/\/linitiative.ca\/International\/suicides-au-cours-du-mois-daout-la-tranche-dage-entre-25-et-30-ans-la-plus-touchee\/","title":{"rendered":"Suicides au cours du mois d\u2019ao\u00fbt\u00a0: La tranche d\u2019\u00e2ge entre 25 et 30 ans la plus touch\u00e9e"},"content":{"rendered":"<p>Le mois d\u2019Ao\u00fbt 2019 a enregistr\u00e9 15 actes de suicide et tentatives de suicide dont 13 sont de<br \/>sexe masculin et deux de sexe f\u00e9minin, selon le rapport du mois d\u2019ao\u00fbt de l\u2019Observatoire<br \/>social Tunisien relevant du forum tunisien pour les droits \u00e9conomiques et sociaux (FTDES).<br \/>Deux cas de suicide et tentatives de suicide ont \u00e9t\u00e9 enregistr\u00e9s chez les personnes \u00e2g\u00e9es de<br \/>plus de 60 ans (un homme et une femme) et quatre cas parmi les enfants de moins de 20 ans,<br \/>le reste des cas relev\u00e9s appartiennent \u00e0 la tranche d\u2019\u00e2ge comprise entre 25 et 50 ans.<br \/>Pour ce qui est de la violence, les espaces r\u00e9sidentiels ou habitations ont \u00e9t\u00e9 celles qui ont<br \/>connu le plus d\u2019actes de violence durant le mois d\u2019Aout 2019, selon les cas relev\u00e9s par l\u2019unit\u00e9<br \/>de veille de l\u2019Observatoire Social Tunisien.<br \/>La violence dans ces espaces repr\u00e9sente 28,33% des 62% cas de violence collective et 38% de<br \/>violence individuelle. Les routes viennent en deuxi\u00e8me position concernant les cas de<br \/>violence signal\u00e9s avec 21,7%. La troisi\u00e8me place est occup\u00e9e par les espaces publics (13,3%),<br \/>suivis par les transports en commun (6,7% des violences observ\u00e9es au cours du mois d\u2019Ao\u00fbt).<br \/>Viennent ensuite les espaces de travail et de sant\u00e9 avec 5%, suivis des espaces touristiques,<br \/>\u00e9ducatifs et administratifs de 3,33%. Dans la m\u00eame position, se situent les espaces de s\u00e9curit\u00e9<br \/>et de loisirs occupant 1,7% des actes de violence relev\u00e9s.<br \/>De nombreuses r\u00e9gions ont \u00e9t\u00e9 le th\u00e9\u00e2tre d\u2019attaques par arme blanche et d\u2019assassinats, lors de<br \/>mariages en raison de d\u00e9saccords entre certaines des personnes pr\u00e9sentes. La violence a \u00e9t\u00e9<br \/>absente des espaces sportifs en raison de la diminution des comp\u00e9titions durant la saison<br \/>estivale.<br \/>Le genre f\u00e9minin a repr\u00e9sent\u00e9 3,33% des auteurs des actes de violence contre 95% du genre<br \/>masculin et le reste ont \u00e9t\u00e9 commis conjointement par les femmes et les hommes.<br \/>La violence de nature criminelle a repr\u00e9sent\u00e9 la forme de violence observ\u00e9e la plus importante<br \/>(55%), suivie de la violence relationnelle et de la violence sociale (environ 8%). La violence<br \/>conjugale a chut\u00e9 de 3,3% par rapport aux mois pr\u00e9c\u00e9dents et les violences li\u00e9es aux<br \/>manifestations et \u00e0 la sant\u00e9 sont approximativement inchang\u00e9e.<br \/>Le gouvernorat de Tunis occupe le premier rang en termes de violence enregistr\u00e9s, avec<br \/>14,3% du nombre total de cas de violence relev\u00e9s durant le mois d\u2019Ao\u00fbt 2019, suivis des<br \/>gouvernorats de Kairouan avec 16,7%, Nabeul et Sousse avec 10% et Monastir 8%. Ensuite<br \/>viennent les gouvernorats de Mahdia, Sfax, M\u00e9denine, Gafsa, Ben Arous et Kasserine. Il est \u00e0<br \/>qu\u2019aucun acte de violence n\u2019a \u00e9t\u00e9 enregistr\u00e9 dans les gouvernorats de K\u00e9bili, Tozeur,<br \/>Tataouine, Jendouba, Ariana, Manouba, Sidi Bouzid, Gab\u00e8s, Kef et Siliana.<\/p>\n<p class=\"dpsp-share-text\">Partager c&rsquo;est aimer!<\/p>\n<div class=\"wp-post-author-wrap wp-post-author-shortcode left\">\n<h3 class=\"awpa-title\"\/>\n<div class=\"wp-post-author\">\n<div class=\"awpa-img awpa-author-block square\"><a href=\"http:\/\/lexpertjournal.net\/fr\/author\/expert\/\"><img loading=\"lazy\" decoding=\"async\" alt=\"\" src=\"http:\/\/2.gravatar.com\/avatar\/56d99be2a6f97af88ccb49fada637fcd?s=150&#038;d=mm&#038;r=g\" srcset=\"http:\/\/2.gravatar.com\/avatar\/56d99be2a6f97af88ccb49fada637fcd?s=300&#038;d=mm&#038;r=g 2x\" class=\"avatar avatar-150 photo\" height=\"150\" width=\"150\"\/><\/a><\/div>\n<\/div>\n<\/div>\n<p>Auteur: L&rsquo;expert<br \/>\n<a href=\"http:\/\/lexpertjournal.net\/fr\/2019\/09\/12\/suicides-au-cours-du-mois-daout-la-tranche-dage-entre-25-et-30-ans-la-plus-touchee\/\">Cliquez ici pour lire l&rsquo;article depuis sa source.<\/a><\/p>\n","protected":false},"excerpt":{"rendered":"<p>Le mois d\u2019Ao\u00fbt 2019 a enregistr\u00e9 15 actes de suicide et tentatives de suicide dont 13 sont desexe masculin et deux de sexe f\u00e9minin, selon le rapport du mois d\u2019ao\u00fbt de l\u2019Observatoiresocial Tunisien relevant du forum tunisien pour les droits \u00e9conomiques et sociaux (FTDES).Deux cas de suicide et tentatives de suicide ont \u00e9t\u00e9 enregistr\u00e9s chez [&hellip;]<\/p>\n","protected":false},"author":1775,"featured_media":0,"comment_status":"closed","ping_status":"closed","sticky":false,"template":"","format":"standard","meta":{"fifu_image_url":"","fifu_image_alt":"","footnotes":""},"categories":[78,55],"tags":[],"class_list":["post-60901","post","type-post","status-publish","format-standard","hentry","category-economie","category-tunisie"],"_links":{"self":[{"href":"https:\/\/linitiative.ca\/International\/wp-json\/wp\/v2\/posts\/60901","targetHints":{"allow":["GET"]}}],"collection":[{"href":"https:\/\/linitiative.ca\/International\/wp-json\/wp\/v2\/posts"}],"about":[{"href":"https:\/\/linitiative.ca\/International\/wp-json\/wp\/v2\/types\/post"}],"author":[{"embeddable":true,"href":"https:\/\/linitiative.ca\/International\/wp-json\/wp\/v2\/users\/1775"}],"replies":[{"embeddable":true,"href":"https:\/\/linitiative.ca\/International\/wp-json\/wp\/v2\/comments?post=60901"}],"version-history":[{"count":0,"href":"https:\/\/linitiative.ca\/International\/wp-json\/wp\/v2\/posts\/60901\/revisions"}],"wp:attachment":[{"href":"https:\/\/linitiative.ca\/International\/wp-json\/wp\/v2\/media?parent=60901"}],"wp:term":[{"taxonomy":"category","embeddable":true,"href":"https:\/\/linitiative.ca\/International\/wp-json\/wp\/v2\/categories?post=60901"},{"taxonomy":"post_tag","embeddable":true,"href":"https:\/\/linitiative.ca\/International\/wp-json\/wp\/v2\/tags?post=60901"}],"curies":[{"name":"wp","href":"https:\/\/api.w.org\/{rel}","templated":true}]}}