{"id":60902,"date":"2019-09-12T09:19:06","date_gmt":"2019-09-12T13:19:06","guid":{"rendered":"https:\/\/linitiative.ca\/International\/rentree-scolaires-gare-aux-effets-des-fournitures-scolaires-de-contrebande-sur-la-sante\/"},"modified":"2019-09-12T09:19:06","modified_gmt":"2019-09-12T13:19:06","slug":"rentree-scolaires-gare-aux-effets-des-fournitures-scolaires-de-contrebande-sur-la-sante","status":"publish","type":"post","link":"https:\/\/linitiative.ca\/International\/rentree-scolaires-gare-aux-effets-des-fournitures-scolaires-de-contrebande-sur-la-sante\/","title":{"rendered":"Rentr\u00e9e scolaires\u00a0: Gare aux effets des fournitures scolaires de contrebande sur la sant\u00e9\u00a0!"},"content":{"rendered":"<p>Le minist\u00e8re de la sant\u00e9 a appel\u00e9 mercredi les parents \u00e0 acheter les fournitures scolaires portant le nom du fabricant et la composition du produit et qui sont mis en vente dans les circuits organis\u00e9s et contr\u00f4l\u00e9s.<\/p>\n<p>Le minist\u00e8re a, en outre, soulign\u00e9, dans un communiqu\u00e9, la n\u00e9cessit\u00e9 d\u2019\u00e9viter les fournitures scolaires con\u00e7ues sous forme de produits alimentaires (une gomme sous forme de fruit ou bonbon une colle forte sous forme de biberon ou boisson\u2026) et qui peuvent provoquer l\u2019intoxication des enfants.<\/p>\n<p>Il est aussi recommand\u00e9, selon la m\u00eame source, d\u2019acheter une colle \u00e0 usage scolaire.<\/p>\n<p>A noter que le minist\u00e8re de la sant\u00e9 a lanc\u00e9 mardi apr\u00e8s-midi une campagne nationale mixte de contr\u00f4le sanitaire et \u00e9conomique des fournitures scolaires dans les diff\u00e9rents circuits de distribution tout en focalisant sur le contr\u00f4le des circuits parall\u00e8les et des \u00e9talages anarchiques.<\/p>\n<p>Une cinquantaine d\u2019\u00e9quipes de contr\u00f4les mixtes regroupant des repr\u00e9sentants des minist\u00e8res de la sant\u00e9, du commerce et de l\u2019int\u00e9rieur prennent part \u00e0 cette campagne pour saisir les fournitures scolaires qui repr\u00e9sentent un danger sur la sant\u00e9 des enfants et ce, conform\u00e9ment \u00e0 la loi en vigueur.<\/p>\n<p class=\"dpsp-share-text\">Partager c&rsquo;est aimer!<\/p>\n<div class=\"wp-post-author-wrap wp-post-author-shortcode left\">\n<h3 class=\"awpa-title\"\/>\n<div class=\"wp-post-author\">\n<div class=\"awpa-img awpa-author-block square\"><a href=\"http:\/\/lexpertjournal.net\/fr\/author\/expert\/\"><img loading=\"lazy\" decoding=\"async\" alt=\"\" src=\"http:\/\/2.gravatar.com\/avatar\/56d99be2a6f97af88ccb49fada637fcd?s=150&#038;d=mm&#038;r=g\" srcset=\"http:\/\/2.gravatar.com\/avatar\/56d99be2a6f97af88ccb49fada637fcd?s=300&#038;d=mm&#038;r=g 2x\" class=\"avatar avatar-150 photo\" height=\"150\" width=\"150\"\/><\/a><\/div>\n<\/div>\n<\/div>\n<p>Auteur: L&rsquo;expert<br \/>\n<a href=\"http:\/\/lexpertjournal.net\/fr\/2019\/09\/12\/rentree-scolaires-gare-aux-effets-des-fournitures-scolaires-de-contrebande-sur-la-sante\/\">Cliquez ici pour lire l&rsquo;article depuis sa source.<\/a><\/p>\n","protected":false},"excerpt":{"rendered":"<p>Le minist\u00e8re de la sant\u00e9 a appel\u00e9 mercredi les parents \u00e0 acheter les fournitures scolaires portant le nom du fabricant et la composition du produit et qui sont mis en vente dans les circuits organis\u00e9s et contr\u00f4l\u00e9s. Le minist\u00e8re a, en outre, soulign\u00e9, dans un communiqu\u00e9, la n\u00e9cessit\u00e9 d\u2019\u00e9viter les fournitures scolaires con\u00e7ues sous forme [&hellip;]<\/p>\n","protected":false},"author":1775,"featured_media":0,"comment_status":"closed","ping_status":"closed","sticky":false,"template":"","format":"standard","meta":{"fifu_image_url":"","fifu_image_alt":"","footnotes":""},"categories":[78,55],"tags":[],"class_list":["post-60902","post","type-post","status-publish","format-standard","hentry","category-economie","category-tunisie"],"_links":{"self":[{"href":"https:\/\/linitiative.ca\/International\/wp-json\/wp\/v2\/posts\/60902","targetHints":{"allow":["GET"]}}],"collection":[{"href":"https:\/\/linitiative.ca\/International\/wp-json\/wp\/v2\/posts"}],"about":[{"href":"https:\/\/linitiative.ca\/International\/wp-json\/wp\/v2\/types\/post"}],"author":[{"embeddable":true,"href":"https:\/\/linitiative.ca\/International\/wp-json\/wp\/v2\/users\/1775"}],"replies":[{"embeddable":true,"href":"https:\/\/linitiative.ca\/International\/wp-json\/wp\/v2\/comments?post=60902"}],"version-history":[{"count":0,"href":"https:\/\/linitiative.ca\/International\/wp-json\/wp\/v2\/posts\/60902\/revisions"}],"wp:attachment":[{"href":"https:\/\/linitiative.ca\/International\/wp-json\/wp\/v2\/media?parent=60902"}],"wp:term":[{"taxonomy":"category","embeddable":true,"href":"https:\/\/linitiative.ca\/International\/wp-json\/wp\/v2\/categories?post=60902"},{"taxonomy":"post_tag","embeddable":true,"href":"https:\/\/linitiative.ca\/International\/wp-json\/wp\/v2\/tags?post=60902"}],"curies":[{"name":"wp","href":"https:\/\/api.w.org\/{rel}","templated":true}]}}