{"id":60904,"date":"2019-09-12T09:29:32","date_gmt":"2019-09-12T13:29:32","guid":{"rendered":"https:\/\/linitiative.ca\/International\/revendications-financieres-grogne-des-douaniers-dans-tout-le-pays\/"},"modified":"2019-09-12T09:29:32","modified_gmt":"2019-09-12T13:29:32","slug":"revendications-financieres-grogne-des-douaniers-dans-tout-le-pays","status":"publish","type":"post","link":"https:\/\/linitiative.ca\/International\/revendications-financieres-grogne-des-douaniers-dans-tout-le-pays\/","title":{"rendered":"Revendications financi\u00e8res : Grogne des douaniers dans tout le pays"},"content":{"rendered":"<p>Le Syndicat Unifi\u00e9 des Agents de la Douane Tunisienne (SUADT) a annonc\u00e9, mercredi, sa d\u00e9termination de mener une s\u00e9rie de mouvements de protestation \u00e0 partir d\u2019aujourd\u2019hui, dans tous les centres douaniers, \u00e0 travers le territoire de la R\u00e9publique.<\/p>\n<p>Le pr\u00e9sident du bureau ex\u00e9cutif du Syndicat, Habib El Habibi, a indiqu\u00e9, mercredi, dans une d\u00e9claration, que ces mouvements ont \u00e9t\u00e9 d\u00e9cid\u00e9s en r\u00e9action au refus de la Direction g\u00e9n\u00e9rale de mettre en application les mesures prises et inscrites dans les proc\u00e8s-verbaux sign\u00e9s, depuis 2016.<\/p>\n<p>Dans ce cadre, il a point\u00e9 du doigt le probl\u00e8me des promotions administratives, expliquant que des fonctionnaires exercent au sein de la direction sans avoir de fonction ou de bureaux ni de t\u00e2ches \u00e0 accomplir.<\/p>\n<p>Il a cit\u00e9, \u00e9galement, les revendications relatives \u00e0 l\u2019augmentation de la prime de risque de 150 dinars, et l\u2019appui de la d\u00e9centralisation administrative, en all\u00e9geant les proc\u00e9dures douani\u00e8res, dans les diff\u00e9rentes r\u00e9gions du pays.<\/p>\n<p>\u00ab Nous en avons marre des tergiversations du minist\u00e8re des Finances. Nous demandons la r\u00e9daction urgente d\u2019un nouveau proc\u00e8s-verbal qui regroupera l\u2019ensemble de nos revendications et qui soit sign\u00e9 par le minist\u00e8re de tutelle et un repr\u00e9sentant de la pr\u00e9sidence du gouvernement \u00ab , a-t-il dit.<\/p>\n<p>Et de souligner que \u00bb ces mouvements de protestation se poursuivront jusqu\u2019au 14 septembre 2019, la veille du rendez-vous \u00e9lectoral \u00ab .<\/p>\n<p>A rappeler que nous recensons en Tunisie environ 7500 agents de douane exer\u00e7ant dans les diff\u00e9rentes r\u00e9gions du pays.<\/p>\n<p class=\"dpsp-share-text\">Partager c&rsquo;est aimer!<\/p>\n<div class=\"wp-post-author-wrap wp-post-author-shortcode left\">\n<h3 class=\"awpa-title\"\/>\n<div class=\"wp-post-author\">\n<div class=\"awpa-img awpa-author-block square\"><a href=\"http:\/\/lexpertjournal.net\/fr\/author\/expert\/\"><img loading=\"lazy\" decoding=\"async\" alt=\"\" src=\"http:\/\/2.gravatar.com\/avatar\/56d99be2a6f97af88ccb49fada637fcd?s=150&#038;d=mm&#038;r=g\" srcset=\"http:\/\/2.gravatar.com\/avatar\/56d99be2a6f97af88ccb49fada637fcd?s=300&#038;d=mm&#038;r=g 2x\" class=\"avatar avatar-150 photo\" height=\"150\" width=\"150\"\/><\/a><\/div>\n<\/div>\n<\/div>\n<p>Auteur: L&rsquo;expert<br \/>\n<a href=\"http:\/\/lexpertjournal.net\/fr\/2019\/09\/12\/revendications-financieres-grogne-des-douaniers-dans-tout-le-pays\/\">Cliquez ici pour lire l&rsquo;article depuis sa source.<\/a><\/p>\n","protected":false},"excerpt":{"rendered":"<p>Le Syndicat Unifi\u00e9 des Agents de la Douane Tunisienne (SUADT) a annonc\u00e9, mercredi, sa d\u00e9termination de mener une s\u00e9rie de mouvements de protestation \u00e0 partir d\u2019aujourd\u2019hui, dans tous les centres douaniers, \u00e0 travers le territoire de la R\u00e9publique. Le pr\u00e9sident du bureau ex\u00e9cutif du Syndicat, Habib El Habibi, a indiqu\u00e9, mercredi, dans une d\u00e9claration, que [&hellip;]<\/p>\n","protected":false},"author":1775,"featured_media":0,"comment_status":"closed","ping_status":"closed","sticky":false,"template":"","format":"standard","meta":{"fifu_image_url":"","fifu_image_alt":"","footnotes":""},"categories":[78,55],"tags":[],"class_list":["post-60904","post","type-post","status-publish","format-standard","hentry","category-economie","category-tunisie"],"_links":{"self":[{"href":"https:\/\/linitiative.ca\/International\/wp-json\/wp\/v2\/posts\/60904","targetHints":{"allow":["GET"]}}],"collection":[{"href":"https:\/\/linitiative.ca\/International\/wp-json\/wp\/v2\/posts"}],"about":[{"href":"https:\/\/linitiative.ca\/International\/wp-json\/wp\/v2\/types\/post"}],"author":[{"embeddable":true,"href":"https:\/\/linitiative.ca\/International\/wp-json\/wp\/v2\/users\/1775"}],"replies":[{"embeddable":true,"href":"https:\/\/linitiative.ca\/International\/wp-json\/wp\/v2\/comments?post=60904"}],"version-history":[{"count":0,"href":"https:\/\/linitiative.ca\/International\/wp-json\/wp\/v2\/posts\/60904\/revisions"}],"wp:attachment":[{"href":"https:\/\/linitiative.ca\/International\/wp-json\/wp\/v2\/media?parent=60904"}],"wp:term":[{"taxonomy":"category","embeddable":true,"href":"https:\/\/linitiative.ca\/International\/wp-json\/wp\/v2\/categories?post=60904"},{"taxonomy":"post_tag","embeddable":true,"href":"https:\/\/linitiative.ca\/International\/wp-json\/wp\/v2\/tags?post=60904"}],"curies":[{"name":"wp","href":"https:\/\/api.w.org\/{rel}","templated":true}]}}