{"id":60910,"date":"2019-09-12T13:01:00","date_gmt":"2019-09-12T17:01:00","guid":{"rendered":"https:\/\/linitiative.ca\/International\/appel-a-soutenir-le-kacm\/"},"modified":"2019-09-12T13:01:00","modified_gmt":"2019-09-12T17:01:00","slug":"appel-a-soutenir-le-kacm","status":"publish","type":"post","link":"https:\/\/linitiative.ca\/International\/appel-a-soutenir-le-kacm\/","title":{"rendered":"Appel \u00e0 soutenir le KACM"},"content":{"rendered":"<div readability=\"40\">\n<p>Marrakech- Le pr\u00e9sident du bureau dirigeant du Kawkab de Marrakech (KACM), section football, Reda Naim, a appel\u00e9 mercredi, \u00e0 Marrakech, toutes les composantes du club, les autorit\u00e9s et les \u00e9lus locaux \u00e0 soutenir l\u2019\u00e9quipe afin qu\u2019elle retrouve sa place naturelle parmi l\u2019\u00e9lite.<\/p>\n<\/div>\n<div readability=\"99\">\n<p>Lors d\u2019une conf\u00e9rence de presse tenue au si\u00e8ge du club, M. Naim a indiqu\u00e9 que son ambition \u00e0 la t\u00eate de l\u2019\u00e9quipe consiste \u00e0 faire en sorte que le KACM retrouve la Botola Maroc T\u00e9l\u00e9com D1 de football dans les plus brefs d\u00e9lais malgr\u00e9 \u00ab\u00a0la crise financi\u00e8re dont souffre actuellement le club\u00a0\u00bb.<\/p>\n<p>M. Naim, qui \u00e9tait accompagn\u00e9 du nouvel entra\u00eeneur de l\u2019\u00e9quipe, Hicham Idrissi, et du directeur sportif du club, Aziz Boukerkour, a soulign\u00e9 que l\u2019\u00e9quipe a besoin du soutien de toutes ses composantes, des autorit\u00e9s et des \u00e9lus locaux pour r\u00e9aliser les objectifs strat\u00e9giques fix\u00e9s pour la saison sportive 2018-2019.<\/p>\n<p>Concernant la question de recherche de ressources financi\u00e8res et sponsors pour le club, M. Naim s\u2019est dit satisfait des concertations men\u00e9es avec plusieurs soci\u00e9t\u00e9s et \u00e9tablissements, dont une compagnie op\u00e9rant dans le domaine a\u00e9rien, ce qui permettra de mobiliser des ressources financi\u00e8res de l\u2019ordre de 5 millions de DH \u00e0 partir de f\u00e9vrier prochain.<\/p>\n<p>Apr\u00e8s avoir fait savoir que les adh\u00e9rents du club ne d\u00e9passent pas 03 actuellement, il a indiqu\u00e9 que le bureau dirigeant a fix\u00e9 le montant d\u2019adh\u00e9sion \u00e0 5.000 dh afin d\u2019\u00e9largir le nombre d\u2019adh\u00e9rents.<\/p>\n<p>S\u2019agissant du stade o\u00f9 le club jouera ses matches, M. Naim a estim\u00e9 que le budget de l\u2019\u00e9quipe n\u2019est plus en mesure d\u2019assumer les frais exig\u00e9s par la soci\u00e9t\u00e9 charg\u00e9e de la gestion du Grand Stade de\u00a0Marrakech, qui atteignaient pr\u00e8s de 3 millions de DH pour chaque saison, ce qui contraint le club \u00e0 demander aux autorit\u00e9s locales l\u2019autorisation de recevoir au stade 20 ao\u00fbt ou \u00e0 celui de Hay Mohamadi comme alternative \u00e0 \u00ab\u00a0la crise\u00a0\u00bb du stade Al Harti qui a fait l\u2019objet r\u00e9cemment de travaux de r\u00e9novation, sachant que le KACM n\u2019a pas re\u00e7u l\u2019autorisation d\u2019y jouer.<\/p>\n<p>L\u2019entra\u00eeneur de l\u2019\u00e9quipe, Hicham Idrissi a soulign\u00e9, pour sa part, que le bureau dirigeant a veill\u00e9 \u00e0 r\u00e9unir toutes les conditions \u00e0 m\u00eame de r\u00e9ussir la principale mission du staff technique consistant \u00e0 former une \u00e9quipe comp\u00e9titive capable de retrouver l\u2019\u00e9lite du football national dans les plus brefs d\u00e9lais.<\/p>\n<p>M. Idrissi n\u2019a pas manqu\u00e9 de relever la difficult\u00e9 de sa t\u00e2che \u00e9tant donn\u00e9 que l\u2019\u00e9quipe est en phase de reconstruction, ce qui exige davantage de patience de la part des supporters, relevant que le d\u00e9but du championnat s\u2019av\u00e8re d\u2019une grande importance pour le club.<\/p>\n<p>M. Idrissi a indiqu\u00e9 que l\u2019\u00e9quipe est compos\u00e9e actuellement de 26 joueurs, dont des \u00e9l\u00e9ments exp\u00e9riment\u00e9s, faisant savoir que le club pr\u00e9voit de renforcer ses rangs avec deux autres recrues \u00e0 savoir Amine Sebbar et Labiad (Wydad Temara).<\/p>\n<p>Il a, en outre, soulign\u00e9 que les 12 matches amicaux disput\u00e9s en d\u00e9but de saison lui ont permis d\u2019avoir une id\u00e9e assez claire sur le niveau des joueurs et de d\u00e9terminer les besoins de l\u2019\u00e9quipe.<\/p>\n<p>A noter que le KACM jouera dimanche prochain son premier match de la Botola Pro Maroc Telecom D2, face au Chabab Al Mohammedia (SCCM).<\/p>\n<\/div>\n<p>Auteur: Mohammed KOURSI<br \/>\n<a href=\"http:\/\/www.mapmarrakech.ma\/fr\/appel-a-soutenir-le-kacm\/\">Cliquez ici pour lire l&rsquo;article depuis sa source.<\/a><\/p>\n","protected":false},"excerpt":{"rendered":"<p>Marrakech- Le pr\u00e9sident du bureau dirigeant du Kawkab de Marrakech (KACM), section football, Reda Naim, a appel\u00e9 mercredi, \u00e0 Marrakech, toutes les composantes du club, les autorit\u00e9s et les \u00e9lus locaux \u00e0 soutenir l\u2019\u00e9quipe afin qu\u2019elle retrouve sa place naturelle parmi l\u2019\u00e9lite. Lors d\u2019une conf\u00e9rence de presse tenue au si\u00e8ge du club, M. Naim a [&hellip;]<\/p>\n","protected":false},"author":1788,"featured_media":0,"comment_status":"closed","ping_status":"closed","sticky":false,"template":"","format":"standard","meta":{"fifu_image_url":"","fifu_image_alt":"","footnotes":""},"categories":[54,76],"tags":[],"class_list":["post-60910","post","type-post","status-publish","format-standard","hentry","category-maroc","category-regions"],"_links":{"self":[{"href":"https:\/\/linitiative.ca\/International\/wp-json\/wp\/v2\/posts\/60910","targetHints":{"allow":["GET"]}}],"collection":[{"href":"https:\/\/linitiative.ca\/International\/wp-json\/wp\/v2\/posts"}],"about":[{"href":"https:\/\/linitiative.ca\/International\/wp-json\/wp\/v2\/types\/post"}],"author":[{"embeddable":true,"href":"https:\/\/linitiative.ca\/International\/wp-json\/wp\/v2\/users\/1788"}],"replies":[{"embeddable":true,"href":"https:\/\/linitiative.ca\/International\/wp-json\/wp\/v2\/comments?post=60910"}],"version-history":[{"count":0,"href":"https:\/\/linitiative.ca\/International\/wp-json\/wp\/v2\/posts\/60910\/revisions"}],"wp:attachment":[{"href":"https:\/\/linitiative.ca\/International\/wp-json\/wp\/v2\/media?parent=60910"}],"wp:term":[{"taxonomy":"category","embeddable":true,"href":"https:\/\/linitiative.ca\/International\/wp-json\/wp\/v2\/categories?post=60910"},{"taxonomy":"post_tag","embeddable":true,"href":"https:\/\/linitiative.ca\/International\/wp-json\/wp\/v2\/tags?post=60910"}],"curies":[{"name":"wp","href":"https:\/\/api.w.org\/{rel}","templated":true}]}}