{"id":60915,"date":"2019-09-12T10:13:10","date_gmt":"2019-09-12T14:13:10","guid":{"rendered":"https:\/\/linitiative.ca\/International\/activite-pluvio-orageuse-sur-plusieurs-wilayas-du-pays-jusqua-vendredi-matin\/"},"modified":"2019-09-12T10:13:10","modified_gmt":"2019-09-12T14:13:10","slug":"activite-pluvio-orageuse-sur-plusieurs-wilayas-du-pays-jusqua-vendredi-matin","status":"publish","type":"post","link":"https:\/\/linitiative.ca\/International\/activite-pluvio-orageuse-sur-plusieurs-wilayas-du-pays-jusqua-vendredi-matin\/","title":{"rendered":"Activit\u00e9 pluvio-orageuse sur plusieurs wilayas du pays jusqu&rsquo;\u00e0 vendredi matin"},"content":{"rendered":"<div>\n<div class=\"K2FeedImage\"><img decoding=\"async\" src=\"http:\/\/www.aps.dz\/media\/k2\/items\/cache\/808e001deb33bc9e67b768bcbc3bf145_S.jpg\" alt=\"Activit\u00e9 pluvio-orageuse sur plusieurs wilayas du pays jusqu'\u00e0 vendredi matin\"><\/div>\n<div class=\"K2FeedIntroText\">\n<p><strong>ALGER- Une activit\u00e9 pluvio-orageuse, accompagn\u00e9e parfois de chute de gr\u00eale et de rafales de vent sous orages, affectera, \u00e0 partir de ce jeudi, plusieurs wilayas du pays, avec un niveau de vigilance \u00ab\u00a0orange\u00a0\u00bb, indique un bulletin m\u00e9t\u00e9orologique sp\u00e9cial (BMS) \u00e9mis par les services de l&rsquo;Office national de la m\u00e9t\u00e9orologie.<\/strong><\/p>\n<\/div>\n<div class=\"K2FeedFullText\">\n<p>Les wilayas concern\u00e9es par ce BMS sont Relizane, Chlef, A\u00efn-Defla, Tipaza, Alger, Blida, M\u00e9d\u00e9a, M&rsquo;Sila, Boumerd\u00e8s, Tizi-Ouzou, Bouira, Tiaret, Tissemsilt, Laghouat, Djelfa et Bordj-Bou-Arreridj.<\/p>\n<p>L&rsquo;ONM indique que les cumuls estim\u00e9s atteindront ou d\u00e9passeront localement 40 mm durant la validit\u00e9 du BMS pr\u00e9vu de jeudi soir (18h00) \u00e0 vendredi matin (9h00).<\/p>\n<p>\u00a0<\/p>\n<p>\u00a0<\/p>\n<p>\u00a0<\/p>\n<\/div>\n<\/div>\n<p>Auteur:<br \/>\n<a href=\"http:\/\/www.aps.dz\/regions\/94316-activite-pluvio-orageuse-sur-plusieurs-wilayas-du-pays-jusqu-a-vendredi-matin-onm\">Cliquez ici pour lire l&rsquo;article depuis sa source.<\/a><\/p>\n","protected":false},"excerpt":{"rendered":"<p>ALGER- Une activit\u00e9 pluvio-orageuse, accompagn\u00e9e parfois de chute de gr\u00eale et de rafales de vent sous orages, affectera, \u00e0 partir de ce jeudi, plusieurs wilayas du pays, avec un niveau de vigilance \u00ab\u00a0orange\u00a0\u00bb, indique un bulletin m\u00e9t\u00e9orologique sp\u00e9cial (BMS) \u00e9mis par les services de l&rsquo;Office national de la m\u00e9t\u00e9orologie. Les wilayas concern\u00e9es par ce BMS [&hellip;]<\/p>\n","protected":false},"author":1790,"featured_media":60916,"comment_status":"closed","ping_status":"closed","sticky":false,"template":"","format":"standard","meta":{"fifu_image_url":"","fifu_image_alt":"","footnotes":""},"categories":[53,76],"tags":[],"class_list":["post-60915","post","type-post","status-publish","format-standard","has-post-thumbnail","hentry","category-algerie","category-regions"],"_links":{"self":[{"href":"https:\/\/linitiative.ca\/International\/wp-json\/wp\/v2\/posts\/60915","targetHints":{"allow":["GET"]}}],"collection":[{"href":"https:\/\/linitiative.ca\/International\/wp-json\/wp\/v2\/posts"}],"about":[{"href":"https:\/\/linitiative.ca\/International\/wp-json\/wp\/v2\/types\/post"}],"author":[{"embeddable":true,"href":"https:\/\/linitiative.ca\/International\/wp-json\/wp\/v2\/users\/1790"}],"replies":[{"embeddable":true,"href":"https:\/\/linitiative.ca\/International\/wp-json\/wp\/v2\/comments?post=60915"}],"version-history":[{"count":0,"href":"https:\/\/linitiative.ca\/International\/wp-json\/wp\/v2\/posts\/60915\/revisions"}],"wp:featuredmedia":[{"embeddable":true,"href":"https:\/\/linitiative.ca\/International\/wp-json\/"}],"wp:attachment":[{"href":"https:\/\/linitiative.ca\/International\/wp-json\/wp\/v2\/media?parent=60915"}],"wp:term":[{"taxonomy":"category","embeddable":true,"href":"https:\/\/linitiative.ca\/International\/wp-json\/wp\/v2\/categories?post=60915"},{"taxonomy":"post_tag","embeddable":true,"href":"https:\/\/linitiative.ca\/International\/wp-json\/wp\/v2\/tags?post=60915"}],"curies":[{"name":"wp","href":"https:\/\/api.w.org\/{rel}","templated":true}]}}