{"id":60917,"date":"2019-09-12T14:01:44","date_gmt":"2019-09-12T18:01:44","guid":{"rendered":"https:\/\/linitiative.ca\/International\/oran-une-commission-pour-enqueter-sur-la-situation-prevalant-a-lhopital-anti-cancer-del-hassi\/"},"modified":"2019-09-12T14:01:44","modified_gmt":"2019-09-12T18:01:44","slug":"oran-une-commission-pour-enqueter-sur-la-situation-prevalant-a-lhopital-anti-cancer-del-hassi","status":"publish","type":"post","link":"https:\/\/linitiative.ca\/International\/oran-une-commission-pour-enqueter-sur-la-situation-prevalant-a-lhopital-anti-cancer-del-hassi\/","title":{"rendered":"Oran : une commission pour enqu\u00eater sur la situation pr\u00e9valant \u00e0 l\u2019h\u00f4pital anti-cancer d\u2019El Hassi"},"content":{"rendered":"<div>\n<div class=\"K2FeedIntroText\">\n<p><strong>ORAN- Le wali d&rsquo;Oran, Mouloud Cherifi, a instruit les parties concern\u00e9es de d\u00e9signer une commission charg\u00e9e d&rsquo;enqu\u00eater sur la situation pr\u00e9valant au niveau de l\u2019\u00e9tablissement hospitalier sp\u00e9cialis\u00e9\u00a0dans les maladies canc\u00e9reuses d\u2019El Hassi, a-t-on appris jeudi aupr\u00e8s des services de la wilaya.<\/strong><\/p>\n<\/div>\n<div class=\"K2FeedFullText\">\n<p>La commission sera pr\u00e9sid\u00e9e par le directeur de la sant\u00e9 et de la population de la wilaya d&rsquo;Oran, a indiqu\u00e9 le chef de l\u2019ex\u00e9cutif de wilaya qui a instruit les parties concern\u00e9es de prendre les dispositions\u00a0n\u00e9cessaires \u00ab\u00a0dans les brefs d\u00e9lais\u00a0\u00bb pour r\u00e9pondre \u00e0 des dol\u00e9ances de malades et de leurs parents, lors d&rsquo;une visite inopin\u00e9e sur terrain effectu\u00e9e mardi dernier.<\/p>\n<p>Des malades et leurs parents ont exprim\u00e9 leur m\u00e9contentement quant \u00e0 des anomalies et lacunes rencontr\u00e9es dans cet \u00e9tablissement de sant\u00e9 publique en d\u00e9pit, ont-ils dit, des instructions donn\u00e9es par le wali lors de ses diff\u00e9rentes visites.<\/p>\n<p>Les citoyens ont soulev\u00e9 des pr\u00e9occupations li\u00e9es aux p\u00e9nibles d\u00e9placements des enfants malades accompagn\u00e9s de leurs parents \u00e0 d\u2019autres \u00e9tablissements publics ou priv\u00e9s pour se doter de poches de sang, ajout\u00e9 au probl\u00e8me d&rsquo;achat de certains \u00e9quipements m\u00e9dicaux n\u00e9cessaires en dehors de\u00a0l&rsquo;h\u00f4pital.<\/p>\n<p>Le service ne dispose que d&rsquo;une seule ambulance qui ne peut pas couvrir les besoins quotidiens des enfants malades devant\u00a0 effectuer des analyses qui devraient se faire sur place, a-t-on d\u00e9plor\u00e9.<\/p>\n<p>Le probl\u00e8me de p\u00e9nurie de certains m\u00e9dicaments utilis\u00e9s lors de la p\u00e9riode du traitement, l\u2019arr\u00eat de fonctionnement des appareils de radiologie, la non prise en charge des b\u00e9n\u00e9voles qui fr\u00e9quentent le service pour le don du sang ont \u00e9t\u00e9 \u00e9galement soulev\u00e9s.<\/p>\n<p>Des instructions ont \u00e9t\u00e9 donn\u00e9es au directeur de la sant\u00e9 pour collaborer avec son homologue de la protection civile en vue de r\u00e9server une ambulance devant transporter des enfants malades en dehors du service pour effectuer des analyses et ce, \u00e0 titre provisoire, en attendant le renforcement en ambulances du parc de l&rsquo;h\u00f4pital, \u00e9tablissement important fr\u00e9quent\u00e9 par des citoyens de la partie ouest du pays.<\/p>\n<p>\u00a0<\/p>\n<\/div>\n<\/div>\n<p>Auteur:<br \/>\n<a href=\"http:\/\/www.aps.dz\/regions\/94334-oran-une-commission-pour-enqueter-sur-la-situation-prevalant-a-l-hopital-anti-cancer-d-el-hassi\">Cliquez ici pour lire l&rsquo;article depuis sa source.<\/a><\/p>\n","protected":false},"excerpt":{"rendered":"<p>ORAN- Le wali d&rsquo;Oran, Mouloud Cherifi, a instruit les parties concern\u00e9es de d\u00e9signer une commission charg\u00e9e d&rsquo;enqu\u00eater sur la situation pr\u00e9valant au niveau de l\u2019\u00e9tablissement hospitalier sp\u00e9cialis\u00e9\u00a0dans les maladies canc\u00e9reuses d\u2019El Hassi, a-t-on appris jeudi aupr\u00e8s des services de la wilaya. La commission sera pr\u00e9sid\u00e9e par le directeur de la sant\u00e9 et de la population [&hellip;]<\/p>\n","protected":false},"author":1790,"featured_media":0,"comment_status":"closed","ping_status":"closed","sticky":false,"template":"","format":"standard","meta":{"fifu_image_url":"","fifu_image_alt":"","footnotes":""},"categories":[53,76],"tags":[],"class_list":["post-60917","post","type-post","status-publish","format-standard","hentry","category-algerie","category-regions"],"_links":{"self":[{"href":"https:\/\/linitiative.ca\/International\/wp-json\/wp\/v2\/posts\/60917","targetHints":{"allow":["GET"]}}],"collection":[{"href":"https:\/\/linitiative.ca\/International\/wp-json\/wp\/v2\/posts"}],"about":[{"href":"https:\/\/linitiative.ca\/International\/wp-json\/wp\/v2\/types\/post"}],"author":[{"embeddable":true,"href":"https:\/\/linitiative.ca\/International\/wp-json\/wp\/v2\/users\/1790"}],"replies":[{"embeddable":true,"href":"https:\/\/linitiative.ca\/International\/wp-json\/wp\/v2\/comments?post=60917"}],"version-history":[{"count":0,"href":"https:\/\/linitiative.ca\/International\/wp-json\/wp\/v2\/posts\/60917\/revisions"}],"wp:attachment":[{"href":"https:\/\/linitiative.ca\/International\/wp-json\/wp\/v2\/media?parent=60917"}],"wp:term":[{"taxonomy":"category","embeddable":true,"href":"https:\/\/linitiative.ca\/International\/wp-json\/wp\/v2\/categories?post=60917"},{"taxonomy":"post_tag","embeddable":true,"href":"https:\/\/linitiative.ca\/International\/wp-json\/wp\/v2\/tags?post=60917"}],"curies":[{"name":"wp","href":"https:\/\/api.w.org\/{rel}","templated":true}]}}