{"id":60920,"date":"2019-09-12T06:15:00","date_gmt":"2019-09-12T10:15:00","guid":{"rendered":"https:\/\/linitiative.ca\/International\/fes-non-les-lustres-dal-quaraouiyine-ne-sont-pas-a-vendre\/"},"modified":"2019-09-12T06:15:00","modified_gmt":"2019-09-12T10:15:00","slug":"fes-non-les-lustres-dal-quaraouiyine-ne-sont-pas-a-vendre","status":"publish","type":"post","link":"https:\/\/linitiative.ca\/International\/fes-non-les-lustres-dal-quaraouiyine-ne-sont-pas-a-vendre\/","title":{"rendered":"F\u00e8s: Non, les lustres d\u2019Al Quaraouiyine ne sont pas \u00e0 vendre"},"content":{"rendered":"<div readability=\"34\">\n<p>Leur transfert du mus\u00e9e Batha \u00e0 la mosqu\u00e9e sera assur\u00e9 par une entreprise sp\u00e9cialis\u00e9e<\/p>\n<p>Un chef-d\u2019\u0153uvre de l\u2019art islamique qui a marqu\u00e9 les si\u00e8cles derniers<\/p>\n<\/div>\n<div readability=\"96\">\n<div class=\"dnd-atom-wrapper type-image context-sdl_editor_representation\" contenteditable=\"false\" readability=\"35\">\n<div class=\"dnd-drop-wrapper image\"><img loading=\"lazy\" decoding=\"async\" typeof=\"foaf:Image\" class=\"img-responsive\" src=\"https:\/\/www.leconomiste.com\/sites\/default\/files\/eco7\/public\/thumbnails\/image\/lustres-dal-quaraouiyine-090.jpg\" width=\"660\" height=\"330\" alt=\"lustres-dal-quaraouiyine-090.jpg\" title=\"lustres-dal-quaraouiyine-090.jpg\"\/><\/div>\n<div class=\"dnd-legend-wrapper\" contenteditable=\"true\" readability=\"15\">\n<p class=\"rtejustify\">Les lustres de la mosqu\u00e9e fond\u00e9e par Fatima Al Fihria font partie du patrimoine historique de la capitale spirituelle. Le plus grand, command\u00e9 au XIIIe si\u00e8cle par le calife Almohade Muhammad An-N\u00e2sir, fils et successeur d\u2019Ab\u00fb Y\u00fbsuf Ya\u2019q\u00fbb Al-Mans\u00fbr, p\u00e8se 1,75 tonne pour 2,25 m\u00e8tres de diam\u00e8tre <em>(Ph.YSA)<\/em><\/p>\n<\/div>\n<\/div>\n<p class=\"rtejustify\">Cr\u00e9\u00e9e il y a plus de onze si\u00e8cles et demi, la mosqu\u00e9e Al Quaraouiyine est victime de fake news largement relay\u00e9es. Tout a r\u00e9cemment commenc\u00e9 par une image montrant le grand lustre de la mosqu\u00e9e Al Quaraouiyine au Louvre. Cette photo a \u00e9t\u00e9 prise \u00e0 l\u2019occasion de l\u2019exposition \u00abLe Maroc M\u00e9di\u00e9val\u00bb, organis\u00e9e entre 2014 et 2015 \u00e0 Paris. Les sources de l\u2019intox, qui l\u2019ont pr\u00e9sent\u00e9e comme r\u00e9cente, ont affirm\u00e9 que le lustre a \u00e9t\u00e9 vendu au mus\u00e9e parisien. Ce qui est totalement faux.<\/p>\n<p class=\"rtejustify\">Contact\u00e9 par L\u2019Economiste, Mohamed Bahaja a mis fin aux rumeurs: Le grand lustre et le lustre-cloche, tous deux expos\u00e9s au Louvre, ont \u00e9t\u00e9 bel et bien rapatri\u00e9s au Maroc. Selon le d\u00e9l\u00e9gu\u00e9 du minist\u00e8re des Affaires islamiques et des Habous \u00e0 F\u00e8s, \u00ables deux lustres ont \u00e9t\u00e9 expos\u00e9s au mus\u00e9e fran\u00e7ais en 2015, \u00e0 l\u2019occasion de l\u2019ann\u00e9e du Maroc\u00bb.<\/p>\n<p class=\"rtejustify\">Apr\u00e8s cet \u00e9v\u00e9nement, les deux Tourayas antiques ont \u00e9t\u00e9 remises \u00e0 la Fondation Mohammed VI des mus\u00e9es pour une exposition \u00e0 Rabat, puis transf\u00e9r\u00e9es au mus\u00e9e Batha \u00e0 F\u00e8s. \u00abEtant donn\u00e9 qu\u2019il s\u2019agit d\u2019objets de valeurs patrimoniale et historique, ceux-ci n\u00e9cessitent une manutention professionnelle \u00e0 chaque d\u00e9montage et d\u00e9placement. Nous n\u2019attendons que l\u2019entreprise en charge de cette manutention pour les r\u00e9ceptionner \u00e0 la Quaraouiyine\u00bb, pr\u00e9cise Bahaja.<\/p>\n<p class=\"rtejustify\">M\u00eame son de cloche aupr\u00e8s de Mehdi Qotbi, pr\u00e9sident de la Fondation nationale des mus\u00e9es (FNM), pour qui \u00ables lustres sont au mus\u00e9e Al-Batha\u2026Un mus\u00e9e qui appartient \u00e0 l\u2019Etat marocain, tout comme la mosqu\u00e9e Al Quaraouiyine\u00bb. \u00abJ\u2019ai contact\u00e9 le wali de la r\u00e9gion le 9 septembre. Il m\u2019a confirm\u00e9 qu\u2019une entreprise sp\u00e9cialis\u00e9e est d\u00e9sign\u00e9e pour d\u00e9placer ces lustres \u00e0 la mosqu\u00e9e Al Quaraouiyine\u00bb, rajoute Qotbi.<\/p>\n<p class=\"rtejustify\">Vu leur poids, les difficult\u00e9s que pose leur manutention, et l\u2019exigu\u00eft\u00e9 des ruelles de l\u2019ancienne F\u00e8s, ces \u0153uvres ne pourraient \u00eatre d\u00e9plac\u00e9es facilement. Mais, tout porte \u00e0 croire qu\u2019elles retrouveront bient\u00f4t leur place \u00e0 la mosqu\u00e9e embl\u00e9matique de la vieille m\u00e9dina.<\/p>\n<p class=\"rtejustify\">Consid\u00e9r\u00e9 comme un chef-d\u2019\u0153uvre de l\u2019art islamique, le grand lustre de la mosqu\u00e9e fond\u00e9e par Fatima Al Fihria a durablement marqu\u00e9 les dinandiers des si\u00e8cles suivants. R\u00e9alis\u00e9 entre 1202 et 1213 sur ordre du calife Almohade Muhammad an-N\u00e2sir, fils et successeur d\u2019Ab\u00fb Y\u00fbsuf Ya\u2019q\u00fbb al-Mans\u00fbr, le lustre de 2,25 m\u00e8tres de diam\u00e8tre et d\u2019un poids estim\u00e9 \u00e0 pr\u00e8s de 1,75 tonne, a co\u00fbt\u00e9 entre 717 dinars et un cinqui\u00e8me de dinar.<\/p>\n<p class=\"rtejustify\">En outre, ledit lustre dispose de plus de 500 godets, \u00e9chelonn\u00e9s sur une plateforme de neuf gradins. Le remplissage de ces godets n\u00e9cessitait une quantit\u00e9 cons\u00e9quente d\u2019huile, extraite des oliviers faisant partie du domaine waqf de la mosqu\u00e9e.<\/p>\n<p class=\"rtejustify\"><em>De notre correspondant permanent, Youness SAAD ALAMI<\/em><\/p>\n<\/div>\n<p>Auteur: hlafriqi<br \/>\n<a href=\"https:\/\/www.leconomiste.com\/article\/1050049-fes-non-les-lustres-d-al-quaraouiyine-ne-sont-pas-vendre\">Cliquez ici pour lire l&rsquo;article depuis sa source.<\/a><\/p>\n","protected":false},"excerpt":{"rendered":"<p>Leur transfert du mus\u00e9e Batha \u00e0 la mosqu\u00e9e sera assur\u00e9 par une entreprise sp\u00e9cialis\u00e9e Un chef-d\u2019\u0153uvre de l\u2019art islamique qui a marqu\u00e9 les si\u00e8cles derniers Les lustres de la mosqu\u00e9e fond\u00e9e par Fatima Al Fihria font partie du patrimoine historique de la capitale spirituelle. Le plus grand, command\u00e9 au XIIIe si\u00e8cle par le calife Almohade [&hellip;]<\/p>\n","protected":false},"author":1763,"featured_media":60921,"comment_status":"closed","ping_status":"closed","sticky":false,"template":"","format":"standard","meta":{"fifu_image_url":"","fifu_image_alt":"","footnotes":""},"categories":[78,54],"tags":[],"class_list":["post-60920","post","type-post","status-publish","format-standard","has-post-thumbnail","hentry","category-economie","category-maroc"],"_links":{"self":[{"href":"https:\/\/linitiative.ca\/International\/wp-json\/wp\/v2\/posts\/60920","targetHints":{"allow":["GET"]}}],"collection":[{"href":"https:\/\/linitiative.ca\/International\/wp-json\/wp\/v2\/posts"}],"about":[{"href":"https:\/\/linitiative.ca\/International\/wp-json\/wp\/v2\/types\/post"}],"author":[{"embeddable":true,"href":"https:\/\/linitiative.ca\/International\/wp-json\/wp\/v2\/users\/1763"}],"replies":[{"embeddable":true,"href":"https:\/\/linitiative.ca\/International\/wp-json\/wp\/v2\/comments?post=60920"}],"version-history":[{"count":0,"href":"https:\/\/linitiative.ca\/International\/wp-json\/wp\/v2\/posts\/60920\/revisions"}],"wp:featuredmedia":[{"embeddable":true,"href":"https:\/\/linitiative.ca\/International\/wp-json\/"}],"wp:attachment":[{"href":"https:\/\/linitiative.ca\/International\/wp-json\/wp\/v2\/media?parent=60920"}],"wp:term":[{"taxonomy":"category","embeddable":true,"href":"https:\/\/linitiative.ca\/International\/wp-json\/wp\/v2\/categories?post=60920"},{"taxonomy":"post_tag","embeddable":true,"href":"https:\/\/linitiative.ca\/International\/wp-json\/wp\/v2\/tags?post=60920"}],"curies":[{"name":"wp","href":"https:\/\/api.w.org\/{rel}","templated":true}]}}