{"id":60922,"date":"2019-09-12T06:30:00","date_gmt":"2019-09-12T10:30:00","guid":{"rendered":"https:\/\/linitiative.ca\/International\/tanjazz-lage-de-la-maturite\/"},"modified":"2019-09-12T06:30:00","modified_gmt":"2019-09-12T10:30:00","slug":"tanjazz-lage-de-la-maturite","status":"publish","type":"post","link":"https:\/\/linitiative.ca\/International\/tanjazz-lage-de-la-maturite\/","title":{"rendered":"Tanjazz: L\u2019\u00e2ge de la maturit\u00e9"},"content":{"rendered":"<div readability=\"34\">\n<p>Le festival du d\u00e9troit f\u00eate ses 20 ans<\/p>\n<p>Une programmation exceptionnelle pour l\u2019occasion<\/p>\n<\/div>\n<div readability=\"85\">\n<div class=\"dnd-atom-wrapper type-image context-sdl_editor_representation atom-align-right\" contenteditable=\"false\" readability=\"33\">\n<div class=\"dnd-drop-wrapper image\"><img loading=\"lazy\" decoding=\"async\" typeof=\"foaf:Image\" class=\"img-responsive\" src=\"https:\/\/mobile.leconomiste.com\/sites\/default\/files\/eco7\/public\/thumbnails\/image\/tanjazz_090.jpg\" width=\"369\" height=\"243\" alt=\"tanjazz_090.jpg\" title=\"tanjazz_090.jpg\"\/><\/div>\n<div class=\"dnd-legend-wrapper\" contenteditable=\"true\" readability=\"11\">\n<p class=\"rtejustify\">La chanteuse espagnole d\u2019origine \u00e9quato-guin\u00e9enne avait r\u00e9alis\u00e9 une performance tr\u00e8s remarqu\u00e9e \u00e0 l&rsquo;\u00e9dition 2014. Cinq ans apr\u00e8s, pr\u00e9c\u00e9d\u00e9e par une reconnaissance internationale, elle revient pour un concert tr\u00e8s attendu le samedi 21 septembre au Palais Moulay Hafid <em>(Ph. DR)<\/em><\/p>\n<\/div>\n<\/div>\n<p class=\"rtejustify\">En septembre 2000, naissait \u00e0 Tanger\u00a0 un festival atypique, d\u00e9di\u00e9 exclusivement au jazz sur la petite sc\u00e8ne ouverte de la Mandoubia. Le Tanjazz, qui f\u00eate cette ann\u00e9e sa 20e\u00a0 \u00e9dition du 15 au 22 septembre, est aujourd\u2019hui l\u2019un des \u00e9v\u00e9nements embl\u00e9matiques de la ville du d\u00e9troit.<\/p>\n<p class=\"rtejustify\">Une \u00e9dition sp\u00e9ciale qui sera c\u00e9l\u00e9br\u00e9e \u00abentour\u00e9 de ceux qui t\u2019aiment et ceux qui t\u2019ont accompagn\u00e9 tout au long de ta vie\u00bb comme l\u2019a promis son cr\u00e9ateur, Philippe Lorin, dans une d\u00e9dicace sign\u00e9e \u00abton papa\u00bb.\u00a0 Le festival promet une programmation exceptionnelle pour l\u2019occasion.\u00a0 Par sa dur\u00e9e d\u2019abord, 8 jours de festivit\u00e9s, c&rsquo;est-\u00e0-dire 2 fois la taille d\u2019un Tanjazz \u00abnormal\u00bb, les quatre premiers jours \u00e9tant d\u00e9di\u00e9s au festival off et \u00e0 la sc\u00e8ne gratuite.\u00a0<\/p>\n<p class=\"rtejustify\">Une date anniversaire qui sera l\u2019occasion d\u2019inviter une trentaine d\u2019artistes ou formation ayant marqu\u00e9 l\u2019\u00e9v\u00e8nement\u00a0 tout au long de son existence. \u00abNous avons fait le choix de r\u00e9inviter la famille: des artistes ayant \u00e9t\u00e9\u00a0 pl\u00e9biscit\u00e9s sur les sc\u00e8nes de Tanjazz, dont certains sont devenus t\u00eates d\u2019affiche apr\u00e8s avoir \u00e9t\u00e9 d\u00e9couverts \u00e0 Tanger.<\/p>\n<p class=\"rtejustify\">Certains d\u2019entre eux avaient accept\u00e9 de se produire gratuitement lors des premi\u00e8res \u00e9ditions pour lancer\u00a0 le festival\u00bb, pr\u00e9cisent les organisateurs.\u00a0 Parmi les t\u00eates d\u2019affiche attendus: David Costa Coelho (2006 et 2014), Buika (2014), Nina Van Horn (2010 et 2016) ou encore David Linx &#038; David Wissels (2001). La particularit\u00e9 de l\u2019\u00e9dition r\u00e9side \u00e9galement dans les espaces investis.\u00a0<\/p>\n<p class=\"rtejustify\">En plus de l\u2019incontournable Palais Moulay Hafid (comprenant 6 sc\u00e8nes), c\u0153ur battant du festival qui ouvrira ses portes \u00e0 partir du jeudi 19 septembre, de nouveaux lieux r\u00e9sonneront des rythmes d\u2019un jazz toujours \u00e9clectique: le paisible jardin du mus\u00e9e de la Kasbah pour des concerts en apr\u00e8s-midi, la gare TGV et le City Mall, l\u2019espace d\u2019animation culturelle Tabadoul, ainsi que certains h\u00f4tels de la ville.<\/p>\n<p class=\"rtejustify\">Last but not least, l\u2019anniversaire des 20 ans verra le retour symbolique de la sc\u00e8ne quotidienne gratuite, dite BMCI Ville, au sein du th\u00e9\u00e2tre de verdure de la Mandoubia, lieu de naissance de Tanjazz, sur le Grand Socco. Cette r\u00e9sidence du Mandoub, autrefois close de hauts murs, est devenue entre-temps un immense jardin public ouvert \u00e0 tous, poumon vert de la m\u00e9dina.<\/p>\n<p class=\"rtejustify\"><em>A.Bo<\/em><\/p>\n<\/div>\n<p>Auteur: hlafriqi<br \/>\n<a href=\"https:\/\/www.leconomiste.com\/article\/1050053-tanjazz-l-age-de-la-maturite\">Cliquez ici pour lire l&rsquo;article depuis sa source.<\/a><\/p>\n","protected":false},"excerpt":{"rendered":"<p>Le festival du d\u00e9troit f\u00eate ses 20 ans Une programmation exceptionnelle pour l\u2019occasion La chanteuse espagnole d\u2019origine \u00e9quato-guin\u00e9enne avait r\u00e9alis\u00e9 une performance tr\u00e8s remarqu\u00e9e \u00e0 l&rsquo;\u00e9dition 2014. Cinq ans apr\u00e8s, pr\u00e9c\u00e9d\u00e9e par une reconnaissance internationale, elle revient pour un concert tr\u00e8s attendu le samedi 21 septembre au Palais Moulay Hafid (Ph. DR) En septembre 2000, [&hellip;]<\/p>\n","protected":false},"author":1763,"featured_media":60923,"comment_status":"closed","ping_status":"closed","sticky":false,"template":"","format":"standard","meta":{"fifu_image_url":"","fifu_image_alt":"","footnotes":""},"categories":[78,54],"tags":[],"class_list":["post-60922","post","type-post","status-publish","format-standard","has-post-thumbnail","hentry","category-economie","category-maroc"],"_links":{"self":[{"href":"https:\/\/linitiative.ca\/International\/wp-json\/wp\/v2\/posts\/60922","targetHints":{"allow":["GET"]}}],"collection":[{"href":"https:\/\/linitiative.ca\/International\/wp-json\/wp\/v2\/posts"}],"about":[{"href":"https:\/\/linitiative.ca\/International\/wp-json\/wp\/v2\/types\/post"}],"author":[{"embeddable":true,"href":"https:\/\/linitiative.ca\/International\/wp-json\/wp\/v2\/users\/1763"}],"replies":[{"embeddable":true,"href":"https:\/\/linitiative.ca\/International\/wp-json\/wp\/v2\/comments?post=60922"}],"version-history":[{"count":0,"href":"https:\/\/linitiative.ca\/International\/wp-json\/wp\/v2\/posts\/60922\/revisions"}],"wp:featuredmedia":[{"embeddable":true,"href":"https:\/\/linitiative.ca\/International\/wp-json\/"}],"wp:attachment":[{"href":"https:\/\/linitiative.ca\/International\/wp-json\/wp\/v2\/media?parent=60922"}],"wp:term":[{"taxonomy":"category","embeddable":true,"href":"https:\/\/linitiative.ca\/International\/wp-json\/wp\/v2\/categories?post=60922"},{"taxonomy":"post_tag","embeddable":true,"href":"https:\/\/linitiative.ca\/International\/wp-json\/wp\/v2\/tags?post=60922"}],"curies":[{"name":"wp","href":"https:\/\/api.w.org\/{rel}","templated":true}]}}