{"id":60924,"date":"2019-09-12T06:30:00","date_gmt":"2019-09-12T10:30:00","guid":{"rendered":"https:\/\/linitiative.ca\/International\/tanger-la-fac-de-medecine-entre-enfin-en-service\/"},"modified":"2019-09-12T06:30:00","modified_gmt":"2019-09-12T10:30:00","slug":"tanger-la-fac-de-medecine-entre-enfin-en-service","status":"publish","type":"post","link":"https:\/\/linitiative.ca\/International\/tanger-la-fac-de-medecine-entre-enfin-en-service\/","title":{"rendered":"Tanger: La fac de m\u00e9decine entre enfin en service"},"content":{"rendered":"<div readability=\"36\">\n<p>400 \u00e9tudiants de la 1re \u00e0 la 4e ann\u00e9e parmi ses premiers locataires<\/p>\n<p>Le CHU, d\u2019une capacit\u00e9 de 800 lits, attendra jusqu\u2019\u00e0 la prochaine rentr\u00e9e<\/p>\n<\/div>\n<div readability=\"93\">\n<div class=\"dnd-atom-wrapper type-image context-sdl_editor_representation\" contenteditable=\"false\" readability=\"34\">\n<div class=\"dnd-drop-wrapper image\"><img loading=\"lazy\" decoding=\"async\" typeof=\"foaf:Image\" class=\"img-responsive\" src=\"https:\/\/mobile.leconomiste.com\/sites\/default\/files\/eco7\/public\/thumbnails\/image\/dhl-tanger-090_0.jpg\" width=\"660\" height=\"330\" alt=\"dhl-tanger-090.jpg\" title=\"dhl-tanger-090.jpg\"\/><\/div>\n<div class=\"dnd-legend-wrapper\" contenteditable=\"true\" readability=\"13\">\n<p class=\"rtejustify\">La nouvelle facult\u00e9 dispose de trois grands amphith\u00e9\u00e2tres, une dizaine de salles de cours, des laboratoires d\u2019anatomie, de physiologie et de biologie, ainsi que des terrains de sport et d\u2019une buvette <em>(Ph. Adam)<\/em><\/p>\n<\/div>\n<\/div>\n<p class=\"rtejustify\">La fac de m\u00e9decine de Tanger a re\u00e7u en d\u00e9but de semaine ses premiers locataires. Il s\u2019agit de quelque 400 \u00e9tudiants de la premi\u00e8re \u00e0 la quatri\u00e8me ann\u00e9e, dont une partie avait entam\u00e9 ses \u00e9tudes sur les bancs de la FST de Tanger \u00e0 partir de 2016. L\u2019\u00e9tablissement \u00e9tait pratiquement finalis\u00e9 d\u00e8s l\u2019ann\u00e9e derni\u00e8re mais n\u2019avait pu entrer en service, car les travaux de la desserte avaient pris plus de temps que pr\u00e9vu.<\/p>\n<p class=\"rtejustify\">En effet, la route devant mener \u00e0 la facult\u00e9 de m\u00e9decine et de pharmacie connaissait quelques retards dus \u00e0 des probl\u00e8mes techniques et de phasage, en particulier le pont pr\u00e9vu sur oued Boughaddou, connectant aussi le Centre hospitalier universitaire adjacent, et dont la r\u00e9alisation avait pris du retard. Selon plusieurs \u00e9tudiants, le d\u00e9m\u00e9nagement devenait urgent, car des cours impartis pendant la 4e ann\u00e9e n\u00e9cessitent un \u00e9quipement sp\u00e9cifique et des salles am\u00e9nag\u00e9es, non disponibles au niveau de la FST.<\/p>\n<p class=\"rtejustify\">La fac, fra\u00eechement entr\u00e9e en service, dispose de trois grands amphith\u00e9\u00e2tres, une dizaine de salles de cours, des laboratoires d\u2019anatomie, de physiologie et de biologie pour les travaux pratiques, ainsi que des terrains de sport et une buvette.<\/p>\n<p class=\"rtejustify\">Pour l\u2019internat, les futurs m\u00e9decins devront attendre encore un peu. En effet, les travaux du futur CHU ne seront pas finalis\u00e9s avant la prochaine rentr\u00e9e, selon plusieurs sources. L\u2019h\u00f4pital qui servira de r\u00e9f\u00e9rence en mati\u00e8re sanitaire au niveau de l\u2019ensemble de la r\u00e9gion ne pourra recevoir ses premiers internes que lors de la rentr\u00e9e 2020-2021.<\/p>\n<p class=\"rtejustify\">A noter que le CHU, pour sa part, disposera d\u2019une capacit\u00e9 de pr\u00e8s de 800 lits pour diff\u00e9rentes sp\u00e9cialit\u00e9s, dont la sant\u00e9 de la m\u00e8re et de l\u2019enfant, la chirurgie avec un bloc op\u00e9ratoire comportant 15 salles, ainsi qu\u2019une aile d\u00e9di\u00e9e aux grands br\u00fbl\u00e9s. Il aura \u00e0 sa disposition un laboratoire central, une unit\u00e9 de t\u00e9l\u00e9m\u00e9decine, en plus de diff\u00e9rents services de formation en relation avec la facult\u00e9.<\/p>\n<p class=\"rtejustify\">D\u2019un co\u00fbt global de 2,3 milliards de DH, le projet a \u00e9t\u00e9 financ\u00e9 par le Fonds qatari pour le d\u00e9veloppement. Il a \u00e9t\u00e9 r\u00e9alis\u00e9 sur un terrain de 23 hectares dont 89.072 m\u00b2 couverts, sur un terrain mitoyen de la facult\u00e9 de m\u00e9decine. Le site, qui se trouve \u00e0 la sortie de l\u2019autoroute de Rabat, comprend aussi\u00a0 le Centre d\u2019oncologie de Tanger, d\u00e9j\u00e0 op\u00e9rationnel.<\/p>\n<p class=\"rtejustify\"><em>De notre correspondant permanent, Ali ABJIOU<\/em><\/p>\n<p class=\"rtejustify\">\u00a0<\/p>\n<p class=\"rtejustify\">\u00a0<\/p>\n<\/div>\n<p>Auteur: hlafriqi<br \/>\n<a href=\"https:\/\/www.leconomiste.com\/article\/1050050-tanger-la-fac-de-medecine-entre-enfin-en-service\">Cliquez ici pour lire l&rsquo;article depuis sa source.<\/a><\/p>\n","protected":false},"excerpt":{"rendered":"<p>400 \u00e9tudiants de la 1re \u00e0 la 4e ann\u00e9e parmi ses premiers locataires Le CHU, d\u2019une capacit\u00e9 de 800 lits, attendra jusqu\u2019\u00e0 la prochaine rentr\u00e9e La nouvelle facult\u00e9 dispose de trois grands amphith\u00e9\u00e2tres, une dizaine de salles de cours, des laboratoires d\u2019anatomie, de physiologie et de biologie, ainsi que des terrains de sport et d\u2019une [&hellip;]<\/p>\n","protected":false},"author":1763,"featured_media":60925,"comment_status":"closed","ping_status":"closed","sticky":false,"template":"","format":"standard","meta":{"fifu_image_url":"","fifu_image_alt":"","footnotes":""},"categories":[78,54],"tags":[],"class_list":["post-60924","post","type-post","status-publish","format-standard","has-post-thumbnail","hentry","category-economie","category-maroc"],"_links":{"self":[{"href":"https:\/\/linitiative.ca\/International\/wp-json\/wp\/v2\/posts\/60924","targetHints":{"allow":["GET"]}}],"collection":[{"href":"https:\/\/linitiative.ca\/International\/wp-json\/wp\/v2\/posts"}],"about":[{"href":"https:\/\/linitiative.ca\/International\/wp-json\/wp\/v2\/types\/post"}],"author":[{"embeddable":true,"href":"https:\/\/linitiative.ca\/International\/wp-json\/wp\/v2\/users\/1763"}],"replies":[{"embeddable":true,"href":"https:\/\/linitiative.ca\/International\/wp-json\/wp\/v2\/comments?post=60924"}],"version-history":[{"count":0,"href":"https:\/\/linitiative.ca\/International\/wp-json\/wp\/v2\/posts\/60924\/revisions"}],"wp:featuredmedia":[{"embeddable":true,"href":"https:\/\/linitiative.ca\/International\/wp-json\/"}],"wp:attachment":[{"href":"https:\/\/linitiative.ca\/International\/wp-json\/wp\/v2\/media?parent=60924"}],"wp:term":[{"taxonomy":"category","embeddable":true,"href":"https:\/\/linitiative.ca\/International\/wp-json\/wp\/v2\/categories?post=60924"},{"taxonomy":"post_tag","embeddable":true,"href":"https:\/\/linitiative.ca\/International\/wp-json\/wp\/v2\/tags?post=60924"}],"curies":[{"name":"wp","href":"https:\/\/api.w.org\/{rel}","templated":true}]}}