{"id":60926,"date":"2019-09-12T07:00:00","date_gmt":"2019-09-12T11:00:00","guid":{"rendered":"https:\/\/linitiative.ca\/International\/lboulevard-2019-un-esprit-boheme-hors-norme-et-inclusif\/"},"modified":"2019-09-12T07:00:00","modified_gmt":"2019-09-12T11:00:00","slug":"lboulevard-2019-un-esprit-boheme-hors-norme-et-inclusif","status":"publish","type":"post","link":"https:\/\/linitiative.ca\/International\/lboulevard-2019-un-esprit-boheme-hors-norme-et-inclusif\/","title":{"rendered":"L\u2019Boulevard 2019: Un esprit boh\u00e8me, hors norme et inclusif"},"content":{"rendered":"<div readability=\"36\">\n<p>Un tremplin pour les jeunes artistes<\/p>\n<p>Des concerts, des performances, des rencontres\u2026 et un souk<\/p>\n<\/div>\n<div readability=\"165\">\n<div class=\"dnd-atom-wrapper type-image context-sdl_editor_representation\" contenteditable=\"false\" readability=\"33.5\">\n<div class=\"dnd-drop-wrapper image\"><img loading=\"lazy\" decoding=\"async\" typeof=\"foaf:Image\" class=\"img-responsive\" src=\"https:\/\/leconomiste.com\/sites\/default\/files\/eco7\/public\/thumbnails\/image\/lboulevard-090.jpg\" width=\"660\" height=\"330\" alt=\"lboulevard-090.jpg\" title=\"lboulevard-090.jpg\"\/><\/div>\n<div class=\"dnd-legend-wrapper\" contenteditable=\"true\" readability=\"12\">\n<p class=\"rtejustify\">V\u00e9ritable agora culturelle, pens\u00e9\u00a0 d\u2019abord comme un espace d\u2019expression et de vie consacr\u00e9 au travail associatif et militant, Le Souk rassemble tous les ans une vingtaine de collectifs, de cr\u00e9ateurs et d\u2019artistes urbains <em>(Ph. Chadi Ilias\/L\u2019Boulevard)<\/em><\/p>\n<\/div>\n<\/div>\n<p class=\"rtejustify\">Concerts live, comp\u00e9tition Tremplin, cirque, danse, ateliers, formation, souk associatif, urbain et musical, livestream, cosplay, expo photo, webradio\u2026 Comme \u00e0 son habitude, le festival des arts urbains L\u2019Boulevard, nous offre une explosion cr\u00e9ative dans l\u2019esprit joyeux et bon enfant qui l\u2019a toujours caract\u00e9ris\u00e9.<\/p>\n<p class=\"rtejustify\">Une 19e \u00e9dition, qui se d\u00e9roule en deux temps: du 13 au 22 septembre 2019 au stade du RUC \u00e0 Casablanca. Avec une premi\u00e8re partie, du 13 au 15, d\u00e9di\u00e9e \u00e0 l\u2019incontournable Tremplin des jeunes musiciens, avec pour objectif : faire \u00e9clore des talents, et leur mettre le pied \u00e0 l\u2019\u00e9trier. 19 groupes, sur un total de 217 dossiers dans les cat\u00e9gories rap\/hip hop, rock\/metal, et fusion, ont \u00e9t\u00e9 s\u00e9lectionn\u00e9s pour la comp\u00e9tition.<\/p>\n<p class=\"rtejustify\">Deroua, Kal\u00e2at M\u2019gouna, Sidi Ifni, F\u00e8s, Berrechid, Azemmour, Safi, Oujda, Tanger, Agadir, El Jadida, Rabat, Sal\u00e9, Casablanca&#8230; Ils viennent de toutes les r\u00e9gions et devront jouer leurs compositions originales, parfois pour la premi\u00e8re fois, et devront convaincre un\u00a0 jury compos\u00e9 de professionnels. Les gagnants seront \u00e9galement programm\u00e9s, en premi\u00e8re partie des t\u00eates d\u2019affiche, lors du deuxi\u00e8me temps de L\u2019Boulevard du 20 au 22 septembre.<\/p>\n<p class=\"rtejustify\">Pour les grandes sc\u00e8nes, une programmation \u00e9clectique au programme. Avec le dub rock balkanique de \u00abDubioza Kolektiv\u00bb\u00a0 de Bosnie-Herz\u00e9govine,\u00a0 les chants s\u00e9r\u00e8res et gnawa d\u2019\u00abUbuntu Roads\u00bb (collectif du S\u00e9n\u00e9gal, Mauritanie et Mali).\u00a0<\/p>\n<p class=\"rtejustify\">Les Franco-libanais \u00abLove &#038; Revenge\u00bb,\u00a0 qui m\u00ealent art visuel et platine, revisitant les classiques de la musique et du cin\u00e9ma arabes des ann\u00e9es 1940 \u00e0 1990 feront \u00e9cho \u00e0 leurs concitoyennes\u00a0 death metalleuses,\u00a0 \u00e0 de l\u2019\u00e9lectro am\u00e9ricano-indon\u00e9sien venu d\u2019Espagne, du metal ethnique exp\u00e9rimental alg\u00e9rien, de la world music \u00e9gyptienne, du punk rap mandolin franco-grec\u2026<\/p>\n<p class=\"rtejustify\">Une s\u00e9lection qui propose, comme \u00e0 l\u2019accoutum\u00e9e, des artistes qui explorent le monde \u00e0 travers leurs musiques. Une tribu sonore qui se retrouve et \u00e9change avec le public depuis maintenant 19 \u00e9ditions. L\u2019\u00e2ge de la maturit\u00e9, pour un collectif qui refuse de grandir, qui garde un esprit boh\u00e8me et bon enfant, hors norme et inclusif en m\u00eame temps.\u00a0<\/p>\n<div class=\"dnd-atom-wrapper type-image context-sdl_editor_representation atom-align-right\" contenteditable=\"false\">\n<div class=\"dnd-drop-wrapper image\"><img loading=\"lazy\" decoding=\"async\" typeof=\"foaf:Image\" class=\"img-responsive\" src=\"https:\/\/leconomiste.com\/sites\/default\/files\/eco7\/public\/thumbnails\/image\/lboulvard_090_0.jpg\" width=\"223\" height=\"340\" alt=\"lboulvard_090.jpg\" title=\"lboulvard_090.jpg\"\/><\/div>\n<\/div>\n<p class=\"rtejustify\">L\u2019Boulevard, affectueusement surnomm\u00e9 L\u2019Moussem par ses fid\u00e8les de la premi\u00e8re heure, c\u2019est \u00e9galement plusieurs activit\u00e9s en dehors des grandes sc\u00e8nes. La plus importante serait Le Souk. V\u00e9ritable agora culturelle, pens\u00e9\u00a0 d\u2019abord comme un espace d\u2019expression et de vie consacr\u00e9 au travail associatif et militant, l\u2019espace rassemble tous les ans une vingtaine de collectifs, de cr\u00e9ateurs et d\u2019artistes urbains: des b\u00e9d\u00e9istes y croisent des artisans et designers, des audiophiles et des chineurs y d\u00e9couvrent des tr\u00e9sors vintage, des geeks et des otakus s\u2019y donnent rendez-vous, des cosplayers y incarnent des cr\u00e9atures fantastiques gr\u00e2ce aux costumes et armures qu\u2019ils prennent soigneusement le temps de cr\u00e9er pour l\u2019occasion.<\/p>\n<p class=\"rtejustify\">Lieu haut en couleurs, Le Souk s\u2019est, au fil des ann\u00e9es, transform\u00e9 en petite cour des miracles: baladins, jongleurs, com\u00e9diens ou conteurs s\u2019y c\u00f4toient et s\u2019y amusent, pour la plus grande joie du public, surtout des enfants et des familles.\u00a0<\/p>\n<p class=\"rtejustify\">Enfin, en v\u00e9ritable \u00e9v\u00e8nement dans l\u2019\u00e9v\u00e8nement, Le Souk abrite sa propre sc\u00e8ne, permettant aux jeunes talents de s\u2019exprimer, et au public de d\u00e9couvrir de pr\u00e8s les groupes et musiciens \u00e9mergents. D\u00e9di\u00e9e aux jam sessions, cette plateforme\u00a0 a \u00e9galement permis \u00e0 de jeunes musiciens de d\u00e9voiler leurs talents et par l\u00e0 m\u00eame, d\u2019insuffler du sang neuf \u00e0 la sc\u00e8ne locale.<\/p>\n<p class=\"rtejustify\">La m\u00e9diation n\u2019est pas en reste dans ce kal\u00e9idoscope d\u2019activit\u00e9s, \u00e0 travers L\u2019Pitch. Il s\u2019agit d\u2019un espace d\u00e9di\u00e9 aux actrices et acteurs socio-culturels, qui aspirent \u00e0 cr\u00e9er des rencontres et des terrains de r\u00e9flexion et de collaborations autour des professionnels du champ culturel casablancais. Pour cette 19e \u00e9dition de L\u2019Boulevard, L\u2019Pitch fait justement la part belle au jeune public en choisissant pour th\u00e8me: \u00abComment faire m\u00e9diation aupr\u00e8s du jeune public?\u00bb.<\/p>\n<p class=\"rtejustify\">Con\u00e7u cette ann\u00e9e comme un v\u00e9ritable jeu de parcours centr\u00e9 sur la question \u00abpeut-on penser le festival par le prisme du jeu?\u00bb, L\u2019Pitch, aid\u00e9 par une dizaine d\u2019acteurs et actrices culturelles, accompagnera des groupes d\u2019enfants dans l\u2019objectif de pr\u00e9senter de mani\u00e8re ludique le montage de projets festivaliers \u00e0 Casablanca, et ainsi faire le pont entre l\u2019animation et la m\u00e9diation culturelle, entre ce qui \u00abest\u00bb \u00e9v\u00e9nement et ce qui \u00abfait\u00bb \u00e9v\u00e9nement.<\/p>\n<p class=\"rtejustify\"><em>Amine BOUSHABA<\/em><\/p>\n<\/div>\n<p>Auteur: hlafriqi<br \/>\n<a href=\"https:\/\/www.leconomiste.com\/article\/1050052-l-boulevard-2019-un-esprit-boheme-hors-norme-et-inclusif\">Cliquez ici pour lire l&rsquo;article depuis sa source.<\/a><\/p>\n","protected":false},"excerpt":{"rendered":"<p>Un tremplin pour les jeunes artistes Des concerts, des performances, des rencontres\u2026 et un souk V\u00e9ritable agora culturelle, pens\u00e9\u00a0 d\u2019abord comme un espace d\u2019expression et de vie consacr\u00e9 au travail associatif et militant, Le Souk rassemble tous les ans une vingtaine de collectifs, de cr\u00e9ateurs et d\u2019artistes urbains (Ph. Chadi Ilias\/L\u2019Boulevard) Concerts live, comp\u00e9tition Tremplin, [&hellip;]<\/p>\n","protected":false},"author":1763,"featured_media":60927,"comment_status":"closed","ping_status":"closed","sticky":false,"template":"","format":"standard","meta":{"fifu_image_url":"","fifu_image_alt":"","footnotes":""},"categories":[78,54],"tags":[],"class_list":["post-60926","post","type-post","status-publish","format-standard","has-post-thumbnail","hentry","category-economie","category-maroc"],"_links":{"self":[{"href":"https:\/\/linitiative.ca\/International\/wp-json\/wp\/v2\/posts\/60926","targetHints":{"allow":["GET"]}}],"collection":[{"href":"https:\/\/linitiative.ca\/International\/wp-json\/wp\/v2\/posts"}],"about":[{"href":"https:\/\/linitiative.ca\/International\/wp-json\/wp\/v2\/types\/post"}],"author":[{"embeddable":true,"href":"https:\/\/linitiative.ca\/International\/wp-json\/wp\/v2\/users\/1763"}],"replies":[{"embeddable":true,"href":"https:\/\/linitiative.ca\/International\/wp-json\/wp\/v2\/comments?post=60926"}],"version-history":[{"count":0,"href":"https:\/\/linitiative.ca\/International\/wp-json\/wp\/v2\/posts\/60926\/revisions"}],"wp:featuredmedia":[{"embeddable":true,"href":"https:\/\/linitiative.ca\/International\/wp-json\/"}],"wp:attachment":[{"href":"https:\/\/linitiative.ca\/International\/wp-json\/wp\/v2\/media?parent=60926"}],"wp:term":[{"taxonomy":"category","embeddable":true,"href":"https:\/\/linitiative.ca\/International\/wp-json\/wp\/v2\/categories?post=60926"},{"taxonomy":"post_tag","embeddable":true,"href":"https:\/\/linitiative.ca\/International\/wp-json\/wp\/v2\/tags?post=60926"}],"curies":[{"name":"wp","href":"https:\/\/api.w.org\/{rel}","templated":true}]}}