{"id":60928,"date":"2019-09-12T07:15:00","date_gmt":"2019-09-12T11:15:00","guid":{"rendered":"https:\/\/linitiative.ca\/International\/brexit-boris-johnson-au-pied-du-mur\/"},"modified":"2019-09-12T07:15:00","modified_gmt":"2019-09-12T11:15:00","slug":"brexit-boris-johnson-au-pied-du-mur","status":"publish","type":"post","link":"https:\/\/linitiative.ca\/International\/brexit-boris-johnson-au-pied-du-mur\/","title":{"rendered":"Brexit: Boris Johnson au pied du mur"},"content":{"rendered":"<div readability=\"34\">\n<p>Il devra trouver un nouvel accord de divorce avec l\u2019UE<\/p>\n<p>Une s\u00e9rie de d\u00e9saveux \u00e0 la Chambre des Communes<\/p>\n<\/div>\n<div readability=\"78\">\n<p class=\"rtejustify\">Le Premier ministre britannique Boris Johnson devra trouver un nouvel accord de divorce avec l\u2019UE. Et ce, apr\u00e8s une s\u00e9rie de d\u00e9saveux \u00e0 la Chambre des Communes qui contrarient sa strat\u00e9gie d\u2019un Brexit co\u00fbte que co\u00fbte. Le dirigeant conservateur a fait savoir qu\u2019il allait s\u2019\u00e9vertuer \u00e0 obtenir un accord d\u2019ici \u00e0 un sommet europ\u00e9en les 17 et 18 octobre \u00e0 Bruxelles. Quels sc\u00e9narios pour le Brexit?<\/p>\n<p class=\"rtejustify\"><strong>\u25a0 Nouveau report:<\/strong> Pr\u00e9vu initialement le 29 mars 2019, le Brexit a \u00e9t\u00e9 d\u00e9j\u00e0 report\u00e9 \u00e0 deux reprises, faute d\u2019unanimit\u00e9 du Parlement sur les formes qu\u2019il doit prendre. La loi vot\u00e9e par les d\u00e9put\u00e9s et entr\u00e9e en vigueur lundi 9 septembre contraint Boris Johnson \u00e0 demander \u00e0 l\u2019UE un report de trois mois, jusqu\u2019\u00e0 la fin janvier 2020. Une \u00abcapitulation\u00bb \u00e0 ses yeux. Le Premier ministre a affirm\u00e9 aux d\u00e9put\u00e9s apr\u00e8s l\u2019entr\u00e9e en vigueur de la loi qu\u2019il ne demanderait pas ce report, sans expliquer comment il compte s\u2019y prendre. L\u2019approbation des 27 pays membres de l\u2019UE est n\u00e9cessaire.<\/p>\n<p class=\"rtejustify\"><strong>\u25a0 Elections anticip\u00e9es:<\/strong> Si les d\u00e9put\u00e9s ont refus\u00e9 le projet de Boris Johnson, des l\u00e9gislatives anticip\u00e9es semblent in\u00e9vitables dans les semaines ou mois \u00e0 venir. Pour l\u2019opposition travailliste, il serait plus avantageux qu\u2019elles aient lieu apr\u00e8s le 31 octobre car cela affaiblirait la position du Premier ministre britannique. Lequel s\u2019\u00e9tait engag\u00e9 \u00e0 sortir son pays de l\u2019UE avant cette date, la derni\u00e8re fix\u00e9e pour le Brexit. Pour Boris Johnson, ce scrutin est vital puisqu\u2019il a perdu sa majorit\u00e9 au Parlement la semaine derni\u00e8re. Mais il voulait le tenir le 15 octobre, laissant ouverte la possibilit\u00e9 d\u2019un Brexit sans accord si jamais il le remporte. Le responsable britannique devra aller p\u00eacher des voix du c\u00f4t\u00e9 du parti du Brexit de Nigel Farage, qui avait cartonn\u00e9 aux \u00e9lections europ\u00e9ennes en pr\u00f4nant une sortie sans accord de divorce avec Bruxelles.<\/p>\n<p class=\"rtejustify\"><strong>\u25a0 Brexit sans accord:<\/strong> Les discussions engag\u00e9es entre Londres et Bruxelles n\u2019aboutissent pas, les 27 refusent un nouveau report du Brexit pr\u00e9vu le 31 octobre, ou bien Boris Johnson remporte des \u00e9lections anticip\u00e9es et fait sortir son pays de l\u2019UE sans accord. Ce sc\u00e9nario est particuli\u00e8rement redout\u00e9 par les milieux \u00e9conomiques. Ces derniers craignent une d\u00e9gringolade de la livre, une chute des exportations, une envol\u00e9e de l\u2019inflation, voire une r\u00e9cession, avec le r\u00e9tablissement de droits de douane et le spectre de p\u00e9nuries de produits alimentaires, d\u2019essence et de m\u00e9dicaments.<\/p>\n<p class=\"rtejustify\"><strong>\u25a0 Brexit avec accord:<\/strong> Londres et Bruxelles parviennent \u00e0 s\u2019entendre sur la question cruciale du filet de s\u00e9curit\u00e9 irlandais, ou \u00abbackstop\u00bb. Un m\u00e9canisme visant \u00e0 \u00e9viter le retour d\u2019une fronti\u00e8re en Irlande entre la province britannique du Nord et la r\u00e9publique membre de l\u2019UE au sud. Londres devait pr\u00e9senter de nouvelles propositions pour remplacer cette mesure dont Boris Johnson ne veut pas car il maintient provisoirement tout le pays dans une Union douani\u00e8re avec l\u2019Union. Le Premier ministre irlandais Leo Varadkar a assur\u00e9 que Bruxelles n\u2019avait \u00e0 ce jour re\u00e7u aucune proposition r\u00e9aliste de Londres.<\/p>\n<blockquote readability=\"11\">\n<p class=\"rtecenter\"><strong><span class=\"c4\">Les europhiles ne d\u00e9sarment pas<\/span><\/strong><\/p>\n<p class=\"rtejustify\">L\u2019autre sc\u00e9nario est le suivant. L\u2019opposition travailliste emmen\u00e9e par Jeremy Corbyn arrive en t\u00eate d\u2019\u00e9lections g\u00e9n\u00e9rales anticip\u00e9es. Avec le soutien du parti europhile lib\u00e9ral d\u00e9mocrate (centre) et des ind\u00e9pendantistes \u00e9cossais, elle organise un second r\u00e9f\u00e9rendum sur le Brexit. Le non \u00e0 la sortie de l\u2019UE l\u2019emporte. Ce serait le r\u00eave des europhiles (les 48% qui ont vot\u00e9 contre le Brexit lors du r\u00e9f\u00e9rendum de juin 2016).<\/p>\n<\/blockquote>\n<p class=\"rtejustify\"><em>F. Z. T. avec agences<\/em><\/p>\n<p class=\"rtejustify\">\u00a0<\/p>\n<p class=\"rtejustify\">\u00a0<\/p>\n<\/div>\n<p>Auteur: hlafriqi<br \/>\n<a href=\"https:\/\/www.leconomiste.com\/article\/1050055-brexit-boris-johnson-au-pied-du-mur\">Cliquez ici pour lire l&rsquo;article depuis sa source.<\/a><\/p>\n","protected":false},"excerpt":{"rendered":"<p>Il devra trouver un nouvel accord de divorce avec l\u2019UE Une s\u00e9rie de d\u00e9saveux \u00e0 la Chambre des Communes Le Premier ministre britannique Boris Johnson devra trouver un nouvel accord de divorce avec l\u2019UE. Et ce, apr\u00e8s une s\u00e9rie de d\u00e9saveux \u00e0 la Chambre des Communes qui contrarient sa strat\u00e9gie d\u2019un Brexit co\u00fbte que co\u00fbte. [&hellip;]<\/p>\n","protected":false},"author":1763,"featured_media":0,"comment_status":"closed","ping_status":"closed","sticky":false,"template":"","format":"standard","meta":{"fifu_image_url":"","fifu_image_alt":"","footnotes":""},"categories":[78,54],"tags":[],"class_list":["post-60928","post","type-post","status-publish","format-standard","hentry","category-economie","category-maroc"],"_links":{"self":[{"href":"https:\/\/linitiative.ca\/International\/wp-json\/wp\/v2\/posts\/60928","targetHints":{"allow":["GET"]}}],"collection":[{"href":"https:\/\/linitiative.ca\/International\/wp-json\/wp\/v2\/posts"}],"about":[{"href":"https:\/\/linitiative.ca\/International\/wp-json\/wp\/v2\/types\/post"}],"author":[{"embeddable":true,"href":"https:\/\/linitiative.ca\/International\/wp-json\/wp\/v2\/users\/1763"}],"replies":[{"embeddable":true,"href":"https:\/\/linitiative.ca\/International\/wp-json\/wp\/v2\/comments?post=60928"}],"version-history":[{"count":0,"href":"https:\/\/linitiative.ca\/International\/wp-json\/wp\/v2\/posts\/60928\/revisions"}],"wp:attachment":[{"href":"https:\/\/linitiative.ca\/International\/wp-json\/wp\/v2\/media?parent=60928"}],"wp:term":[{"taxonomy":"category","embeddable":true,"href":"https:\/\/linitiative.ca\/International\/wp-json\/wp\/v2\/categories?post=60928"},{"taxonomy":"post_tag","embeddable":true,"href":"https:\/\/linitiative.ca\/International\/wp-json\/wp\/v2\/tags?post=60928"}],"curies":[{"name":"wp","href":"https:\/\/api.w.org\/{rel}","templated":true}]}}