{"id":60929,"date":"2019-09-12T15:14:42","date_gmt":"2019-09-12T19:14:42","guid":{"rendered":"https:\/\/linitiative.ca\/International\/ligue-1-2-jsk-soirey-pdt-objectif-se-qualifier-pour-les-poules-a-partir-de-tizi\/"},"modified":"2019-09-12T15:14:42","modified_gmt":"2019-09-12T19:14:42","slug":"ligue-1-2-jsk-soirey-pdt-objectif-se-qualifier-pour-les-poules-a-partir-de-tizi","status":"publish","type":"post","link":"https:\/\/linitiative.ca\/International\/ligue-1-2-jsk-soirey-pdt-objectif-se-qualifier-pour-les-poules-a-partir-de-tizi\/","title":{"rendered":"Ligue 1 &amp; 2 : JSK &#8211; Soirey (PDT) : \u00abobjectif : se qualifier pour les poules \u00e0 partir de Tizi\u00bb"},"content":{"rendered":"<div readability=\"32\">\n<p>Auteur : <span>Ly\u00e8s Aouiche<\/span> <span class=\"time\">jeudi 12 septembre 2019 12:37<\/span><\/p>\n<\/div>\n<div id=\"post_core\" readability=\"81\">\n<p>Le jeune pr\u00e9sident de la formation du Horoya Conakry a \u00e9t\u00e9 \u00e0 la t\u00eate de la d\u00e9l\u00e9gation qui a atterri mardi soir, \u00e0 Alger, dans le cadre du match aller du second tour de la Ligue des champions face \u00e0 la JSK, samedi soir \u00e0 Tizi Ouzou. Accost\u00e9 par notre envoy\u00e9 sp\u00e9cial \u00e0 l\u2019a\u00e9roport international Houari-Boumediene, Sofiane Soirey a aimablement accept\u00e9 de r\u00e9pondre aux questions pos\u00e9es. D\u2019embl\u00e9e, il a d\u00e9clar\u00e9 : \u00abNous nous f\u00e9licitons de l\u2019accueil amical et fraternel qui nous a \u00e9t\u00e9 r\u00e9serv\u00e9 par les dirigeants de la JSK. Nous sommes venus dans un pays fr\u00e8re dans le cadre d\u2019une rencontre sportive qui nous opposera \u00e0 la JSK. Notre but pour ce premier tour c\u2019est de r\u00e9aliser un r\u00e9sultat positif. On est ambitieux et on cherchera la qualification \u00e0 Tizi Ouzou.\u00bb<\/p>\n<p><strong>\u00abOn veut aller au-del\u00e0 des quarts de finale cette fois\u00bb<\/strong><br \/>Quant aux objectifs fix\u00e9s pour cette comp\u00e9tition africaine, ce jeune pr\u00e9sident se veut ambitieux et dit clairement que son \u00e9quipe va tout faire pour d\u00e9passer l\u2019\u00e9tape des quarts de finale. En d\u2019autres termes, il souhaiterait \u00e0 ce que son groupe fasse mieux que lors de l\u2019\u00e9dition pass\u00e9e, puisque c\u2019est \u00e0 ce tour qu\u2019ils ont \u00e9t\u00e9 \u00e9limin\u00e9s : \u00abBien \u00e9videmment, nous avons fix\u00e9 des objectifs pr\u00e9cis pour notre participation \u00e0 la LDC. On souhaite faire mieux que l\u2019an dernier, \u00e0 savoir aller au-del\u00e0 des quarts de finale.\u00bb<\/p>\n<p><strong>\u00abNous respectons le choix de la JSK de jouer dans son fief\u00bb<\/strong><br \/>Invit\u00e9 \u00e0 donner son avis sur l\u2019homologation par la CAF du stade du 1er-Novembre, ce responsable ajoute : \u00abNous avons compris que la JSK avait une pr\u00e9f\u00e9rence pour jouer ce match dans son fief. Nous respectons enti\u00e8rement ce choix. Personnellement \u00e7a ne nous d\u00e9range pas trop, nous nous sommes bien pr\u00e9par\u00e9s pour faire un bon r\u00e9sultat.\u00bb<\/p>\n<p><strong>\u00abLa JSK est un club mythique que tout le monde conna\u00eet\u00bb<\/strong><br \/>A propos de son prochain adversaire, le pr\u00e9sident guin\u00e9en du Horoya AC affirme : \u00abLa JSK est un grand club que nous connaissons et nous respectons. C\u2019est aussi un club mythique, tr\u00e8s influent pour le peuple alg\u00e9rien. Si nous ne sommes pas optimistes, nous n\u2019aurions pas fait le voyage. Nous allons d\u00e9fendre nos chances \u00e0 fond.\u00bb<\/p>\n<p><strong>\u00abL\u2019accueil a \u00e9t\u00e9 chaleureux par les dirigeants du club qui sont \u00e0 f\u00e9liciter\u00bb<\/strong><br \/>\u00abLe voyage s\u2019est bien pass\u00e9, il a \u00e9t\u00e9 assez long sachant qu\u2019on n\u2019est pas venus directement, on a transit\u00e9 par la Turquie. Globalement tout s\u2019est bien pass\u00e9 pour mon \u00e9quipe. Nous avons \u00e9t\u00e9 accueillis par les dirigeants de la JSK dans un pays fr\u00e8re et ils sont \u00e0 remercier. Nous allons directement rejoindre notre h\u00f4tel pour nous pr\u00e9parer \u00e0 notre match de samedi soir.\u00bb<\/p>\n<p><strong>\u00abJe f\u00e9licite la s\u00e9lection alg\u00e9rienne de football pour sa cons\u00e9cration en Egypte\u00bb<\/strong><br \/>Le premier responsable du Horoya AC a \u00e9galement livr\u00e9 ses impressions concernant la cons\u00e9cration de la s\u00e9lection alg\u00e9rienne de football en Egypte en annon\u00e7ant : \u00abL\u2019Equipe nationale d\u2019Alg\u00e9rie est championne d\u2019Afrique renfermant en son sein une belle g\u00e9n\u00e9ration et un bon coach, Djamel Belmadi. La s\u00e9lection alg\u00e9rienne est sur une bonne \u00e9mancipation, je lui souhaite le meilleur.\u00bb<\/p>\n<p><strong>Publi\u00e9 dans :<\/strong> <span>JSK<\/span> <span>Tizi<\/span> <span>SOIREY<\/span><\/p>\n<\/div>\n<p>Auteur:<br \/>\n<a href=\"http:\/\/www.lebuteur.com\/article\/detail?titre=jsk-soirey-pdt-objectif-se-qualifier-pour-les-poules-a-partir-de-tizi&#038;id=91644&#038;utm_source=feedburner&#038;utm_medium=feed&#038;utm_campaign=Feed%3A+GalerieFArtciles+%28Les+derniers+articles++-+lebuteur.com%29\">Cliquez ici pour lire l&rsquo;article depuis sa source.<\/a><\/p>\n","protected":false},"excerpt":{"rendered":"<p>Auteur : Ly\u00e8s Aouiche jeudi 12 septembre 2019 12:37 Le jeune pr\u00e9sident de la formation du Horoya Conakry a \u00e9t\u00e9 \u00e0 la t\u00eate de la d\u00e9l\u00e9gation qui a atterri mardi soir, \u00e0 Alger, dans le cadre du match aller du second tour de la Ligue des champions face \u00e0 la JSK, samedi soir \u00e0 Tizi [&hellip;]<\/p>\n","protected":false},"author":1738,"featured_media":60930,"comment_status":"closed","ping_status":"closed","sticky":false,"template":"","format":"standard","meta":{"fifu_image_url":"","fifu_image_alt":"","footnotes":""},"categories":[53,75],"tags":[],"class_list":["post-60929","post","type-post","status-publish","format-standard","has-post-thumbnail","hentry","category-algerie","category-sport"],"_links":{"self":[{"href":"https:\/\/linitiative.ca\/International\/wp-json\/wp\/v2\/posts\/60929","targetHints":{"allow":["GET"]}}],"collection":[{"href":"https:\/\/linitiative.ca\/International\/wp-json\/wp\/v2\/posts"}],"about":[{"href":"https:\/\/linitiative.ca\/International\/wp-json\/wp\/v2\/types\/post"}],"author":[{"embeddable":true,"href":"https:\/\/linitiative.ca\/International\/wp-json\/wp\/v2\/users\/1738"}],"replies":[{"embeddable":true,"href":"https:\/\/linitiative.ca\/International\/wp-json\/wp\/v2\/comments?post=60929"}],"version-history":[{"count":0,"href":"https:\/\/linitiative.ca\/International\/wp-json\/wp\/v2\/posts\/60929\/revisions"}],"wp:featuredmedia":[{"embeddable":true,"href":"https:\/\/linitiative.ca\/International\/wp-json\/"}],"wp:attachment":[{"href":"https:\/\/linitiative.ca\/International\/wp-json\/wp\/v2\/media?parent=60929"}],"wp:term":[{"taxonomy":"category","embeddable":true,"href":"https:\/\/linitiative.ca\/International\/wp-json\/wp\/v2\/categories?post=60929"},{"taxonomy":"post_tag","embeddable":true,"href":"https:\/\/linitiative.ca\/International\/wp-json\/wp\/v2\/tags?post=60929"}],"curies":[{"name":"wp","href":"https:\/\/api.w.org\/{rel}","templated":true}]}}