{"id":60953,"date":"2019-09-12T05:24:14","date_gmt":"2019-09-12T09:24:14","guid":{"rendered":"https:\/\/linitiative.ca\/International\/il-garde-le-cap-sur-une-election-dans-les-delais-impartis-gaid-salah-sen-prend-a-ceux-qui-sopposent-a-la-presidentielle\/"},"modified":"2019-09-12T05:24:14","modified_gmt":"2019-09-12T09:24:14","slug":"il-garde-le-cap-sur-une-election-dans-les-delais-impartis-gaid-salah-sen-prend-a-ceux-qui-sopposent-a-la-presidentielle","status":"publish","type":"post","link":"https:\/\/linitiative.ca\/International\/il-garde-le-cap-sur-une-election-dans-les-delais-impartis-gaid-salah-sen-prend-a-ceux-qui-sopposent-a-la-presidentielle\/","title":{"rendered":"Il garde le cap sur une \u00e9lection dans \u00ables d\u00e9lais impartis\u00bb : Ga\u00efd Salah s\u2019en prend \u00e0 ceux qui s\u2019opposent \u00e0 la pr\u00e9sidentielle"},"content":{"rendered":"<h4 class=\"title-14\"\/>\n<div class=\"featured_image\"><img width=\"800\" height=\"415\" data-cfsrc=\"https:\/\/www.elwatan.com\/wp-content\/uploads\/2019\/09\/2-29-e1568246264562.jpg\" class=\"attachment-post-thumbnail size-post-thumbnail wp-post-image c2\" alt=\"\"\/><noscript><\/p>\n<p><img loading=\"lazy\" decoding=\"async\" width=\"800\" height=\"415\" src=\"https:\/\/www.elwatan.com\/wp-content\/uploads\/2019\/09\/2-29-e1568246264562.jpg\" class=\"attachment-post-thumbnail size-post-thumbnail wp-post-image\" alt=\"\"\/><\/p>\n<p><\/noscript><\/div>\n<p>Le vice-ministre de la D\u00e9fense nationale insiste sur la tenue de l\u2019\u00e9lection pr\u00e9sidentielle dans les plus brefs d\u00e9lais. Hier, dans un discours prononc\u00e9 lors de la deuxi\u00e8me journ\u00e9e de sa visite \u00e0 la 5e R\u00e9gion militaire, Ahmed Ga\u00efd Salah a affirm\u00e9 que la priorit\u00e9 est \u00abla tenue de la pr\u00e9sidentielle dans les d\u00e9lais impartis\u00bb.<\/p>\n<p>Et par \u00abd\u00e9lais impartis\u00bb, celui-ci se r\u00e9f\u00e8re, bien \u00e9videmment, \u00e0 sa \u00absuggestion\u00bb de la date du 15 septembre pour la convocation du corps \u00e9lectoral. Plus encore, le chef d\u2019\u00e9tat-major est aujourd\u2019hui \u00abcertain\u00bb que cette \u00e9lection se d\u00e9roulera dans \u00ables d\u00e9lais d\u00e9termin\u00e9s\u00bb. \u00abRemettre le pays sur la bonne voie requiert n\u00e9cessairement de d\u00e9finir les priorit\u00e9s, et il n\u2019y a pas l\u2019ombre d\u2019un doute que la priorit\u00e9, qui s\u2019impose en ces circonstances que traverse l\u2019Alg\u00e9rie est la tenue de la pr\u00e9sidentielle dans les d\u00e9lais impartis.<\/p>\n<p>Nous avons parl\u00e9 auparavant de la n\u00e9cessit\u00e9 d\u2019acc\u00e9l\u00e9rer la tenue de la pr\u00e9sidentielle, mais aujourd\u2019hui nous sommes absolument certains que celle-ci se d\u00e9roulera dans les d\u00e9lais d\u00e9termin\u00e9s, gr\u00e2ce \u00e0 la bonne perception du peuple quant aux agendas de certaines parties bien connues, qui n\u2019ont aucun lien avec l\u2019int\u00e9r\u00eat du peuple alg\u00e9rien ; agendas dict\u00e9s par des entit\u00e9s hostiles \u00e0 l\u2019Alg\u00e9rie, qui consentent tous les effort tendancieux afin d\u2019entraver la solution constitutionnelle, en l\u2019occurrence la tenue de la pr\u00e9sidentielle\u00bb, a-t-il d\u00e9clar\u00e9 \u00e0 cet effet.<\/p>\n<p>Dans ce sens et \u00e0 propos de ces \u00abparties bien connues\u00bb qui veulent \u00abentraver la solution constitutionnelle\u00bb, Ahmed Ga\u00efd Salah, qui les qualifie de \u00abhorde qui agit selon la logique de la bande\u00bb, estime que \u00abces parties hostiles sont parfaitement conscientes que la tenue de la pr\u00e9sidentielle signifie le d\u00e9but d\u2019ouverture sur la d\u00e9mocratie r\u00e9elle\u00bb.<\/p>\n<p>Ce qui est \u00abloin\u00bb de leur plaire, d\u2019apr\u00e8s lui. \u00abCes parties hostiles sont parfaitement conscientes que la tenue de la pr\u00e9sidentielle signifie le d\u00e9but d\u2019ouverture sur la d\u00e9mocratie r\u00e9elle. Ceci est loin de plaire \u00e0 cette horde, qui agit selon la logique de la bande, laquelle consiste \u00e0 appliquer le principe de d\u00e9sinformation et \u00e0 se cacher derri\u00e8re des slogans, aujourd\u2019hui mise \u00e0 nu devant l\u2019opinion publique nationale.<\/p>\n<p>Ces slogans qui r\u00e9clament la d\u00e9mocratie d\u2019une part, \u0153uvrent inlassablement pour ne pas l\u2019atteindre d\u2019autre part\u00bb, a-t-il d\u00e9clar\u00e9, avant d\u2019ajouter\u00a0: \u00abEn situation de crise r\u00e9elle, ils se retrouvent face \u00e0 deux options, soit accepter le r\u00e9sultat des urnes ou se mettre \u00e0 l\u2019\u00e9cart du choix populaire, ce qu\u2019ils n\u2019accepteront jamais.\u00bb \u00abRaison pour laquelle, a-t-il poursuivit, ils cherchent une troisi\u00e8me alternative aux cons\u00e9quences inconnues et aux r\u00e9percussions impr\u00e9visibles, car totalement loin de l\u2019int\u00e9r\u00eat du peuple alg\u00e9rien.\u00bb Celui-ci \u00e9voque, \u00e0 cet effet, \u00e0 propos bien \u00e9videmment de l\u2019option de la transition, \u00abune alternative nihiliste, st\u00e9rile et sans perspective, qui expose la s\u00e9curit\u00e9 et la stabilit\u00e9 de l\u2019Alg\u00e9rie \u00e0 d\u2019innombrables p\u00e9rils\u00bb.<\/p>\n<p>R\u00e9affirmant encore une fois l\u2019attachement de l\u2019arm\u00e9e \u00e0 la \u00abl\u00e9galit\u00e9 constitutionnelle\u00bb, le vice-ministre de la D\u00e9fense nationale a ajout\u00e9 que l\u2019arm\u00e9e continuera \u00e0 \u00abaccompagner\u00bb le peuple \u00abjusqu\u2019\u00e0 permettre la tenue de l\u2019\u00e9lection pr\u00e9sidentielle dans la s\u00e9curit\u00e9, la paix et la s\u00e9r\u00e9nit\u00e9, n\u2019en d\u00e9plaise \u00e0 cette petite horde nuisible, qui a surestim\u00e9 sa dimension r\u00e9elle et exag\u00e9r\u00e9 son ampleur fictive, tentant avec vanit\u00e9 et obstination de nager \u00e0 contre-courant de l\u2019Alg\u00e9rie, terre et peuple, histoire et valeurs nationales ancestrales, omettant que quiconque nage contre ce courant sera in\u00e9vitablement emport\u00e9 par les flots\u00bb.<\/p>\n<p>Le chef d\u2019\u00e9tat-major a \u00e9galement estim\u00e9 que ceux qui s\u2019opposent \u00e0 une pr\u00e9sidentielle \u00abdans les plus brefs d\u00e9lais\u00bb, qu\u2019il qualifie aussi de \u00abhorde \u00e9gar\u00e9e\u00bb, utilisent les marches des mardis et vendredis pour faire passer leurs messages. \u00abCette horde \u00e9gar\u00e9e qui veut imposer sa vision alt\u00e9r\u00e9e \u00e0 la majorit\u00e9 du peuple alg\u00e9rien, en employant ses relais m\u00e9diatiques \u00e0 l\u2019int\u00e9rieur et \u00e0 l\u2019ext\u00e9rieur du pays et en mobilisant des porte-voix \u00e0 travers les r\u00e9seaux sociaux, outre l\u2019utilisation pernicieuse des marches populaires et estudiantines en veillant \u00e0 se mettre \u00e0 la t\u00eate de ces marches et \u00e0 brandir des slogans creux de mani\u00e8re r\u00e9p\u00e9t\u00e9e, servant leur vision aberrante et leurs objectifs\u00bb, a-t-il affirm\u00e9.<\/p>\n<p>En dernier lieu, pour Ahmed Ga\u00efd Salah, et malgr\u00e9 les slogans scand\u00e9s chaque mardi et vendredi dans la rue, le peuple alg\u00e9rien soutient cette feuille de route. \u00abNous percevons dans l\u2019impulsion de la rue et dans la voix du peuple \u00e0 travers tout le pays ce qui d\u00e9montre cette satisfaction et salue cette d\u00e9marche\u00bb, a-t-il estim\u00e9.<\/p>\n<p>Par ailleurs, celui-ci dit qu\u2019il est \u00abparfaitement certain\u00bb que la participation des Alg\u00e9riens \u00e0 cette \u00e9lection pr\u00e9sidentielle sera \u00abmassive et affluente, en toute libert\u00e9, int\u00e9grit\u00e9 et transparence pour faire le bon choix\u00bb.<\/p>\n<p><span class=\"post-views-label\">Post Views:<\/span> <span class=\"post-views-count\">3\u00a0451<\/span><\/p>\n<p><br class=\"c5\"\/><\/p>\n<p>Auteur: Hicham Chouadria<br \/>\n<a href=\"https:\/\/www.elwatan.com\/edition\/actualite\/il-garde-le-cap-sur-une-election-dans-les-delais-impartis-gaid-salah-sen-prend-a-ceux-qui-sopposent-a-la-presidentielle-12-09-2019\">Cliquez ici pour lire l&rsquo;article depuis sa source.<\/a><\/p>\n","protected":false},"excerpt":{"rendered":"<p>Le vice-ministre de la D\u00e9fense nationale insiste sur la tenue de l\u2019\u00e9lection pr\u00e9sidentielle dans les plus brefs d\u00e9lais. Hier, dans un discours prononc\u00e9 lors de la deuxi\u00e8me journ\u00e9e de sa visite \u00e0 la 5e R\u00e9gion militaire, Ahmed Ga\u00efd Salah a affirm\u00e9 que la priorit\u00e9 est \u00abla tenue de la pr\u00e9sidentielle dans les d\u00e9lais impartis\u00bb. Et [&hellip;]<\/p>\n","protected":false},"author":1743,"featured_media":60954,"comment_status":"closed","ping_status":"closed","sticky":false,"template":"","format":"standard","meta":{"fifu_image_url":"","fifu_image_alt":"","footnotes":""},"categories":[73,53],"tags":[],"class_list":["post-60953","post","type-post","status-publish","format-standard","has-post-thumbnail","hentry","category-actualite","category-algerie"],"_links":{"self":[{"href":"https:\/\/linitiative.ca\/International\/wp-json\/wp\/v2\/posts\/60953","targetHints":{"allow":["GET"]}}],"collection":[{"href":"https:\/\/linitiative.ca\/International\/wp-json\/wp\/v2\/posts"}],"about":[{"href":"https:\/\/linitiative.ca\/International\/wp-json\/wp\/v2\/types\/post"}],"author":[{"embeddable":true,"href":"https:\/\/linitiative.ca\/International\/wp-json\/wp\/v2\/users\/1743"}],"replies":[{"embeddable":true,"href":"https:\/\/linitiative.ca\/International\/wp-json\/wp\/v2\/comments?post=60953"}],"version-history":[{"count":0,"href":"https:\/\/linitiative.ca\/International\/wp-json\/wp\/v2\/posts\/60953\/revisions"}],"wp:featuredmedia":[{"embeddable":true,"href":"https:\/\/linitiative.ca\/International\/wp-json\/"}],"wp:attachment":[{"href":"https:\/\/linitiative.ca\/International\/wp-json\/wp\/v2\/media?parent=60953"}],"wp:term":[{"taxonomy":"category","embeddable":true,"href":"https:\/\/linitiative.ca\/International\/wp-json\/wp\/v2\/categories?post=60953"},{"taxonomy":"post_tag","embeddable":true,"href":"https:\/\/linitiative.ca\/International\/wp-json\/wp\/v2\/tags?post=60953"}],"curies":[{"name":"wp","href":"https:\/\/api.w.org\/{rel}","templated":true}]}}