{"id":60955,"date":"2019-09-12T05:30:02","date_gmt":"2019-09-12T09:30:02","guid":{"rendered":"https:\/\/linitiative.ca\/International\/deputes-du-fln-et-du-rnd-poursuivis-en-justice-fin-de-mandat-sur-fond-de-scandale\/"},"modified":"2019-09-12T05:30:02","modified_gmt":"2019-09-12T09:30:02","slug":"deputes-du-fln-et-du-rnd-poursuivis-en-justice-fin-de-mandat-sur-fond-de-scandale","status":"publish","type":"post","link":"https:\/\/linitiative.ca\/International\/deputes-du-fln-et-du-rnd-poursuivis-en-justice-fin-de-mandat-sur-fond-de-scandale\/","title":{"rendered":"D\u00e9put\u00e9s du FLN et du RND poursuivis en justice : Fin de mandat sur fond de scandale"},"content":{"rendered":"<h4 class=\"title-14\"\/>\n<div class=\"featured_image\"><img width=\"800\" height=\"362\" data-cfsrc=\"https:\/\/www.elwatan.com\/wp-content\/uploads\/2019\/09\/apn-vote-e1568245126276.jpg\" class=\"attachment-post-thumbnail size-post-thumbnail wp-post-image c2\" alt=\"\"\/><noscript><\/p>\n<p><img loading=\"lazy\" decoding=\"async\" width=\"800\" height=\"362\" src=\"https:\/\/www.elwatan.com\/wp-content\/uploads\/2019\/09\/apn-vote-e1568245126276.jpg\" class=\"attachment-post-thumbnail size-post-thumbnail wp-post-image\" alt=\"\"\/><\/p>\n<p><\/noscript> <span class=\"featured-image-caption\">Photo : D.R)<\/span><\/div>\n<p>A peine cinq mois apr\u00e8s son intronisation surprise \u00e0 la t\u00eate du FLN, le d\u00e9put\u00e9 Mohamed Djema\u00ef se retrouve au centre d\u2019une affaire des plus troublantes qui risque de le mener tout droit vers le tribunal criminel.<\/p>\n<p>Elle avait \u00e9clat\u00e9 en 2016, lorsqu\u2019une plainte avait \u00e9t\u00e9 d\u00e9pos\u00e9e contre X dans un dossier de \u00abmenaces et insultes\u00bb par t\u00e9l\u00e9phone. L\u2019enqu\u00eate avait men\u00e9 \u00e0 une juge du tribunal d\u2019El Harrach, qui avait impliqu\u00e9 nomm\u00e9ment le d\u00e9put\u00e9. Mais ni la magistrate ni Djema\u00ef n\u2019ont \u00e9t\u00e9 inqui\u00e9t\u00e9s\u00a0; l\u2019ex-ministre de la Justice, Tayeb Louh, avait mis son veto pour les prot\u00e9ger.<\/p>\n<p>Avec l\u2019arriv\u00e9e de Belkacem Zeghmati, l\u2019affaire \u2013 comme plusieurs autres d\u2019ailleurs \u2013 a refait surface et l\u2019enqu\u00eate a \u00e9t\u00e9 reprise par le parquet de Sidi M\u2019hamed, qui a convoqu\u00e9 toutes les parties concern\u00e9es, y compris la magistrate relev\u00e9e de son poste quelques jours auparavant. Pour entendre et confronter les parties, la justice a demand\u00e9 au bureau de l\u2019APN de lever l\u2019immunit\u00e9 parlementaire dont b\u00e9n\u00e9ficie le d\u00e9put\u00e9 Djema\u00ef.<\/p>\n<p>Le secr\u00e9taire g\u00e9n\u00e9ral du FLN a vite r\u00e9agi en \u00e9voquant une \u00abaffaire personnelle\u00bb. Or cette affaire n\u2019est pas la seule. Djema\u00ef doit r\u00e9pondre aussi d\u2019autres faits li\u00e9s \u00e0 la \u00abdestruction de documents et de preuves\u00bb, griefs qui rel\u00e8vent du tribunal criminel, alors que d\u2019autres enqu\u00eates sont en cours.<\/p>\n<p>D\u2019abord celle de LG Electronics, mais surtout celle li\u00e9e aux circonstances dans lesquelles il a \u00e9t\u00e9 \u00e9lu \u00e0 la t\u00eate de l\u2019Assembl\u00e9e, qui s\u2019achemine vers un scandale politico-financier qui pourrait impliquer de hautes personnalit\u00e9s.<\/p>\n<p>Le d\u00e9put\u00e9 de T\u00e9bessa ne semblait pas convaincu de possibles poursuites judiciaires \u00e0 son encontre, lui qui venait de prendre en main les destin\u00e9es du FLN, l\u2019Etat-parti. Tout en d\u00e9clarant publiquement qu\u2019il allait se d\u00e9sister de son immunit\u00e9 parlementaire pour r\u00e9pondre \u00e0 la justice, lundi dernier, le secr\u00e9taire g\u00e9n\u00e9ral du FLN a transmis \u00e0 la commission juridique du parlement une lettre dans laquelle il demande d\u2019user de son droit de se faire d\u00e9fendre par une tierce personne.<\/p>\n<p>La commission a accept\u00e9, tout en exigeant sa pr\u00e9sence lors de la r\u00e9union qui devait se tenir hier. Contre toute attente, Djema\u00ef, est revenu le lendemain (mardi), pour d\u00e9poser sa lettre de d\u00e9sistement, \u00e9vitant ainsi un d\u00e9bat, en pl\u00e9ni\u00e8re, sur son sort.<\/p>\n<p>Il a rejoint un autre d\u00e9put\u00e9 FLN de Batna, Saker Berri, qui, d\u00e8s sa convocation, a pr\u00e9f\u00e9r\u00e9 se rendre \u00e0 l\u2019\u00e9vidence en abandonnant son immunit\u00e9 pour r\u00e9pondre \u00e0 la convocation de la justice. Contrairement \u00e0 ces deux parlementaires, Sma\u00efl Benhamadi, d\u00e9put\u00e9 RND de Bordj Bou Arr\u00e9ridj (un des fr\u00e8res Benhamadi, propri\u00e9taires du groupe Condor), a refus\u00e9 de se d\u00e9sister de son immunit\u00e9.<\/p>\n<p>Mais lundi dernier, il a demand\u00e9 \u00e0 la commission juridique du Parlement un d\u00e9lai de r\u00e9flexion qui a expir\u00e9 hier. En raison des d\u00e9bats sur le projet d\u2019amendement de la loi \u00e9lectorale, la commission juridique a renvoy\u00e9 au d\u00e9but de la semaine prochaine la r\u00e9union consacr\u00e9e au sort des d\u00e9put\u00e9s r\u00e9clam\u00e9s par la justice.<\/p>\n<p>Smail Benhamadi devrait r\u00e9pondre de plusieurs chefs d\u2019inculpation li\u00e9s \u00e0 l\u2019affaire de ses fr\u00e8res, propri\u00e9taires du groupe Condor, poursuivis pour d\u2019indus avantages, mais surtout pour \u00abfinancements occultes\u00bb\u00a0de partis politiques et de la campagne \u00e9lectorale du 5e mandat du pr\u00e9sident d\u00e9chu.<\/p>\n<p>Est-ce que Smail Benhamadi prendra le risque d\u2019\u00e9taler\u00a0les faits qui lui sont reproch\u00e9s lors d\u2019une s\u00e9ance pl\u00e9niere \u00e0 l\u2019h\u00e9micycle, ou se pliera-t-il \u00e0 la r\u00e9alit\u00e9 en se d\u00e9sistant \u00e0 la derni\u00e8re minute, comme l\u2019ont fait ses pr\u00e9d\u00e9cesseurs, de son immunit\u00e9 parlementaire\u00a0? La question reste pos\u00e9e.<\/p>\n<p>Tout comme lui, le sulfureux d\u00e9put\u00e9 FLN de Annaba, Baha Eddine Tliba, est d\u00e9j\u00e0 sur la route de la justice. Le bureau de l\u2019Assembl\u00e9e nationale a d\u00e9j\u00e0 transmis la demande du ministre de la Justice, relative \u00e0 la demande de la lev\u00e9e de l\u2019immunit\u00e9 parlementaire du richissime d\u00e9put\u00e9 de Annaba pour des faits li\u00e9s principalement au \u00abfinancement occulte\u00bb de la campagne \u00e9lectorale du 5e mandat du pr\u00e9sident d\u00e9chu.<\/p>\n<p>Son nom avait \u00e9t\u00e9 cit\u00e9 dans l\u2019affaire du fils de Djamel Ould Abb\u00e8s, ex-secr\u00e9taire g\u00e9n\u00e9ral du FLN, actuellement en d\u00e9tention pour une affaire de \u00abd\u00e9tournement\u00bb au moment o\u00f9 il dirigeait le d\u00e9partement de la Solidarit\u00e9.<\/p>\n<p>L\u2019un en prison et l\u2019autre en fuite au Venezuela (pays d\u2019origine de sa m\u00e8re), les deux enfants de Ould Abb\u00e8s ont fait l\u2019objet de poursuites judiciaires pour leur implication dans l\u2019achat des si\u00e8ges de d\u00e9putation lors des l\u00e9gislatives de 2017. L\u2019enqu\u00eate ouverte par les services de s\u00e9curit\u00e9 n\u2019avait jamais abouti, gr\u00e2ce au veto exerc\u00e9 par l\u2019ex- ministre de la Justice, lui-m\u00eame membre du comit\u00e9 central du FLN, qui est actuellement en d\u00e9tention pour avoir \u00abemp\u00each\u00e9 le d\u00e9roulement\u00bb de la justice.<\/p>\n<p>Apr\u00e8s avoir b\u00e9n\u00e9fici\u00e9 d\u2019une impunit\u00e9 criarde, Tliba est l\u00e2ch\u00e9 comme l\u2019ont \u00e9t\u00e9 Mohamed Djema\u00ef, Amar Ghoul, Amar Tou, Djamel Ould Abb\u00e8s, Ahmed Ouyahia et tant d\u2019autres qui sont actuellement en prison.<\/p>\n<p>Mais la liste reste encore longue et d\u00e9j\u00e0 le nom de Amar Sa\u00e2dani, l\u2019ex-patron du FLN, r\u00e9fugi\u00e9 en France o\u00f9 il poss\u00e8de des propri\u00e9t\u00e9s immobili\u00e8res, est cit\u00e9 dans une enqu\u00eate sur les circonstances dans lesquelles il a acquis ses biens en Alg\u00e9rie, mais surtout en France.<\/p>\n<p>Amar Sa\u00e2dani avait \u00e9t\u00e9 nomm\u00e9ment cit\u00e9 dans le dossier des 332 milliards de dinars de la G\u00e9n\u00e9rale des concessions agricoles (GCA), partis en fum\u00e9e dans des investissements fictifs dans le domaine agricole \u00e0 Djelfa, Ouargla et El Oued, o\u00f9 il d\u00e9tenait des soci\u00e9t\u00e9s au nom de ses proches.<\/p>\n<p>Au FLN, Sa\u00e2dani, Djema\u00ef et Tliba constituent un trio de richissimes et puissants \u00abhommes d\u2019affaires\u00bb venus \u00e0 la politique uniquement pour s\u2019assurer une immunit\u00e9. Aujourd\u2019hui, ils doivent r\u00e9pondre de leurs actes au m\u00eame titre que tous les justiciables.<\/p>\n<p><span class=\"post-views-label\">Post Views:<\/span> <span class=\"post-views-count\">9\u00a0468<\/span><\/p>\n<p><br class=\"c4\"\/><\/p>\n<p>Auteur: Hicham Chouadria<br \/>\n<a href=\"https:\/\/www.elwatan.com\/a-la-une\/deputes-du-fln-et-du-rnd-poursuivis-en-justice-fin-de-mandat-sur-fond-de-scandale-12-09-2019\">Cliquez ici pour lire l&rsquo;article depuis sa source.<\/a><\/p>\n","protected":false},"excerpt":{"rendered":"<p>Photo : D.R) A peine cinq mois apr\u00e8s son intronisation surprise \u00e0 la t\u00eate du FLN, le d\u00e9put\u00e9 Mohamed Djema\u00ef se retrouve au centre d\u2019une affaire des plus troublantes qui risque de le mener tout droit vers le tribunal criminel. Elle avait \u00e9clat\u00e9 en 2016, lorsqu\u2019une plainte avait \u00e9t\u00e9 d\u00e9pos\u00e9e contre X dans un dossier [&hellip;]<\/p>\n","protected":false},"author":1743,"featured_media":60956,"comment_status":"closed","ping_status":"closed","sticky":false,"template":"","format":"standard","meta":{"fifu_image_url":"","fifu_image_alt":"","footnotes":""},"categories":[73,53],"tags":[],"class_list":["post-60955","post","type-post","status-publish","format-standard","has-post-thumbnail","hentry","category-actualite","category-algerie"],"_links":{"self":[{"href":"https:\/\/linitiative.ca\/International\/wp-json\/wp\/v2\/posts\/60955","targetHints":{"allow":["GET"]}}],"collection":[{"href":"https:\/\/linitiative.ca\/International\/wp-json\/wp\/v2\/posts"}],"about":[{"href":"https:\/\/linitiative.ca\/International\/wp-json\/wp\/v2\/types\/post"}],"author":[{"embeddable":true,"href":"https:\/\/linitiative.ca\/International\/wp-json\/wp\/v2\/users\/1743"}],"replies":[{"embeddable":true,"href":"https:\/\/linitiative.ca\/International\/wp-json\/wp\/v2\/comments?post=60955"}],"version-history":[{"count":0,"href":"https:\/\/linitiative.ca\/International\/wp-json\/wp\/v2\/posts\/60955\/revisions"}],"wp:featuredmedia":[{"embeddable":true,"href":"https:\/\/linitiative.ca\/International\/wp-json\/"}],"wp:attachment":[{"href":"https:\/\/linitiative.ca\/International\/wp-json\/wp\/v2\/media?parent=60955"}],"wp:term":[{"taxonomy":"category","embeddable":true,"href":"https:\/\/linitiative.ca\/International\/wp-json\/wp\/v2\/categories?post=60955"},{"taxonomy":"post_tag","embeddable":true,"href":"https:\/\/linitiative.ca\/International\/wp-json\/wp\/v2\/tags?post=60955"}],"curies":[{"name":"wp","href":"https:\/\/api.w.org\/{rel}","templated":true}]}}