{"id":60957,"date":"2019-09-12T08:03:11","date_gmt":"2019-09-12T12:03:11","guid":{"rendered":"https:\/\/linitiative.ca\/International\/karim-tabbou-place-en-detention-provisoire-pour-atteinte-au-moral-de-larmee\/"},"modified":"2019-09-12T08:03:11","modified_gmt":"2019-09-12T12:03:11","slug":"karim-tabbou-place-en-detention-provisoire-pour-atteinte-au-moral-de-larmee","status":"publish","type":"post","link":"https:\/\/linitiative.ca\/International\/karim-tabbou-place-en-detention-provisoire-pour-atteinte-au-moral-de-larmee\/","title":{"rendered":"Karim Tabbou plac\u00e9 en d\u00e9tention provisoire pour atteinte au moral de l\u2019arm\u00e9e"},"content":{"rendered":"<h4 class=\"title-14\"\/>\n<div class=\"featured_image\"><img width=\"716\" height=\"590\" data-cfsrc=\"https:\/\/www.elwatan.com\/wp-content\/uploads\/2019\/09\/tABBOU-PH.jpg\" class=\"attachment-post-thumbnail size-post-thumbnail wp-post-image c2\" alt=\"Karim Tabbou plac\u00e9 en d\u00e9tention provisoire pour atteinte au moral de l'arm\u00e9e\" srcset=\"https:\/\/www.elwatan.com\/wp-content\/uploads\/2019\/09\/tABBOU-PH.jpg 716w, https:\/\/www.elwatan.com\/wp-content\/uploads\/2019\/09\/tABBOU-PH-300x247.jpg 300w\" sizes=\"(max-width: 716px) 100vw, 716px\"\/><noscript><\/p>\n<p><img loading=\"lazy\" decoding=\"async\" width=\"716\" height=\"590\" src=\"https:\/\/www.elwatan.com\/wp-content\/uploads\/2019\/09\/tABBOU-PH.jpg\" class=\"attachment-post-thumbnail size-post-thumbnail wp-post-image\" alt=\"Karim Tabbou plac\u00e9 en d\u00e9tention provisoire pour atteinte au moral de l'arm\u00e9e\" srcset=\"https:\/\/www.elwatan.com\/wp-content\/uploads\/2019\/09\/tABBOU-PH.jpg 716w, https:\/\/www.elwatan.com\/wp-content\/uploads\/2019\/09\/tABBOU-PH-300x247.jpg 300w\" sizes=\"auto, (max-width: 716px) 100vw, 716px\"\/><\/p>\n<p><\/noscript> <span class=\"featured-image-caption\">Karim Tabbou. Photo : DR<\/span><\/div>\n<p>Karim Tabbou a \u00e9t\u00e9 plac\u00e9, aujourd\u2019hui jeudi,\u00a0 en d\u00e9tention provisoire par le juge d\u2019instruction pr\u00e8s le tribunal de Kol\u00e8a (Tipasa).<\/p>\n<p><em>\u00ab\u00a0Karim Tabbou a \u00e9t\u00e9 plac\u00e9 en d\u00e9tention provisoire par le juge d\u2019instruction pr\u00e8s le tribunal de Kol\u00e8a pour atteinte au moral de l\u2019arm\u00e9e\u00a0\u00bb<\/em>, \u00e0 annonc\u00e9 l\u2019avocat Noureddine Ahmine.<\/p>\n<p>Karim Tabbou, avait \u00e9t\u00e9 arr\u00eat\u00e9 hier pr\u00e8s de son domicile \u00e0 Dou\u00e9ra ( Alger).<\/p>\n<p><em>\u00ab Il a \u00e9t\u00e9 maintenu en garde \u00e0 vue dans un lieu secret. \u00bb<\/em>, a appris <em>elwatan.com ce matin\u00a0<\/em>aupr\u00e8s de Me <a href=\"https:\/\/www.elwatan.com\/edition\/actualite\/zoubida-assoul-presidente-du-parti-lunion-pour-le-changement-et-le-progres-ucp-le-drapeau-amazigh-nest-pas-en-competition-avec-lembleme-national-28-06-2019\">Zoubida Assoul, pr\u00e9sidente de l\u2019UCP<\/a> et membre du collectif d\u2019avocats qui s\u2019est mobilis\u00e9 pour d\u00e9fendre Tabbou.<\/p>\n<p>Selon elle, <a href=\"https:\/\/www.elwatan.com\/edition\/actualite\/karim-tabbou-arrete-11-09-2019\">Karim Tabbou, coordinateur de l\u2019UDS<\/a>, aurait \u00e9t\u00e9 arr\u00eat\u00e9 par des \u00e9l\u00e9ments de la Direction des services de s\u00e9curit\u00e9 (ex DRS).<\/p>\n<p><strong>Lire aussi<\/strong>\u00a0: <a href=\"https:\/\/www.elwatan.com\/edition\/actualite\/karim-tabou-devant-le-procureur-de-kolea-12-09-2019\">Etre un acteur plut\u00f4t qu\u2019un \u00abjouet de l\u2019histoire<\/a><\/p>\n<p><span class=\"post-views-label\">Post Views:<\/span> <span class=\"post-views-count\">10\u00a0435<\/span><\/p>\n<p><br class=\"c4\"\/><\/p>\n<p>Auteur: Farouk Djouadi<br \/>\n<a href=\"https:\/\/www.elwatan.com\/edition\/actualite\/karim-tabou-devant-le-procureur-de-kolea-12-09-2019\">Cliquez ici pour lire l&rsquo;article depuis sa source.<\/a><\/p>\n","protected":false},"excerpt":{"rendered":"<p>Karim Tabbou. Photo : DR Karim Tabbou a \u00e9t\u00e9 plac\u00e9, aujourd\u2019hui jeudi,\u00a0 en d\u00e9tention provisoire par le juge d\u2019instruction pr\u00e8s le tribunal de Kol\u00e8a (Tipasa). \u00ab\u00a0Karim Tabbou a \u00e9t\u00e9 plac\u00e9 en d\u00e9tention provisoire par le juge d\u2019instruction pr\u00e8s le tribunal de Kol\u00e8a pour atteinte au moral de l\u2019arm\u00e9e\u00a0\u00bb, \u00e0 annonc\u00e9 l\u2019avocat Noureddine Ahmine. Karim Tabbou, [&hellip;]<\/p>\n","protected":false},"author":1743,"featured_media":60958,"comment_status":"closed","ping_status":"closed","sticky":false,"template":"","format":"standard","meta":{"fifu_image_url":"","fifu_image_alt":"","footnotes":""},"categories":[73,53],"tags":[],"class_list":["post-60957","post","type-post","status-publish","format-standard","has-post-thumbnail","hentry","category-actualite","category-algerie"],"_links":{"self":[{"href":"https:\/\/linitiative.ca\/International\/wp-json\/wp\/v2\/posts\/60957","targetHints":{"allow":["GET"]}}],"collection":[{"href":"https:\/\/linitiative.ca\/International\/wp-json\/wp\/v2\/posts"}],"about":[{"href":"https:\/\/linitiative.ca\/International\/wp-json\/wp\/v2\/types\/post"}],"author":[{"embeddable":true,"href":"https:\/\/linitiative.ca\/International\/wp-json\/wp\/v2\/users\/1743"}],"replies":[{"embeddable":true,"href":"https:\/\/linitiative.ca\/International\/wp-json\/wp\/v2\/comments?post=60957"}],"version-history":[{"count":0,"href":"https:\/\/linitiative.ca\/International\/wp-json\/wp\/v2\/posts\/60957\/revisions"}],"wp:featuredmedia":[{"embeddable":true,"href":"https:\/\/linitiative.ca\/International\/wp-json\/"}],"wp:attachment":[{"href":"https:\/\/linitiative.ca\/International\/wp-json\/wp\/v2\/media?parent=60957"}],"wp:term":[{"taxonomy":"category","embeddable":true,"href":"https:\/\/linitiative.ca\/International\/wp-json\/wp\/v2\/categories?post=60957"},{"taxonomy":"post_tag","embeddable":true,"href":"https:\/\/linitiative.ca\/International\/wp-json\/wp\/v2\/tags?post=60957"}],"curies":[{"name":"wp","href":"https:\/\/api.w.org\/{rel}","templated":true}]}}