{"id":60959,"date":"2019-09-12T13:07:57","date_gmt":"2019-09-12T17:07:57","guid":{"rendered":"https:\/\/linitiative.ca\/International\/le-proces-de-said-bouteflika-tartag-toufik-et-hanoune-aura-lieu-le-23-septembre\/"},"modified":"2019-09-12T13:07:57","modified_gmt":"2019-09-12T17:07:57","slug":"le-proces-de-said-bouteflika-tartag-toufik-et-hanoune-aura-lieu-le-23-septembre","status":"publish","type":"post","link":"https:\/\/linitiative.ca\/International\/le-proces-de-said-bouteflika-tartag-toufik-et-hanoune-aura-lieu-le-23-septembre\/","title":{"rendered":"Le proc\u00e8s de Said Bouteflika, Tartag, Toufik et Hanoune aura lieu le 23 septembre"},"content":{"rendered":"<h4 class=\"title-14\"\/>\n<div class=\"featured_image\"><img width=\"480\" height=\"481\" data-cfsrc=\"https:\/\/www.elwatan.com\/wp-content\/uploads\/2019\/09\/Capture-trio.jpg\" class=\"attachment-post-thumbnail size-post-thumbnail wp-post-image c2\" alt=\"\" srcset=\"https:\/\/www.elwatan.com\/wp-content\/uploads\/2019\/09\/Capture-trio.jpg 480w, https:\/\/www.elwatan.com\/wp-content\/uploads\/2019\/09\/Capture-trio-150x150.jpg 150w, https:\/\/www.elwatan.com\/wp-content\/uploads\/2019\/09\/Capture-trio-300x300.jpg 300w\" sizes=\"(max-width: 480px) 100vw, 480px\"\/><noscript><\/p>\n<p><img loading=\"lazy\" decoding=\"async\" width=\"480\" height=\"481\" src=\"https:\/\/www.elwatan.com\/wp-content\/uploads\/2019\/09\/Capture-trio.jpg\" class=\"attachment-post-thumbnail size-post-thumbnail wp-post-image\" alt=\"\" srcset=\"https:\/\/www.elwatan.com\/wp-content\/uploads\/2019\/09\/Capture-trio.jpg 480w, https:\/\/www.elwatan.com\/wp-content\/uploads\/2019\/09\/Capture-trio-150x150.jpg 150w, https:\/\/www.elwatan.com\/wp-content\/uploads\/2019\/09\/Capture-trio-300x300.jpg 300w\" sizes=\"auto, (max-width: 480px) 100vw, 480px\"\/><\/p>\n<p><\/noscript><\/div>\n<p>Le tribunal militaire de Blida a fix\u00e9, aujourd\u2019hui jeudi, la date du proc\u00e8s de Said Bouteflika, fr\u00e8re conseiller du pr\u00e9sident d\u00e9chu, du g\u00e9n\u00e9ral-major \u00e0 la retraite Mohamed Medienne, ancien chef du DRS (D\u00e9partement du renseignement et la s\u00e9curit\u00e9), de Louisa Hanoune, secr\u00e9taire g\u00e9n\u00e9rale du PT (Parti des travailleurs) et du g\u00e9n\u00e9ral-major \u00e0 la retraite Bachir Tartag, ex-coordinateur des services secrets.<\/p>\n<p>En d\u00e9tention depuis le d\u00e9but du mois de mai dernier, ils seront jug\u00e9s au tribunal militaire de Blida, le 23 septembre prochain. Cette programmation intervient une semaine jour pour jour, apr\u00e8s la cl\u00f4ture de l\u2019instruction qui aura dur\u00e9 quatre mois Les quatre mis en cause ont \u00e9t\u00e9 inculp\u00e9s pour \u00ab\u00a0atteinte \u00e0 l\u2019autorit\u00e9 de l\u2019Arm\u00e9e\u00a0\u00bb et \u00ab\u00a0<a href=\"https:\/\/www.elwatan.com\/edition\/actualite\/said-bouteflika-et-les-generaux-toufik-et-tartag-auraient-ete-arretes-04-05-2019\">complot contre l\u2019autorit\u00e9 de l\u2019Etat<\/a>\u00a0\u00bb, dont la sanction encourue peut aller jusqu\u2019\u00e0 la peine de mort.<\/p>\n<p>Trois autres personnes, l\u2019ancien vice-ministre de la D\u00e9fense, le g\u00e9n\u00e9ral-major Khaled Nezzar, son fils Lotfi, patron de la soci\u00e9t\u00e9 SLC, ainsi que le pharmacienFarid Benhamdine, pr\u00e9sident de la SAP (Soci\u00e9t\u00e9 Alg\u00e9rienne de Pharmacie), sont \u00e9galement poursuivies dans le cadre de cette enqu\u00eate pour \u00ab\u00a0complot\u00a0\u00bb et \u00ab\u00a0trouble \u00e0 l\u2019ordre public\u00a0\u00bb et ont fait l\u2019objet d\u2019un mandat d\u2019arr\u00eat international lanc\u00e9 en d\u00e9but du mois d\u2019aout, apr\u00e8s leur sortie du territoire national.<\/p>\n<p><span class=\"post-views-label\">Post Views:<\/span> <span class=\"post-views-count\">1\u00a0853<\/span><\/p>\n<p><br class=\"c5\"\/><\/p>\n<p>Auteur: Farouk Djouadi<br \/>\n<a href=\"https:\/\/www.elwatan.com\/edition\/actualite\/le-proces-de-said-bouteflika-tartag-toufik-et-hanoune-fixe-le-23-septembre-prochain-12-09-2019\">Cliquez ici pour lire l&rsquo;article depuis sa source.<\/a><\/p>\n","protected":false},"excerpt":{"rendered":"<p>Le tribunal militaire de Blida a fix\u00e9, aujourd\u2019hui jeudi, la date du proc\u00e8s de Said Bouteflika, fr\u00e8re conseiller du pr\u00e9sident d\u00e9chu, du g\u00e9n\u00e9ral-major \u00e0 la retraite Mohamed Medienne, ancien chef du DRS (D\u00e9partement du renseignement et la s\u00e9curit\u00e9), de Louisa Hanoune, secr\u00e9taire g\u00e9n\u00e9rale du PT (Parti des travailleurs) et du g\u00e9n\u00e9ral-major \u00e0 la retraite Bachir [&hellip;]<\/p>\n","protected":false},"author":1743,"featured_media":60960,"comment_status":"closed","ping_status":"closed","sticky":false,"template":"","format":"standard","meta":{"fifu_image_url":"","fifu_image_alt":"","footnotes":""},"categories":[73,53],"tags":[],"class_list":["post-60959","post","type-post","status-publish","format-standard","has-post-thumbnail","hentry","category-actualite","category-algerie"],"_links":{"self":[{"href":"https:\/\/linitiative.ca\/International\/wp-json\/wp\/v2\/posts\/60959","targetHints":{"allow":["GET"]}}],"collection":[{"href":"https:\/\/linitiative.ca\/International\/wp-json\/wp\/v2\/posts"}],"about":[{"href":"https:\/\/linitiative.ca\/International\/wp-json\/wp\/v2\/types\/post"}],"author":[{"embeddable":true,"href":"https:\/\/linitiative.ca\/International\/wp-json\/wp\/v2\/users\/1743"}],"replies":[{"embeddable":true,"href":"https:\/\/linitiative.ca\/International\/wp-json\/wp\/v2\/comments?post=60959"}],"version-history":[{"count":0,"href":"https:\/\/linitiative.ca\/International\/wp-json\/wp\/v2\/posts\/60959\/revisions"}],"wp:featuredmedia":[{"embeddable":true,"href":"https:\/\/linitiative.ca\/International\/wp-json\/"}],"wp:attachment":[{"href":"https:\/\/linitiative.ca\/International\/wp-json\/wp\/v2\/media?parent=60959"}],"wp:term":[{"taxonomy":"category","embeddable":true,"href":"https:\/\/linitiative.ca\/International\/wp-json\/wp\/v2\/categories?post=60959"},{"taxonomy":"post_tag","embeddable":true,"href":"https:\/\/linitiative.ca\/International\/wp-json\/wp\/v2\/tags?post=60959"}],"curies":[{"name":"wp","href":"https:\/\/api.w.org\/{rel}","templated":true}]}}