{"id":60961,"date":"2019-09-12T10:20:00","date_gmt":"2019-09-12T14:20:00","guid":{"rendered":"https:\/\/linitiative.ca\/International\/aux-origines-de-lacademie-militaire-le-camp-serviere\/"},"modified":"2019-09-12T10:20:00","modified_gmt":"2019-09-12T14:20:00","slug":"aux-origines-de-lacademie-militaire-le-camp-serviere","status":"publish","type":"post","link":"https:\/\/linitiative.ca\/International\/aux-origines-de-lacademie-militaire-le-camp-serviere\/","title":{"rendered":"Aux origines de l\u2019Acad\u00e9mie militaire: le camp Servi\u00e8re"},"content":{"rendered":"<p><img loading=\"lazy\" decoding=\"async\" src=\"\/uploads\/FCK_files\/med%20ahmed.jpg\" alt=\"\" width=\"152\" vspace=\"5\" hspace=\"5\" height=\"150\" align=\"left\"\/>Le Colonel-major (R) Mohamed Ahmed, ancien assistant du Chef d\u2019\u00e9tat-major de l\u2019Arm\u00e9e de terre (1989-1991) apr\u00e8s avoir \u00e9t\u00e9 ancien commandant de bataillon d\u2019\u00e9l\u00e8ves-officiers, Acad\u00e9mie militaire de Fondouk Jedid (1980-1981), revient dans un excellent document sur l\u2019historique de l\u2019Acad\u00e9mie. Il nous rappelle en effet que l\u2019installation du Camp Servi\u00e8re dans la Commune de Fondouk Jedid remonte \u00e0 la fin du 19e si\u00e8cle (autour de 1899), en un point strat\u00e9gique important du Cap Bon. Ce camp fut \u00e9tabli sur un terrain occup\u00e9 en bail de dix-huit ans (d\u00e8s le 30 octobre 1899) par le g\u00e9n\u00e9ral Georges Joseph Tout\u00e9e. Polytechnicien, il avait particip\u00e9 au corps exp\u00e9ditionnaire de Tunisie en 1881 comme lieutenant d\u2019artillerie. Ancien chef de cabinet du G\u00e9n\u00e9ral Brun, ministre de la Guerre, il \u00e9tait propri\u00e9taire d\u2019un grand domaine de plusieurs centaines d\u2019hectares, achet\u00e9s dans la commune de Fondouk Jedid. La d\u00e9nomination de camp Servi\u00e8re date de 1903. D\u00e8s 1908, le 4e Bataillon d\u2019infanterie l\u00e9g\u00e8re d\u2019Afrique occupait le camp. Durant la Campagne de France (1939-1940), le 4e R\u00e9giment de tirailleurs tunisiens, qui faisait partie de la Division de Tunis, \u00e9tait en partie affect\u00e9 au Camp Servi\u00e8re. Apr\u00e8s la Seconde Guerre mondiale, il a \u00e9t\u00e9 transform\u00e9 en camp d\u2019internement o\u00f9 pr\u00e8s de 2 000 personnes, entre militants nationalistes et citoyens ordinaires, \u00e9taient arr\u00eat\u00e9es de mani\u00e8re arbitraire, lors du tristement c\u00e9l\u00e8bre \u00abratissage du Cap Bon\u00bb. Le Dr Sadok Mkaddem, militant nationaliste et ancien pr\u00e9sident de l\u2019Assembl\u00e9e nationale, fut parmi les illustres d\u00e9tenus de ce camp en 1953.<\/p>\n<p>Deux ans apr\u00e8s l\u2019ind\u00e9pendance de la Tunisie et la cr\u00e9ation de l\u2019Arm\u00e9e nationale en 1956, le commandement militaire a cr\u00e9\u00e9 l\u2019Ecole des sous-officiers (ESO) et l\u2019a install\u00e9e \u00e0 Fondouk Jedid, le 8 d\u00e9cembre 1958, dans les infrastructures de l\u2019ancien Camp Servi\u00e8re. Premi\u00e8re institution de formation militaire sup\u00e9rieure cr\u00e9\u00e9e apr\u00e8s l\u2019ind\u00e9pendance, en 1966 (d\u00e9cret N\u00b0 529-1966 du 24 d\u00e9cembre 1966). Prenant la place de l\u2019ESO (transf\u00e9r\u00e9e \u00e0 Bizerte), elle a ouvert ses portes, pour la premi\u00e8re fois, le 8 f\u00e9vrier 1967 et a \u00e9t\u00e9 inaugur\u00e9e par le pr\u00e9sident de la R\u00e9publique le 21 d\u00e9cembre 1967.<\/p>\n<p>Quelques ann\u00e9es plus tard, les anciennes infrastructures deviennent inadapt\u00e9es et en 1975, le Commandement militaire d\u00e9cide de construire un nouveau si\u00e8ge, situ\u00e9 en contrebas de l\u2019ancien. L\u2019ancien domaine du G\u00e9n\u00e9ral Tout\u00e9e fait aujourd\u2019hui partie de la ferme agricole d\u00e9nomm\u00e9e \u00abZaiana\u00bb, propri\u00e9t\u00e9 du minist\u00e8re de la D\u00e9fense nationale.<\/p>\n<p><strong>Lire aussi:<br \/><\/strong><\/p>\n<p><a href=\"https:\/\/www.leaders.com.tn\/article\/27941-academie-militaire-la-grande-transformation-album-photos-et-video\" target=\"_blank\" rel=\"noopener noreferrer\">Acad\u00e9mie militaire: La grande transformation (Album Photos et Vid\u00e9o)<\/a><\/p>\n<p><a href=\"https:\/\/www.leaders.com.tn\/article\/27944-academie-militaire-fondouk-jedid-le-plan-zbidi\" target=\"_blank\" rel=\"noopener noreferrer\">Acad\u00e9mie militaire Fondouk Jedid: Le plan Zbidi<\/a><\/p>\n<p class=\"c2\"><strong><a href=\"https:\/\/www.leaders.com.tn\/le_mensuel_abonnez_vous\"><img loading=\"lazy\" decoding=\"async\" src=\"\/uploads\/FCK_files\/Bandeau-Leaders-1-copie(21).jpg\" alt=\"\" width=\"500\" vspace=\"5\" hspace=\"5\" height=\"128\" align=\"middle\"\/><\/a><\/strong><\/p>\n<p>Auteur:<br \/>\n<a href=\"https:\/\/www.leaders.com.tn\/article\/27942-aux-origines-del-academie-militaire-le-camp-serviere\">Cliquez ici pour lire l&rsquo;article depuis sa source.<\/a><\/p>\n","protected":false},"excerpt":{"rendered":"<p>Le Colonel-major (R) Mohamed Ahmed, ancien assistant du Chef d\u2019\u00e9tat-major de l\u2019Arm\u00e9e de terre (1989-1991) apr\u00e8s avoir \u00e9t\u00e9 ancien commandant de bataillon d\u2019\u00e9l\u00e8ves-officiers, Acad\u00e9mie militaire de Fondouk Jedid (1980-1981), revient dans un excellent document sur l\u2019historique de l\u2019Acad\u00e9mie. Il nous rappelle en effet que l\u2019installation du Camp Servi\u00e8re dans la Commune de Fondouk Jedid remonte [&hellip;]<\/p>\n","protected":false},"author":1772,"featured_media":60962,"comment_status":"closed","ping_status":"closed","sticky":false,"template":"","format":"standard","meta":{"fifu_image_url":"","fifu_image_alt":"","footnotes":""},"categories":[73,55],"tags":[],"class_list":["post-60961","post","type-post","status-publish","format-standard","has-post-thumbnail","hentry","category-actualite","category-tunisie"],"_links":{"self":[{"href":"https:\/\/linitiative.ca\/International\/wp-json\/wp\/v2\/posts\/60961","targetHints":{"allow":["GET"]}}],"collection":[{"href":"https:\/\/linitiative.ca\/International\/wp-json\/wp\/v2\/posts"}],"about":[{"href":"https:\/\/linitiative.ca\/International\/wp-json\/wp\/v2\/types\/post"}],"author":[{"embeddable":true,"href":"https:\/\/linitiative.ca\/International\/wp-json\/wp\/v2\/users\/1772"}],"replies":[{"embeddable":true,"href":"https:\/\/linitiative.ca\/International\/wp-json\/wp\/v2\/comments?post=60961"}],"version-history":[{"count":0,"href":"https:\/\/linitiative.ca\/International\/wp-json\/wp\/v2\/posts\/60961\/revisions"}],"wp:featuredmedia":[{"embeddable":true,"href":"https:\/\/linitiative.ca\/International\/wp-json\/"}],"wp:attachment":[{"href":"https:\/\/linitiative.ca\/International\/wp-json\/wp\/v2\/media?parent=60961"}],"wp:term":[{"taxonomy":"category","embeddable":true,"href":"https:\/\/linitiative.ca\/International\/wp-json\/wp\/v2\/categories?post=60961"},{"taxonomy":"post_tag","embeddable":true,"href":"https:\/\/linitiative.ca\/International\/wp-json\/wp\/v2\/tags?post=60961"}],"curies":[{"name":"wp","href":"https:\/\/api.w.org\/{rel}","templated":true}]}}