{"id":60964,"date":"2019-09-12T14:10:00","date_gmt":"2019-09-12T18:10:00","guid":{"rendered":"https:\/\/linitiative.ca\/International\/academie-militaire-fondouk-jedid-le-plan-zbidi\/"},"modified":"2019-09-12T14:10:00","modified_gmt":"2019-09-12T18:10:00","slug":"academie-militaire-fondouk-jedid-le-plan-zbidi","status":"publish","type":"post","link":"https:\/\/linitiative.ca\/International\/academie-militaire-fondouk-jedid-le-plan-zbidi\/","title":{"rendered":"Acad\u00e9mie militaire Fondouk Jedid: Le plan Zbidi"},"content":{"rendered":"<p>Cinq grands axes trac\u00e9s par le ministre de la D\u00e9fense nationale Abdelkrim Zbidi<\/p>\n<p><span class=\"c2\"><strong>Extension du p\u00e9rim\u00e8tre de l\u2019Acad\u00e9mie de 28 ha<\/strong><\/span><\/p>\n<p>L\u2019am\u00e9lioration des conditions d\u2019h\u00e9bergement et des b\u00e2timents. Un nouveau foyer compos\u00e9 de 3 r\u00e9sidences, d\u2019une capacit\u00e9 de 328 \u00e9l\u00e8ves, sera ouvert en janvier prochain. L\u2019ensemble des b\u00e2timents ainsi que la cl\u00f4ture feront l\u2019objet de travaux de r\u00e9habilitation et de consolidation.<\/p>\n<p>Co\u00fbt total: 28 MD.<\/p>\n<p><span class=\"c2\"><strong>Nouveau centre universitaire ultramoderne,<\/strong><\/span> b\u00e9n\u00e9ficiant du concours de l\u2019Allemagne et comprenant:<\/p>\n<p>50 salles de classe<br \/>2 amphith\u00e9\u00e2tres<br \/>1 salle de pr\u00e9sentations<br \/>4 salles de recherche<br \/>26 laboratoires dont 4 de langues, 6 d\u2019informatique, 10 techniques\u2026<br \/>1 atelier d\u2019\u00e9lectronique<br \/>1 salle internet<br \/>1 salle polyvalente<br \/>3 clubs<br \/>1 studio de radio interne<br \/>1 imprimerie<br \/>1 librairie universitaire.<br \/>Co\u00fbt: 35 MD<br \/><span class=\"c2\"><strong>Nouveau poste de commandement de l\u2019Acad\u00e9mie<\/strong><\/span><span class=\"c2\"><strong>,<\/strong><\/span> ainsi qu\u2019un mess des officiers, une salle omnisports, une piscine couverte\u2026<br \/>Co\u00fbt: 60 MD<\/p>\n<p><span class=\"c2\"><strong>Refonte des fili\u00e8res d\u2019enseignement et de formation,<\/strong><\/span> notamment dans les disciplines juridiques et de gestion. Deux laboratoires de recherche sont pr\u00e9vus. Le premier est sp\u00e9cialis\u00e9 en TIC, t\u00e9l\u00e9coms d\u00e9fense et cybers\u00e9curit\u00e9. Le second en balistique. De plus, afin d\u2019encourager la recherche et l\u2019innovation, de nouveaux prix ont \u00e9t\u00e9 institu\u00e9s.<\/p>\n<p><strong><span class=\"c2\">Le r\u00e9seautage<\/span><\/strong> avec les autres institutions similaires d\u2019enseignement et de formation militaires est renforc\u00e9. C\u2019est ainsi que l\u2019Acad\u00e9mie a adh\u00e9r\u00e9 \u00e0 l\u2019Association internationale des Acad\u00e9mies militaires (AIAM). Fond\u00e9e en 2017, elle compte pr\u00e8s de 150 institutions membres telles que West Point aux Etats-Unis ou les \u00e9coles de Saint-Cyr Co\u00ebtiquidan, en France. Elle a pour mission de promouvoir le partage des connaissances et des comp\u00e9tences dans le domaine de la formation et de l\u2019\u00e9ducation entre les acad\u00e9mies militaires membres.<\/p>\n<p>Bref, toute une strat\u00e9gie int\u00e9gr\u00e9e dont les retomb\u00e9es ne tarderont pas \u00e0 b\u00e9n\u00e9ficier \u00e0 la Tunisie.<\/p>\n<p><strong>Lire aussi:<\/strong><\/p>\n<p><a href=\"https:\/\/www.leaders.com.tn\/article\/27941-academie-militaire-la-grande-transformation-album-photos-et-video\" target=\"_blank\" rel=\"noopener noreferrer\">Acad\u00e9mie militaire: La grande transformation (Album Photos et Vid\u00e9o)<\/a><\/p>\n<p><a href=\"https:\/\/www.leaders.com.tn\/article\/27942-aux-origines-del-academie-militaire-le-camp-serviere\" target=\"_blank\" rel=\"noopener noreferrer\">Aux origines de l\u2019Acad\u00e9mie militaire: le camp Servi\u00e8re<\/a><\/p>\n<p class=\"c3\"><strong><a href=\"https:\/\/www.leaders.com.tn\/le_mensuel_abonnez_vous\"><img loading=\"lazy\" decoding=\"async\" src=\"\/uploads\/FCK_files\/Bandeau-Leaders-1-copie(21).jpg\" alt=\"\" width=\"500\" vspace=\"5\" hspace=\"5\" height=\"128\" align=\"middle\"\/><\/a><\/strong><\/p>\n<p>Auteur:<br \/>\n<a href=\"https:\/\/www.leaders.com.tn\/article\/27944-academie-militaire-fondouk-jedid-le-plan-zbidi\">Cliquez ici pour lire l&rsquo;article depuis sa source.<\/a><\/p>\n","protected":false},"excerpt":{"rendered":"<p>Cinq grands axes trac\u00e9s par le ministre de la D\u00e9fense nationale Abdelkrim Zbidi Extension du p\u00e9rim\u00e8tre de l\u2019Acad\u00e9mie de 28 ha L\u2019am\u00e9lioration des conditions d\u2019h\u00e9bergement et des b\u00e2timents. Un nouveau foyer compos\u00e9 de 3 r\u00e9sidences, d\u2019une capacit\u00e9 de 328 \u00e9l\u00e8ves, sera ouvert en janvier prochain. L\u2019ensemble des b\u00e2timents ainsi que la cl\u00f4ture feront l\u2019objet de [&hellip;]<\/p>\n","protected":false},"author":1772,"featured_media":60965,"comment_status":"closed","ping_status":"closed","sticky":false,"template":"","format":"standard","meta":{"fifu_image_url":"","fifu_image_alt":"","footnotes":""},"categories":[73,55],"tags":[],"class_list":["post-60964","post","type-post","status-publish","format-standard","has-post-thumbnail","hentry","category-actualite","category-tunisie"],"_links":{"self":[{"href":"https:\/\/linitiative.ca\/International\/wp-json\/wp\/v2\/posts\/60964","targetHints":{"allow":["GET"]}}],"collection":[{"href":"https:\/\/linitiative.ca\/International\/wp-json\/wp\/v2\/posts"}],"about":[{"href":"https:\/\/linitiative.ca\/International\/wp-json\/wp\/v2\/types\/post"}],"author":[{"embeddable":true,"href":"https:\/\/linitiative.ca\/International\/wp-json\/wp\/v2\/users\/1772"}],"replies":[{"embeddable":true,"href":"https:\/\/linitiative.ca\/International\/wp-json\/wp\/v2\/comments?post=60964"}],"version-history":[{"count":0,"href":"https:\/\/linitiative.ca\/International\/wp-json\/wp\/v2\/posts\/60964\/revisions"}],"wp:featuredmedia":[{"embeddable":true,"href":"https:\/\/linitiative.ca\/International\/wp-json\/"}],"wp:attachment":[{"href":"https:\/\/linitiative.ca\/International\/wp-json\/wp\/v2\/media?parent=60964"}],"wp:term":[{"taxonomy":"category","embeddable":true,"href":"https:\/\/linitiative.ca\/International\/wp-json\/wp\/v2\/categories?post=60964"},{"taxonomy":"post_tag","embeddable":true,"href":"https:\/\/linitiative.ca\/International\/wp-json\/wp\/v2\/tags?post=60964"}],"curies":[{"name":"wp","href":"https:\/\/api.w.org\/{rel}","templated":true}]}}