{"id":60973,"date":"2019-09-12T08:27:59","date_gmt":"2019-09-12T12:27:59","guid":{"rendered":"https:\/\/linitiative.ca\/International\/libra-refusee-en-europe-facebook-explique\/"},"modified":"2019-09-12T08:27:59","modified_gmt":"2019-09-12T12:27:59","slug":"libra-refusee-en-europe-facebook-explique","status":"publish","type":"post","link":"https:\/\/linitiative.ca\/International\/libra-refusee-en-europe-facebook-explique\/","title":{"rendered":"Libra : Refus\u00e9e en Europe, Facebook explique"},"content":{"rendered":"<p><strong>L\u2019annonce de la Libra, la cryptomonnaie soutenue et promue par Facebook, a soulev\u00e9 un toll\u00e9. Face \u00e0 la r\u00e9sistance exprim\u00e9e par les diff\u00e9rents gouvernements vis-\u00e0-vis de cette nouvelle devise, pr\u00e9vue pour 2020, Facebook s\u2019est vu oblig\u00e9 d\u2019apporter quelques pr\u00e9cisions.<\/strong><\/p>\n<div class=\"c10\"\/>\n<p>Le g\u00e9ant am\u00e9ricain des r\u00e9seaux sociaux vient de confirmer que la <strong>Libra<\/strong> sera adoss\u00e9e \u00e0 plusieurs devises dont le dollar, l\u2019euro, le yen et la livre sterling, mais pas au yuan chinois. Le s\u00e9nateur d\u00e9mocrate de l\u2019Etat de Virginie, Mark Warner avait publiquement exprim\u00e9 ses craintes de voir la Chine pousser Facebook et l\u2019association Libra \u00e0 adosser la prochaine cryptomonnaie sur sa propre devise.<br \/>A travers le lancement de Libra, <strong>Facebook<\/strong> entend int\u00e9grer l\u2019utilisateur au niveau de son business model. La plateforme va renforcer le r\u00e9seau dans lequel les membres pourront \u00e9changer et acheter. Ainsi, ils resteront confin\u00e9s au r\u00e9seau social.<\/p>\n<p>\u00ab\u00a0La libra va devenir une nouvelle source de revenus pour la firme qui pourra, avec sa cryptomonnaie, affiner son <strong>business model<\/strong> sur les annonces publicitaires. Les d\u00e9penses en libra permettront aussi \u00e0 Facebook d\u2019obtenir des informations beaucoup plus fines sur le profil des utilisateurs\u00a0\u00bb, rel\u00e8ve le site Entreprendre.<\/p>\n<p>Lire aussi : <a href=\"https:\/\/www.challenge.ma\/facebook-va-lancer-une-monnaie-numerique-110937\/\">Facebook va lancer une monnaie num\u00e9rique<\/a><\/p>\n<p>La Suisse vient \u00e0 ce propos r\u00e9v\u00e9ler que l\u2019association Libra venait de lui soumettre une demande d\u2019autorisation permettant au service de devenir un syst\u00e8me de paiement. Cette d\u00e9cision, si elle est accept\u00e9e, facilitera son d\u00e9ploiement dans les autres pays europ\u00e9ens et internationaux.<\/p>\n<p>Pour sa part, la France a exprim\u00e9 clairement qu\u2019elle n\u2019en veut pas, par seulement en France mais sur tout le continent europ\u00e9en. Le ministre fran\u00e7ais des Finances, Bruno Le Maire, a annonc\u00e9 jeudi que <strong>Paris<\/strong> refusait d\u2019autoriser le d\u00e9veloppement \u00ab\u00a0sur sol europ\u00e9en\u00a0\u00bb de la Libra, la cryptomonnaie que Facebook veut lancer en 2020, estimant que \u00ab\u00a0la souverainet\u00e9 mon\u00e9taire des Etats est en jeu\u00a0\u00bb.<\/p>\n<p>\u00ab\u00a0Je veux le dire avec beaucoup de clart\u00e9: dans ces conditions, nous ne pouvons pas autoriser le d\u00e9veloppement de Libra sur le sol europ\u00e9en\u00a0\u00bb, a affirm\u00e9 le ministre \u00e0 l\u2019ouverture d\u2019une conf\u00e9rence de l\u2019OCDE consacr\u00e9e aux d\u00e9fis des cryptomonnaies.<\/p>\n<div class=\"c17\">\n<fieldset class=\"c16\">\n<legend><strong><span class=\"c11\">Challenge<\/span><span class=\"c12\">news<\/span><\/strong><\/legend>\n<div class=\"c15\">Le meilleur de la r\u00e9daction s\u00e9lectionn\u00e9 par Challenge :<\/p>\n<\/div>\n<\/fieldset>\n<\/div>\n<p>Auteur: Hassan Manyani<br \/>\n<a href=\"https:\/\/www.challenge.ma\/libra-refusee-en-europe-facebook-explique-117128\/\">Cliquez ici pour lire l&rsquo;article depuis sa source.<\/a><\/p>\n","protected":false},"excerpt":{"rendered":"<p>L\u2019annonce de la Libra, la cryptomonnaie soutenue et promue par Facebook, a soulev\u00e9 un toll\u00e9. Face \u00e0 la r\u00e9sistance exprim\u00e9e par les diff\u00e9rents gouvernements vis-\u00e0-vis de cette nouvelle devise, pr\u00e9vue pour 2020, Facebook s\u2019est vu oblig\u00e9 d\u2019apporter quelques pr\u00e9cisions. Le g\u00e9ant am\u00e9ricain des r\u00e9seaux sociaux vient de confirmer que la Libra sera adoss\u00e9e \u00e0 plusieurs [&hellip;]<\/p>\n","protected":false},"author":1787,"featured_media":0,"comment_status":"closed","ping_status":"closed","sticky":false,"template":"","format":"standard","meta":{"fifu_image_url":"","fifu_image_alt":"","footnotes":""},"categories":[78,54],"tags":[],"class_list":["post-60973","post","type-post","status-publish","format-standard","hentry","category-economie","category-maroc"],"_links":{"self":[{"href":"https:\/\/linitiative.ca\/International\/wp-json\/wp\/v2\/posts\/60973","targetHints":{"allow":["GET"]}}],"collection":[{"href":"https:\/\/linitiative.ca\/International\/wp-json\/wp\/v2\/posts"}],"about":[{"href":"https:\/\/linitiative.ca\/International\/wp-json\/wp\/v2\/types\/post"}],"author":[{"embeddable":true,"href":"https:\/\/linitiative.ca\/International\/wp-json\/wp\/v2\/users\/1787"}],"replies":[{"embeddable":true,"href":"https:\/\/linitiative.ca\/International\/wp-json\/wp\/v2\/comments?post=60973"}],"version-history":[{"count":0,"href":"https:\/\/linitiative.ca\/International\/wp-json\/wp\/v2\/posts\/60973\/revisions"}],"wp:attachment":[{"href":"https:\/\/linitiative.ca\/International\/wp-json\/wp\/v2\/media?parent=60973"}],"wp:term":[{"taxonomy":"category","embeddable":true,"href":"https:\/\/linitiative.ca\/International\/wp-json\/wp\/v2\/categories?post=60973"},{"taxonomy":"post_tag","embeddable":true,"href":"https:\/\/linitiative.ca\/International\/wp-json\/wp\/v2\/tags?post=60973"}],"curies":[{"name":"wp","href":"https:\/\/api.w.org\/{rel}","templated":true}]}}