{"id":60974,"date":"2019-09-12T15:20:26","date_gmt":"2019-09-12T19:20:26","guid":{"rendered":"https:\/\/linitiative.ca\/International\/le-conseil-de-gouvernement-se-penche-sur-la-peche-illicite\/"},"modified":"2019-09-12T15:20:26","modified_gmt":"2019-09-12T19:20:26","slug":"le-conseil-de-gouvernement-se-penche-sur-la-peche-illicite","status":"publish","type":"post","link":"https:\/\/linitiative.ca\/International\/le-conseil-de-gouvernement-se-penche-sur-la-peche-illicite\/","title":{"rendered":"Le Conseil de gouvernement se penche sur la p\u00eache illicite"},"content":{"rendered":"<p><strong>Le projet de d\u00e9cret adopt\u00e9 par le Conseil insiste sur les proc\u00e9dures de gestion et d\u2019am\u00e9nagement relatives \u00e0 l\u2019effort de p\u00eache.<\/strong><\/p>\n<div class=\"c10\"\/>\n<p>Le <strong>Conseil de gouvernement<\/strong> a adopt\u00e9 jeudi le projet de d\u00e9cret n\u00b0 2.18.722 relatif aux plans d\u2019am\u00e9nagement et de gestion des p\u00eacheries, pr\u00e9sent\u00e9 par le ministre de l\u2019Agriculture, de la p\u00eache maritime, du d\u00e9veloppement rural et des eaux et for\u00eats.<\/p>\n<p>Ce projet de d\u00e9cret vise \u00e0 d\u00e9finir les mesures n\u00e9cessaires \u00e0 l\u2019\u00e9laboration des plans d\u2019am\u00e9nagement et de gestion des <strong>p\u00eacheries<\/strong>, conform\u00e9ment aux dispositions de la loi n\u00b0 15.12 relative \u00e0 la pr\u00e9vention et \u00e0 la lutte contre la p\u00eache illicite, non autoris\u00e9e et non r\u00e9glement\u00e9e, ainsi qu\u2019\u00e0 la modification du Dahir portant loi n\u00b0 1.73.255 du 27 Chaoual 1393 (23 novembre 1973) relatif \u00e0 la r\u00e9glementation de la <strong>p\u00eache maritime<\/strong>.<\/p>\n<p>Lire aussi : <a href=\"https:\/\/www.challenge.ma\/amo-nouveau-projet-de-decret-adopte-par-le-conseil-de-gouvernement-116662\/\" target=\"_blank\" rel=\"noreferrer noopener\" aria-label=\"AMO : nouveau projet de d\u00e9cret adopt\u00e9 par le Conseil de gouvernement (s\u2019ouvre dans un nouvel onglet)\">AMO : nouveau projet de d\u00e9cret adopt\u00e9 par le Conseil de gouvernement<\/a><\/p>\n<p>Le projet de d\u00e9cret adopt\u00e9 insiste sur les proc\u00e9dures de gestion et d\u2019am\u00e9nagement relatives \u00e0 l\u2019effort de p\u00eache et des esp\u00e8ces marines concern\u00e9es, la m\u00e9thodologie d\u2019approbation et de validation des plans d\u2019am\u00e9nagement et de gestion des p\u00eacheries et leur modification, outre la dur\u00e9e maximale des plans d\u2019am\u00e9nagement et de gestion des p\u00eacheries. Les dispositions de ce d\u00e9cret permettront \u00e9galement de fixer des conditions particuli\u00e8res concernant le plan d\u2019am\u00e9nagement et de gestion des p\u00eacheries, pour le contr\u00f4le et le suivi des activit\u00e9s de p\u00eache, ainsi que des mesures visant \u00e0 lutter contre la <strong>p\u00eache illicite<\/strong>, non autoris\u00e9e et non r\u00e9glement\u00e9e.<\/p>\n<div class=\"c17\">\n<fieldset class=\"c16\">\n<legend><strong><span class=\"c11\">Challenge<\/span><span class=\"c12\">news<\/span><\/strong><\/legend>\n<div class=\"c15\">Le meilleur de la r\u00e9daction s\u00e9lectionn\u00e9 par Challenge :<\/p>\n<\/div>\n<\/fieldset>\n<\/div>\n<p>Auteur: Karim Handaoui<br \/>\n<a href=\"https:\/\/www.challenge.ma\/le-conseil-de-gouvernement-se-penche-sur-la-peche-illicite-117189\/\">Cliquez ici pour lire l&rsquo;article depuis sa source.<\/a><\/p>\n","protected":false},"excerpt":{"rendered":"<p>Le projet de d\u00e9cret adopt\u00e9 par le Conseil insiste sur les proc\u00e9dures de gestion et d\u2019am\u00e9nagement relatives \u00e0 l\u2019effort de p\u00eache. Le Conseil de gouvernement a adopt\u00e9 jeudi le projet de d\u00e9cret n\u00b0 2.18.722 relatif aux plans d\u2019am\u00e9nagement et de gestion des p\u00eacheries, pr\u00e9sent\u00e9 par le ministre de l\u2019Agriculture, de la p\u00eache maritime, du d\u00e9veloppement [&hellip;]<\/p>\n","protected":false},"author":1787,"featured_media":0,"comment_status":"closed","ping_status":"closed","sticky":false,"template":"","format":"standard","meta":{"fifu_image_url":"","fifu_image_alt":"","footnotes":""},"categories":[78,54],"tags":[],"class_list":["post-60974","post","type-post","status-publish","format-standard","hentry","category-economie","category-maroc"],"_links":{"self":[{"href":"https:\/\/linitiative.ca\/International\/wp-json\/wp\/v2\/posts\/60974","targetHints":{"allow":["GET"]}}],"collection":[{"href":"https:\/\/linitiative.ca\/International\/wp-json\/wp\/v2\/posts"}],"about":[{"href":"https:\/\/linitiative.ca\/International\/wp-json\/wp\/v2\/types\/post"}],"author":[{"embeddable":true,"href":"https:\/\/linitiative.ca\/International\/wp-json\/wp\/v2\/users\/1787"}],"replies":[{"embeddable":true,"href":"https:\/\/linitiative.ca\/International\/wp-json\/wp\/v2\/comments?post=60974"}],"version-history":[{"count":0,"href":"https:\/\/linitiative.ca\/International\/wp-json\/wp\/v2\/posts\/60974\/revisions"}],"wp:attachment":[{"href":"https:\/\/linitiative.ca\/International\/wp-json\/wp\/v2\/media?parent=60974"}],"wp:term":[{"taxonomy":"category","embeddable":true,"href":"https:\/\/linitiative.ca\/International\/wp-json\/wp\/v2\/categories?post=60974"},{"taxonomy":"post_tag","embeddable":true,"href":"https:\/\/linitiative.ca\/International\/wp-json\/wp\/v2\/tags?post=60974"}],"curies":[{"name":"wp","href":"https:\/\/api.w.org\/{rel}","templated":true}]}}