{"id":60978,"date":"2019-09-12T16:30:02","date_gmt":"2019-09-12T20:30:02","guid":{"rendered":"https:\/\/linitiative.ca\/International\/une-fillette-de-deux-ans-tue-sa-mere-par-inadvertance\/"},"modified":"2019-09-12T16:30:02","modified_gmt":"2019-09-12T20:30:02","slug":"une-fillette-de-deux-ans-tue-sa-mere-par-inadvertance","status":"publish","type":"post","link":"https:\/\/linitiative.ca\/International\/une-fillette-de-deux-ans-tue-sa-mere-par-inadvertance\/","title":{"rendered":"Une fillette de deux ans tue sa m\u00e8re par inadvertance"},"content":{"rendered":"<div class=\"post-cont-in left relative\">\n<div class=\"swp_social_panel swp_horizontal_panel swp_flat_fresh swp_default_full_color swp_individual_full_color swp_other_full_color scale-100 scale-\" data-min-width=\"1100\" data-float-color=\"#ffffff\" data-float=\"none\" data-float-mobile=\"none\" data-transition=\"slide\">\n<div class=\"nc_tweetContainer swp_share_button total_shares total_sharesalt\"><span class=\"swp_count\">34 <span class=\"swp_label\">Partages<\/span><\/span><\/div>\n<\/div>\n<p>Une jeune m\u00e8re de famille \u00e2g\u00e9e de 21 ans a \u00e9t\u00e9 tu\u00e9e par sa fillette de deux ans, en Bi\u00e9lorussie.<\/p>\n<p>La m\u00e8re qui \u00e9tait pench\u00e9e par la fen\u00eatre de la porti\u00e8re avant de la voiture pour y r\u00e9cup\u00e9rer sa fillette, a \u00e9t\u00e9 \u00e9trangl\u00e9e par la vitre de la fen\u00eatre quand la petite fille a, par inadvertance, appuy\u00e9 sur le bouton de commande \u00e9lectrique du l\u00e8ve vitre.<\/p>\n<div class=\"code-block code-block-1 c3\"><ins class=\"adsbygoogle c2\" data-ad-layout=\"in-article\" data-ad-format=\"fluid\" data-ad-client=\"ca-pub-2102118777505746\" data-ad-slot=\"7301775417\"\/> <\/div>\n<p>La femme a \u00e9t\u00e9 \u00e9trangl\u00e9e au niveau du cou. Et l\u2019arriv\u00e9e de son mari, quelques minutes plus tard, pour la tirer de cette f\u00e2cheuse position, en brisant la vitre, n\u2019a pas r\u00e9ussi \u00e0 la sauver.<\/p>\n<p><strong>Que se passe-t-il en Tunisie?<\/strong><br \/>Nous expliquons sur notre <a href=\"https:\/\/www.youtube.com\/channel\/UCRzypVq0B_yBad5eGrwBx0Q?sub_confirmation=1\" target=\"_blank\" rel=\"noopener noreferrer\">cha\u00eene YouTube<\/a> . <a href=\"https:\/\/www.youtube.com\/channel\/UCRzypVq0B_yBad5eGrwBx0Q?sub_confirmation=1\" target=\"_blank\" rel=\"noopener noreferrer\">Abonnez-vous!<\/a><\/p>\n<div class=\"mvp-org-wrap mvp-org-logo\" itemprop=\"publisher\" itemscope=\"\" itemtype=\"https:\/\/schema.org\/Organization\">\n<p><img decoding=\"async\" src=\"https:\/\/www.tunisienumerique.com\/wp-content\/uploads\/2017\/02\/logo_tunisie_numerique.png\"\/><\/p>\n<\/div>\n<div class=\"swp_social_panel swp_horizontal_panel swp_flat_fresh swp_default_full_color swp_individual_full_color swp_other_full_color scale-100 scale-\" data-min-width=\"1100\" data-float-color=\"#ffffff\" data-float=\"none\" data-float-mobile=\"none\" data-transition=\"slide\">\n<div class=\"nc_tweetContainer swp_share_button total_shares total_sharesalt\"><span class=\"swp_count\">34 <span class=\"swp_label\">Partages<\/span><\/span><\/div>\n<\/div>\n<div class=\"mvp-related-posts left relative\">\n<h4 class=\"post-header\"><span class=\"post-header\">Lire aussi<\/span><\/h4>\n<\/div>\n<\/div>\n<p>Auteur: LM<br \/>\n<a href=\"https:\/\/www.tunisienumerique.com\/une-fillette-de-deux-ans-tue-sa-mere-par-inadvertance\/\">Cliquez ici pour lire l&rsquo;article depuis sa source.<\/a><\/p>\n","protected":false},"excerpt":{"rendered":"<p>34 Partages Une jeune m\u00e8re de famille \u00e2g\u00e9e de 21 ans a \u00e9t\u00e9 tu\u00e9e par sa fillette de deux ans, en Bi\u00e9lorussie. La m\u00e8re qui \u00e9tait pench\u00e9e par la fen\u00eatre de la porti\u00e8re avant de la voiture pour y r\u00e9cup\u00e9rer sa fillette, a \u00e9t\u00e9 \u00e9trangl\u00e9e par la vitre de la fen\u00eatre quand la petite fille [&hellip;]<\/p>\n","protected":false},"author":1789,"featured_media":60979,"comment_status":"closed","ping_status":"closed","sticky":false,"template":"","format":"standard","meta":{"fifu_image_url":"","fifu_image_alt":"","footnotes":""},"categories":[73,55],"tags":[],"class_list":["post-60978","post","type-post","status-publish","format-standard","has-post-thumbnail","hentry","category-actualite","category-tunisie"],"_links":{"self":[{"href":"https:\/\/linitiative.ca\/International\/wp-json\/wp\/v2\/posts\/60978","targetHints":{"allow":["GET"]}}],"collection":[{"href":"https:\/\/linitiative.ca\/International\/wp-json\/wp\/v2\/posts"}],"about":[{"href":"https:\/\/linitiative.ca\/International\/wp-json\/wp\/v2\/types\/post"}],"author":[{"embeddable":true,"href":"https:\/\/linitiative.ca\/International\/wp-json\/wp\/v2\/users\/1789"}],"replies":[{"embeddable":true,"href":"https:\/\/linitiative.ca\/International\/wp-json\/wp\/v2\/comments?post=60978"}],"version-history":[{"count":0,"href":"https:\/\/linitiative.ca\/International\/wp-json\/wp\/v2\/posts\/60978\/revisions"}],"wp:featuredmedia":[{"embeddable":true,"href":"https:\/\/linitiative.ca\/International\/wp-json\/"}],"wp:attachment":[{"href":"https:\/\/linitiative.ca\/International\/wp-json\/wp\/v2\/media?parent=60978"}],"wp:term":[{"taxonomy":"category","embeddable":true,"href":"https:\/\/linitiative.ca\/International\/wp-json\/wp\/v2\/categories?post=60978"},{"taxonomy":"post_tag","embeddable":true,"href":"https:\/\/linitiative.ca\/International\/wp-json\/wp\/v2\/tags?post=60978"}],"curies":[{"name":"wp","href":"https:\/\/api.w.org\/{rel}","templated":true}]}}