{"id":60981,"date":"2019-09-12T17:18:03","date_gmt":"2019-09-12T21:18:03","guid":{"rendered":"https:\/\/linitiative.ca\/International\/conference-regionale-sur-la-chenille-legionnaire-le-president-nigerien-mahamadou-issoufou-a-la-cloture-des-travaux\/"},"modified":"2019-09-12T17:18:03","modified_gmt":"2019-09-12T21:18:03","slug":"conference-regionale-sur-la-chenille-legionnaire-le-president-nigerien-mahamadou-issoufou-a-la-cloture-des-travaux","status":"publish","type":"post","link":"https:\/\/linitiative.ca\/International\/conference-regionale-sur-la-chenille-legionnaire-le-president-nigerien-mahamadou-issoufou-a-la-cloture-des-travaux\/","title":{"rendered":"Conf\u00e9rence r\u00e9gionale  sur la chenille l\u00e9gionnaire : le pr\u00e9sident nig\u00e9rien, Mahamadou Issoufou, \u00e0 la cl\u00f4ture des travaux"},"content":{"rendered":"<div class=\"td-post-featured-image\"><a href=\"https:\/\/i1.wp.com\/www.sidwaya.info\/wp-content\/uploads\/2019\/09\/1-24.jpg?fit=620%2C367&#038;ssl=1\" data-caption=\"\"><img loading=\"lazy\" decoding=\"async\" width=\"620\" height=\"367\" class=\"entry-thumb td-modal-image\" src=\"https:\/\/i1.wp.com\/www.sidwaya.info\/wp-content\/uploads\/2019\/09\/1-24.jpg?resize=620%2C367&#038;ssl=1\" srcset=\"https:\/\/i1.wp.com\/www.sidwaya.info\/wp-content\/uploads\/2019\/09\/1-24.jpg?w=620&#038;ssl=1 620w, https:\/\/i1.wp.com\/www.sidwaya.info\/wp-content\/uploads\/2019\/09\/1-24.jpg?resize=300%2C178&#038;ssl=1 300w\" sizes=\"auto, (max-width: 620px) 100vw, 620px\" alt=\"\" title=\"1\"\/><\/a><\/div>\n<p><strong>Le Pr\u00e9sident du Faso, Roch Marc Christian Kabor\u00e9, a accueilli, hier jeudi 12 septembre 2019, \u00e0 l\u2019a\u00e9roport international de Ouagadougou, le pr\u00e9sident nig\u00e9rien, Mahamadou Issoufou. Celui-ci est venu prendre part, le m\u00eame jour, \u00e0 la cl\u00f4ture de la conf\u00e9rence r\u00e9gionale sur la chenille l\u00e9gionnaire d\u2019automne.<\/strong><\/p>\n<p>La conf\u00e9rence r\u00e9gionale sur la gestion durable de la chenille l\u00e9gionnaire sous le th\u00e8me\u00a0: \u00abInvasion de la chenille l\u00e9gionnaire d\u2019automne au Sahel et en Afrique de l\u2019Ouest\u00a0: \u00e9tat des lieux, solutions et ressources mobilisables pour lutter contre le fl\u00e9au\u00bb a pris fin, hier jeudi 12 septembre 2019, \u00e0 Ouagadougou, dans l\u2019apr\u00e8s-midi. Dans ce cadre, le pr\u00e9sident nig\u00e9rien, Mahamadou Issoufou est arriv\u00e9 \u00e0 la mi-journ\u00e9e pour prendre part, \u00e0 cette rencontre ouverte le 10 septembre 2019, aux c\u00f4t\u00e9s du Pr\u00e9sident du Faso, pr\u00e9sident en exercice du Comit\u00e9 inter-Etats de lutte contre la s\u00e9cheresse dans le Sahel (CILSS), Roch Marc Christian Kabor\u00e9. A son arriv\u00e9e, Mahamadou Issoufou a \u00e9t\u00e9 accueilli \u00e0 l\u2019a\u00e9roport international de Ouagadougou par son homologue burkinab\u00e8 en compagnie d\u2019une d\u00e9l\u00e9gation d\u2019officiels. Le Chef de l\u2019Etat nig\u00e9rien a \u00e9t\u00e9 \u00e9galement re\u00e7u par ses compatriotes vivant au Burkina Faso qui l\u2019attendaient.<\/p>\n<p>Les deux personnalit\u00e9s se sont entretenues, par la suite, dans le salon d\u2019honneur, sans faire de d\u00e9claration \u00e0 la presse. Par ailleurs, la conf\u00e9rence r\u00e9gionale sur la chenille l\u00e9gionnaire entre en droite ligne du Plan d\u2019actions biennal et dans la vision d\u00e9finie par le Pr\u00e9sident du Faso pour venir \u00e0 bout de cet insecte ravageur des r\u00e9coltes. Elle a connu la participation de repr\u00e9sentants des services de protection des v\u00e9g\u00e9taux des pays membres du CILSS, de l\u2019Union \u00e9conomique et mon\u00e9taire ouest-africaine (UEMOA), de la Communaut\u00e9 \u00e9conomique des Etats de l\u2019Afrique de l\u2019Ouest (CEDEAO), des institutions de recherches et des Organisations non gouvernementales (ONG). Le pr\u00e9sident nig\u00e9rien devrait, en plus, participer au sommet extraordinaire des Chefs d\u2019Etat et de gouvernements de la CEDEAO sur la lutte contre le terrorisme qui se tient du 12 au 14 septembre 2019, dans la capitale burkinab\u00e8.<\/p>\n<p class=\"c1\"><strong>Boukary BONKOUNGOU<\/strong><\/p>\n<div class=\"td-a-rec td-a-rec-id-content_bottom td_uid_30_5d7abc4688ff1_rand td_block_template_1\"><img loading=\"lazy\" decoding=\"async\" class=\"aligncenter size-full wp-image-9623\" src=\"https:\/\/www.sidwaya.info\/wp-content\/uploads\/2019\/06\/Projet-bannie%CC%80re-Orange-mobile.jpg\" alt=\"\" width=\"728\" height=\"81\"\/><\/div>\n<p>Auteur: JK. Sidwaya<br \/>\n<a href=\"https:\/\/www.sidwaya.info\/blog\/2019\/09\/12\/conference-regionale-sur-la-chenille-legionnaire-le-president-nigerien-mahamadou-issoufou-a-la-cloture-des-travaux\/\">Cliquez ici pour lire l&rsquo;article depuis sa source.<\/a><\/p>\n","protected":false},"excerpt":{"rendered":"<p>Le Pr\u00e9sident du Faso, Roch Marc Christian Kabor\u00e9, a accueilli, hier jeudi 12 septembre 2019, \u00e0 l\u2019a\u00e9roport international de Ouagadougou, le pr\u00e9sident nig\u00e9rien, Mahamadou Issoufou. Celui-ci est venu prendre part, le m\u00eame jour, \u00e0 la cl\u00f4ture de la conf\u00e9rence r\u00e9gionale sur la chenille l\u00e9gionnaire d\u2019automne. La conf\u00e9rence r\u00e9gionale sur la gestion durable de la chenille [&hellip;]<\/p>\n","protected":false},"author":1816,"featured_media":0,"comment_status":"closed","ping_status":"closed","sticky":false,"template":"","format":"standard","meta":{"fifu_image_url":"","fifu_image_alt":"","footnotes":""},"categories":[73,81],"tags":[],"class_list":["post-60981","post","type-post","status-publish","format-standard","hentry","category-actualite","category-burkina-faso"],"_links":{"self":[{"href":"https:\/\/linitiative.ca\/International\/wp-json\/wp\/v2\/posts\/60981","targetHints":{"allow":["GET"]}}],"collection":[{"href":"https:\/\/linitiative.ca\/International\/wp-json\/wp\/v2\/posts"}],"about":[{"href":"https:\/\/linitiative.ca\/International\/wp-json\/wp\/v2\/types\/post"}],"author":[{"embeddable":true,"href":"https:\/\/linitiative.ca\/International\/wp-json\/wp\/v2\/users\/1816"}],"replies":[{"embeddable":true,"href":"https:\/\/linitiative.ca\/International\/wp-json\/wp\/v2\/comments?post=60981"}],"version-history":[{"count":0,"href":"https:\/\/linitiative.ca\/International\/wp-json\/wp\/v2\/posts\/60981\/revisions"}],"wp:attachment":[{"href":"https:\/\/linitiative.ca\/International\/wp-json\/wp\/v2\/media?parent=60981"}],"wp:term":[{"taxonomy":"category","embeddable":true,"href":"https:\/\/linitiative.ca\/International\/wp-json\/wp\/v2\/categories?post=60981"},{"taxonomy":"post_tag","embeddable":true,"href":"https:\/\/linitiative.ca\/International\/wp-json\/wp\/v2\/tags?post=60981"}],"curies":[{"name":"wp","href":"https:\/\/api.w.org\/{rel}","templated":true}]}}