{"id":60985,"date":"2019-09-12T13:50:14","date_gmt":"2019-09-12T17:50:14","guid":{"rendered":"https:\/\/linitiative.ca\/International\/cuba-craint-de-revenir-aux-heures-sombres-de-la-periode-speciale\/"},"modified":"2019-09-12T13:50:14","modified_gmt":"2019-09-12T17:50:14","slug":"cuba-craint-de-revenir-aux-heures-sombres-de-la-periode-speciale","status":"publish","type":"post","link":"https:\/\/linitiative.ca\/International\/cuba-craint-de-revenir-aux-heures-sombres-de-la-periode-speciale\/","title":{"rendered":"Cuba craint de revenir aux heures sombres de la \u00ab\u00a0P\u00e9riode sp\u00e9ciale\u00a0\u00bb"},"content":{"rendered":"<p>La Havane s\u2019est r\u00e9veill\u00e9e jeudi avec de longues files d\u2019attente aux arr\u00eats de bus et aux stations-service, au lendemain de l\u2019annonce officielle de p\u00e9nuries de carburant et de mesures d\u2019\u00e9conomies qui rappellent aux Cubains les heures sombres de la \u00ab\u00a0P\u00e9riode sp\u00e9ciale\u00a0\u00bb, la crise \u00e9conomique des ann\u00e9es 90.<\/p>\n<p>\u00ab\u00a0Si je suis inqui\u00e8te ? Je suis terrifi\u00e9e !\u00a0\u00bb, s\u2019exclame Katia Morfa, 36 ans, qui s\u2019est lev\u00e9e \u00e0 l\u2019aube pour emmener Lucia, sa fille de sept ans, \u00e0 l\u2019\u00e9cole situ\u00e9e \u00e0 deux kilom\u00e8tres de chez elle.<\/p>\n<p>\u00ab\u00a0Quand on annonce des mesures de ce genre, \u00e0 nous les Cubains \u00e7a nous donne des frissons de la t\u00eate aux pieds, car c\u2019est in\u00e9vitable de penser aux jours sombres et tr\u00e8s tristes de la P\u00e9riode sp\u00e9ciale\u00a0\u00bb, ajoute cette m\u00e8re qui a \u00e9tudi\u00e9 la communication sociale mais travaille en tant que serveuse dans une cafeteria priv\u00e9e, un emploi plus lucratif.<\/p>\n<p>La \u00ab\u00a0P\u00e9riode sp\u00e9ciale\u00a0\u00bb d\u00e9signe la grave crise \u00e9conomique travers\u00e9e par Cuba dans les ann\u00e9es 1990, apr\u00e8s la chute de l\u2019URSS, alors son principal soutien financier.<\/p>\n<p>Son \u00e9vocation reste traumatisante pour une grande partie de la population : le pays avait souffert de p\u00e9nuries de carburant et d\u2019aliments, ce qui avait entra\u00een\u00e9 l\u2019apparition de maladies incurables comme la polyn\u00e9vrite, caus\u00e9e par la malnutrition, et l\u2019exode de 45.000 habitants en 1994.<\/p>\n<p>Mercredi soir, le pr\u00e9sident Miguel Diaz-Canel a assur\u00e9 que \u00ab\u00a0la situation actuelle\u00a0\u00bb \u00e9tait \u00ab\u00a0conjoncturelle et simplement \u00e9nerg\u00e9tique\u00a0\u00bb. Surtout, il a martel\u00e9 : \u00ab\u00a0Nous ne sommes pas en P\u00e9riode sp\u00e9ciale\u00a0\u00bb.<\/p>\n<p>\u2013 D\u00e9j\u00e0-vu \u2013<\/p>\n<p>Son ton se voulant rassurant n\u2019a manifestement pas suffi, car d\u00e8s la fin de son intervention t\u00e9l\u00e9vis\u00e9e, de nombreuses personnes se sont pr\u00e9cipit\u00e9es vers les stations-service pour faire le plein, alarm\u00e9es par l\u2019annonce de l\u2019absence jusqu\u2019\u00e0 samedi d\u2019approvisionnement en carburant de leur pays.<\/p>\n<p>Pour La Havane, le coupable de cette crise est Washington, qui renforce son embargo, en vigueur depuis 1962, afin de forcer Cuba \u00e0 renoncer \u00e0 son soutien au gouvernement de Nicolas Maduro, notamment en sanctionnant les bateaux transportant vers l\u2019\u00eele du p\u00e9trole du Venezuela, son principal fournisseur d&rsquo;\u00a0\u00bbor noir\u00a0\u00bb.<\/p>\n<p>Le pr\u00e9sident a promis un retour \u00e0 \u00ab\u00a0une situation relativement normale\u00a0\u00bb en octobre et soulign\u00e9 que le pays \u00e9tait \u00ab\u00a0plus fort\u00a0\u00bb qu\u2019au moment de la \u00ab\u00a0P\u00e9riode sp\u00e9ciale\u00a0\u00bb car il a diversifi\u00e9 son \u00e9conomie, avec d\u00e9sormais l\u2019Union europ\u00e9enne pour principal partenaire commercial.<\/p>\n<p>Pourvu qu\u2019il ait raison, que ce soit conjoncturel, car il fait du mieux qu\u2019il peut\u00a0\u00bb, conc\u00e8de Vicenta Crespo, 63 ans, qui tient un stand de vente de caf\u00e9 et de cigares dans la vieille ville de La Havane. \u00ab\u00a0Mais il y a beaucoup de choses qui ne d\u00e9pendent pas de son bon vouloir\u00a0\u00bb, fait-elle remarquer.<\/p>\n<p>Plus pessimiste, Katia Morfa a une impression de d\u00e9j\u00e0-vu : \u00ab\u00a0Ce qu\u2019on voit, c\u2019est qu\u2019on prend le m\u00eame chemin qui nous a men\u00e9s \u00e0 l\u2019autre crise\u00a0\u00bb, celle des ann\u00e9es 1990. Sa voix se brise quand elle \u00e9voque cette \u00e9preuve qu\u2019elle a travers\u00e9e \u00e0 l\u2019\u00e2ge qu\u2019a aujourd\u2019hui sa fille.<\/p>\n<p>\u00ab\u00a0Des coupures d\u2019\u00e9lectricit\u00e9 qui duraient des heures, une mauvaise alimentation, le manque de tout, les maladies\u2026 je ne veux pas que Lucia vive \u00e7a\u00a0\u00bb.<\/p>\n<p>\u2013 \u00ab\u00a0Vraiment vuln\u00e9rables\u00a0\u00bb \u2013<\/p>\n<p>Pour Enrique, un \u00e9tudiant en langues de 22 ans, il fallait s\u2019attendre \u00e0 de telles annonces car \u00ab\u00a0nous savons les difficult\u00e9s du Venezuela\u00a0\u00bb, essentiel \u00e0 Cuba qui doit importer 60% du carburant qu\u2019il consomme.<\/p>\n<p>Mais cela montre que \u00ab\u00a0nous sommes vraiment vuln\u00e9rables, un p\u00e9trolier n\u2019arrive pas \u00e0 venir et le pays s\u2019en ressent\u00a0\u00bb, ajoute le jeune homme, qui ne veut pas donner son nom de famille.<\/p>\n<p>L\u2019id\u00e9e selon laquelle Cuba replonge dans sa p\u00e9riode maudite des ann\u00e9es 90 inqui\u00e8te aussi Jos\u00e9 Marti, un balayeur de 69 ans, mais m\u00eame si \u00ab\u00a0on est mal barr\u00e9\u00a0\u00bb, les Cubains vont \u00ab\u00a0tenir\u00a0\u00bb, promet-il.<\/p>\n<p>\u00ab\u00a0M\u00eame si je dois aller au travail \u00e0 pied, moi je mourrai pour cette r\u00e9volution\u00a0\u00bb, clame cet homme, dont le nom est aussi celui du h\u00e9ros de l\u2019ind\u00e9pendance cubaine.<\/p>\n<p>Vicenta Crespo veut \u00e9galement se battre, mais elle se dit que son pays a bien chang\u00e9 : \u00ab\u00a0Dans les ann\u00e9es 90, il y avait beaucoup de solidarit\u00e9, mais aujourd\u2019hui Cuba est diff\u00e9rent, il y a beaucoup de paresse, de manque de solidarit\u00e9. Le Cuba d\u2019aujourd\u2019hui est terriblement \u00e9go\u00efste\u00a0\u00bb.<\/p>\n<p>Auteur: AFP<br \/>\n<a href=\"https:\/\/www.journalducameroun.com\/cuba-craint-de-revenir-aux-heures-sombres-de-la-periode-speciale\/\">Cliquez ici pour lire l&rsquo;article depuis sa source.<\/a><\/p>\n","protected":false},"excerpt":{"rendered":"<p>La Havane s\u2019est r\u00e9veill\u00e9e jeudi avec de longues files d\u2019attente aux arr\u00eats de bus et aux stations-service, au lendemain de l\u2019annonce officielle de p\u00e9nuries de carburant et de mesures d\u2019\u00e9conomies qui rappellent aux Cubains les heures sombres de la \u00ab\u00a0P\u00e9riode sp\u00e9ciale\u00a0\u00bb, la crise \u00e9conomique des ann\u00e9es 90. \u00ab\u00a0Si je suis inqui\u00e8te ? Je suis terrifi\u00e9e [&hellip;]<\/p>\n","protected":false},"author":1965,"featured_media":0,"comment_status":"closed","ping_status":"closed","sticky":false,"template":"","format":"standard","meta":{"fifu_image_url":"","fifu_image_alt":"","footnotes":""},"categories":[73,82],"tags":[],"class_list":["post-60985","post","type-post","status-publish","format-standard","hentry","category-actualite","category-cameroun"],"_links":{"self":[{"href":"https:\/\/linitiative.ca\/International\/wp-json\/wp\/v2\/posts\/60985","targetHints":{"allow":["GET"]}}],"collection":[{"href":"https:\/\/linitiative.ca\/International\/wp-json\/wp\/v2\/posts"}],"about":[{"href":"https:\/\/linitiative.ca\/International\/wp-json\/wp\/v2\/types\/post"}],"author":[{"embeddable":true,"href":"https:\/\/linitiative.ca\/International\/wp-json\/wp\/v2\/users\/1965"}],"replies":[{"embeddable":true,"href":"https:\/\/linitiative.ca\/International\/wp-json\/wp\/v2\/comments?post=60985"}],"version-history":[{"count":0,"href":"https:\/\/linitiative.ca\/International\/wp-json\/wp\/v2\/posts\/60985\/revisions"}],"wp:attachment":[{"href":"https:\/\/linitiative.ca\/International\/wp-json\/wp\/v2\/media?parent=60985"}],"wp:term":[{"taxonomy":"category","embeddable":true,"href":"https:\/\/linitiative.ca\/International\/wp-json\/wp\/v2\/categories?post=60985"},{"taxonomy":"post_tag","embeddable":true,"href":"https:\/\/linitiative.ca\/International\/wp-json\/wp\/v2\/tags?post=60985"}],"curies":[{"name":"wp","href":"https:\/\/api.w.org\/{rel}","templated":true}]}}