{"id":60986,"date":"2019-09-12T14:18:12","date_gmt":"2019-09-12T18:18:12","guid":{"rendered":"https:\/\/linitiative.ca\/International\/desaccord-sur-le-lieu-dinhumation-de-mugabe\/"},"modified":"2019-09-12T14:18:12","modified_gmt":"2019-09-12T18:18:12","slug":"desaccord-sur-le-lieu-dinhumation-de-mugabe","status":"publish","type":"post","link":"https:\/\/linitiative.ca\/International\/desaccord-sur-le-lieu-dinhumation-de-mugabe\/","title":{"rendered":"D\u00e9saccord sur le lieu d\u2019inhumation de Mugabe"},"content":{"rendered":"<div readability=\"32\">\n<p>Publi\u00e9 le 12.09.2019 \u00e0 19h18 par APA News<\/p>\n<\/div>\n<div readability=\"87\">\n<p>L\u2019ex pr\u00e9sident zimbabw\u00e9en, Robert Mugabe s\u2019av\u00e8re \u00eatre une \u00e9pine dans le pied de son successeur dans la mort comme il l\u2019\u00e9tait de son vivant.Mugabe est d\u00e9c\u00e9d\u00e9 \u00e0 Singapour le 6 septembre et sa d\u00e9pouille est arriv\u00e9e \u00e0 Harare, mercredi, avec une s\u00e9rie d\u2019activit\u00e9s organis\u00e9es pour permettre aux Zimbabw\u00e9ens de lui rendre un dernier hommage, dont le point culminant sera son enterrement la semaine prochaine.<\/p>\n<p>Toutefois, le lieu de son inhumation fait l\u2019objet de malentendu entre la famille Mugabe et le gouvernement du pr\u00e9sident Emmerson Mnangagwa et le parti au pouvoir, la ZANU PF.<\/p>\n<p>Ce jeudi, la famille de Mugabe est en discussions avec Mnangagwa sur l\u2019endroit o\u00f9 le d\u00e9funt homme fort du Zimbabwe sera enterr\u00e9.<\/p>\n<p>La famille a d\u00e9clar\u00e9 dans un communiqu\u00e9 qu\u2019elle n\u2019est pas contente que le gouvernement veuille l\u2019obliger \u00e0 accepter un programme d\u2019obs\u00e8ques qui a \u00e9t\u00e9 \u00e9labor\u00e9 sans consultation. Selon sa famille, Mugabe avait exprim\u00e9 des souhaits et qu\u2019elle ne pouvait aller \u00e0 l\u2019encontre de ceux-ci.<\/p>\n<p>\u00ab Nous sommes pr\u00eats et dispos\u00e9s \u00e0 travailler avec le gouvernement pour \u00e9laborer un programme de fun\u00e9railles et d\u2019inhumation de feu Robert Gabriel Mugabe qui soit conforme \u00e0 ses souhaits sur la mani\u00e8re dont sa d\u00e9pouille mortelle sera enterr\u00e9e \u00bb, indique le communiqu\u00e9.<\/p>\n<p>La famille indique que Mugabe est d\u00e9c\u00e9d\u00e9 avec un sentiment d\u2019amertume et n\u2019a jamais pardonn\u00e9 \u00e0 Mnangagwa et aux autres hauts responsables de la ZANU PF qu\u2019il accusait de l\u2019avoir trahi.<\/p>\n<p>Mugabe, qui a dirig\u00e9 le Zimbabwe pendant 37 ans, avait \u00e9t\u00e9 brusquement destitu\u00e9 du pouvoir en novembre 2017 \u00e0 la suite d\u2019un coup d\u2019\u00c9tat militaire organis\u00e9 par Mnangagwa, son adjoint de confiance.<\/p>\n<p>Le coup d\u2019\u00c9tat avait \u00e9t\u00e9 d\u00e9clench\u00e9 par la d\u00e9cision de Mugabe de licencier Mnangagwa, alors vice-pr\u00e9sident. En cons\u00e9quence, il s\u2019est senti trahi par les siens et on comprend qu\u2019il ait dit \u00e0 sa famille qu\u2019il ne voulait pas \u00eatre enterr\u00e9 au National Heroes Acre \u00e0 Harare o\u00f9 sa premi\u00e8re femme, Sally Mugabe, n\u00e9e au Ghana, repose.<\/p>\n<p>Il souhaitait \u00eatre enterr\u00e9 dans sa maison rurale \u00e0 Zvimba, \u00e0 environ 85 km de Harare. \u00ab Sa d\u00e9pouille sera expos\u00e9e en chapelle ardente \u00e0 Kutama dimanche soir\u2026Puis elle sera inhum\u00e9e en priv\u00e9 (lundi ou mardi).C\u2019est la d\u00e9cision de toute la famille \u00bb, a d\u00e9clar\u00e9 jeudi son neveu, Leo Mugabe \u00e0 la presse.<\/p>\n<\/div>\n<p>Auteur: APA News<br \/>\n<a href=\"https:\/\/www.journalducameroun.com\/desaccord-sur-le-lieu-dinhumation-de-mugabe\/\">Cliquez ici pour lire l&rsquo;article depuis sa source.<\/a><\/p>\n","protected":false},"excerpt":{"rendered":"<p>Publi\u00e9 le 12.09.2019 \u00e0 19h18 par APA News L\u2019ex pr\u00e9sident zimbabw\u00e9en, Robert Mugabe s\u2019av\u00e8re \u00eatre une \u00e9pine dans le pied de son successeur dans la mort comme il l\u2019\u00e9tait de son vivant.Mugabe est d\u00e9c\u00e9d\u00e9 \u00e0 Singapour le 6 septembre et sa d\u00e9pouille est arriv\u00e9e \u00e0 Harare, mercredi, avec une s\u00e9rie d\u2019activit\u00e9s organis\u00e9es pour permettre aux [&hellip;]<\/p>\n","protected":false},"author":1965,"featured_media":0,"comment_status":"closed","ping_status":"closed","sticky":false,"template":"","format":"standard","meta":{"fifu_image_url":"","fifu_image_alt":"","footnotes":""},"categories":[73,82],"tags":[],"class_list":["post-60986","post","type-post","status-publish","format-standard","hentry","category-actualite","category-cameroun"],"_links":{"self":[{"href":"https:\/\/linitiative.ca\/International\/wp-json\/wp\/v2\/posts\/60986","targetHints":{"allow":["GET"]}}],"collection":[{"href":"https:\/\/linitiative.ca\/International\/wp-json\/wp\/v2\/posts"}],"about":[{"href":"https:\/\/linitiative.ca\/International\/wp-json\/wp\/v2\/types\/post"}],"author":[{"embeddable":true,"href":"https:\/\/linitiative.ca\/International\/wp-json\/wp\/v2\/users\/1965"}],"replies":[{"embeddable":true,"href":"https:\/\/linitiative.ca\/International\/wp-json\/wp\/v2\/comments?post=60986"}],"version-history":[{"count":0,"href":"https:\/\/linitiative.ca\/International\/wp-json\/wp\/v2\/posts\/60986\/revisions"}],"wp:attachment":[{"href":"https:\/\/linitiative.ca\/International\/wp-json\/wp\/v2\/media?parent=60986"}],"wp:term":[{"taxonomy":"category","embeddable":true,"href":"https:\/\/linitiative.ca\/International\/wp-json\/wp\/v2\/categories?post=60986"},{"taxonomy":"post_tag","embeddable":true,"href":"https:\/\/linitiative.ca\/International\/wp-json\/wp\/v2\/tags?post=60986"}],"curies":[{"name":"wp","href":"https:\/\/api.w.org\/{rel}","templated":true}]}}