{"id":60987,"date":"2019-09-12T14:50:15","date_gmt":"2019-09-12T18:50:15","guid":{"rendered":"https:\/\/linitiative.ca\/International\/les-democrates-intensifient-leurs-enquetes-contre-trump-en-vue-dune-destitution\/"},"modified":"2019-09-12T14:50:15","modified_gmt":"2019-09-12T18:50:15","slug":"les-democrates-intensifient-leurs-enquetes-contre-trump-en-vue-dune-destitution","status":"publish","type":"post","link":"https:\/\/linitiative.ca\/International\/les-democrates-intensifient-leurs-enquetes-contre-trump-en-vue-dune-destitution\/","title":{"rendered":"Les d\u00e9mocrates intensifient leurs enqu\u00eates contre Trump en vue d\u2019une destitution"},"content":{"rendered":"<div readability=\"32\">\n<p>Publi\u00e9 le 12.09.2019 \u00e0 19h50 par AFP<\/p>\n<\/div>\n<div readability=\"115\">\n<p>Les d\u00e9mocrates am\u00e9ricains ont franchi un nouveau cap jeudi dans leurs enqu\u00eates visant le pr\u00e9sident Donald Trump, en les faisant rentrer officiellement dans le cadre d\u2019une proc\u00e9dure de destitution, bien que le parti d\u2019opposition reste divis\u00e9 sur la question.<\/p>\n<p>La puissante commission judiciaire de la Chambre des repr\u00e9sentants, aux mains des d\u00e9mocrates, a formalis\u00e9 l\u2019ouverture d\u2019une enqu\u00eate destin\u00e9e \u00e0 d\u00e9terminer s\u2019il convient d\u2019initier une proc\u00e9dure d&rsquo;\u00a0\u00bbimpeachment\u00a0\u00bb contre le pr\u00e9sident.<\/p>\n<p>Cette d\u00e9marche est encore tr\u00e8s pr\u00e9liminaire et \u00e9loign\u00e9e d\u2019une destitution, mais elle permettra aux \u00e9lus de r\u00e9clamer \u00e0 la Maison Blanche davantage de documents et d\u2019auditions.<\/p>\n<p>Cette r\u00e9solution \u00ab\u00a0repr\u00e9sente le pas en avant n\u00e9cessaire dans notre enqu\u00eate pour corruption, entrave (\u00e0 la justice) et abus de pouvoir\u00a0\u00bb, a d\u00e9clar\u00e9 le pr\u00e9sident de la commission, Jerry Nadler.<\/p>\n<p>Aux Etats-Unis, la Chambre peut voter pour mettre en accusation le pr\u00e9sident pour certains d\u00e9lits, puis le S\u00e9nat doit le juger, ce qui aboutit \u00e0 un acquittement ou une destitution. Tout commence par une enqu\u00eate de la commission judiciaire qui d\u00e9termine les d\u00e9lits.<\/p>\n<p>L\u2019enqu\u00eate parlementaire portera sur quatre sujets:<\/p>\n<p>\u2013 les pressions exerc\u00e9es par Donald Trump sur l\u2019enqu\u00eate portant sur les ing\u00e9rences russes dans la campagne pr\u00e9sidentielle de 2016 (entrave \u00e0 la justice);<\/p>\n<p>\u2013 les promesses faites par Donald Trump \u00e0 des membres de son \u00e9quipe de campagne afin de les inciter \u00e0 le prot\u00e9ger;<\/p>\n<p>\u2013 le possible conflit d\u2019int\u00e9r\u00eats li\u00e9 aux recettes des h\u00f4tels de Donald Trump depuis son entr\u00e9e \u00e0 la Maison Blanche;<\/p>\n<p>\u2013 le versement d\u2019argent pour acheter le silence d\u2019anciennes ma\u00eetresses pr\u00e9sum\u00e9es de Donald Trump lors de la campagne de 2016, qui pourrait repr\u00e9senter une violation des lois sur le financement des campagnes \u00e9lectorales.<\/p>\n<p>\u00ab\u00a0La conduite qui fait l\u2019objet de notre enqu\u00eate est une menace pour notre d\u00e9mocratie. Nous avons une obligation de r\u00e9pondre \u00e0 cette menace\u00a0\u00bb, a d\u00e9clar\u00e9 M. Nadler.<\/p>\n<p>\u2013 \u00ab\u00a0Mesure clivante\u00a0\u00bb \u2013<\/p>\n<p>Mais les d\u00e9mocrates ne sont pas unis. Nancy Pelosi, leur cheffe \u00e0 la Chambre, a averti des risques politiques d\u2019une telle tentative, estimant que les \u00e9lus devraient plut\u00f4t se concentrer sur la campagne pr\u00e9sidentielle.<\/p>\n<p>\u00ab\u00a0Les Am\u00e9ricains comprennent que la destitution est une mesure tr\u00e8s clivante\u00a0\u00bb, a-t-elle expliqu\u00e9 jeudi, se gardant d\u2019afficher un franc soutien \u00e0 cette solution jug\u00e9e extr\u00eame.<\/p>\n<p>Elle s\u2019est toutefois d\u00e9clar\u00e9e en faveur des enqu\u00eates engag\u00e9es par la commission, importantes selon elle pour d\u00e9terminer s\u2019il existe des preuves contre le pr\u00e9sident: \u00ab\u00a0Je soutiens ce qu\u2019il se passe au sein de la commission judiciaire\u00a0\u00bb, a-t-elle fait savoir.<\/p>\n<p>Quoiqu\u2019il en soit, la majorit\u00e9 r\u00e9publicaine au S\u00e9nat condamne quasi certainement une \u00e9ventuelle proc\u00e9dure d&rsquo;\u00a0\u00bbimpeachment\u00a0\u00bb \u00e0 l\u2019\u00e9chec.<\/p>\n<p>Le camp pro-destitution ne cesse malgr\u00e9 tout de cro\u00eetre. Plus de la moiti\u00e9 des 235 \u00e9lus d\u00e9mocrates \u00e0 la Chambre disent soutenir les poursuites.<\/p>\n<p>La commission judiciaire pr\u00e9voit d\u2019interroger la semaine prochaine l\u2019ex-directeur de campagne de Donald Trump, Corey Lewandowski, et cherche \u00e0 entendre l\u2019ancien conseiller pr\u00e9sidentiel Don McGahn, l\u2019une des principales sources du rapport du procureur sp\u00e9cial Robert Mueller sur les ing\u00e9rences russes en 2016.<\/p>\n<\/div>\n<p>Auteur: AFP<br \/>\n<a href=\"https:\/\/www.journalducameroun.com\/les-democrates-intensifient-leurs-enquetes-contre-trump-en-vue-dune-destitution\/\">Cliquez ici pour lire l&rsquo;article depuis sa source.<\/a><\/p>\n","protected":false},"excerpt":{"rendered":"<p>Publi\u00e9 le 12.09.2019 \u00e0 19h50 par AFP Les d\u00e9mocrates am\u00e9ricains ont franchi un nouveau cap jeudi dans leurs enqu\u00eates visant le pr\u00e9sident Donald Trump, en les faisant rentrer officiellement dans le cadre d\u2019une proc\u00e9dure de destitution, bien que le parti d\u2019opposition reste divis\u00e9 sur la question. La puissante commission judiciaire de la Chambre des repr\u00e9sentants, [&hellip;]<\/p>\n","protected":false},"author":1965,"featured_media":0,"comment_status":"closed","ping_status":"closed","sticky":false,"template":"","format":"standard","meta":{"fifu_image_url":"","fifu_image_alt":"","footnotes":""},"categories":[73,82],"tags":[],"class_list":["post-60987","post","type-post","status-publish","format-standard","hentry","category-actualite","category-cameroun"],"_links":{"self":[{"href":"https:\/\/linitiative.ca\/International\/wp-json\/wp\/v2\/posts\/60987","targetHints":{"allow":["GET"]}}],"collection":[{"href":"https:\/\/linitiative.ca\/International\/wp-json\/wp\/v2\/posts"}],"about":[{"href":"https:\/\/linitiative.ca\/International\/wp-json\/wp\/v2\/types\/post"}],"author":[{"embeddable":true,"href":"https:\/\/linitiative.ca\/International\/wp-json\/wp\/v2\/users\/1965"}],"replies":[{"embeddable":true,"href":"https:\/\/linitiative.ca\/International\/wp-json\/wp\/v2\/comments?post=60987"}],"version-history":[{"count":0,"href":"https:\/\/linitiative.ca\/International\/wp-json\/wp\/v2\/posts\/60987\/revisions"}],"wp:attachment":[{"href":"https:\/\/linitiative.ca\/International\/wp-json\/wp\/v2\/media?parent=60987"}],"wp:term":[{"taxonomy":"category","embeddable":true,"href":"https:\/\/linitiative.ca\/International\/wp-json\/wp\/v2\/categories?post=60987"},{"taxonomy":"post_tag","embeddable":true,"href":"https:\/\/linitiative.ca\/International\/wp-json\/wp\/v2\/tags?post=60987"}],"curies":[{"name":"wp","href":"https:\/\/api.w.org\/{rel}","templated":true}]}}