{"id":60988,"date":"2019-09-12T15:50:08","date_gmt":"2019-09-12T19:50:08","guid":{"rendered":"https:\/\/linitiative.ca\/International\/la-turquie-veut-rouvrir-la-perle-de-chypre-devenue-ville-fantome\/"},"modified":"2019-09-12T15:50:08","modified_gmt":"2019-09-12T19:50:08","slug":"la-turquie-veut-rouvrir-la-perle-de-chypre-devenue-ville-fantome","status":"publish","type":"post","link":"https:\/\/linitiative.ca\/International\/la-turquie-veut-rouvrir-la-perle-de-chypre-devenue-ville-fantome\/","title":{"rendered":"La Turquie veut rouvrir la \u00ab\u00a0perle\u00a0\u00bb de Chypre devenue ville-fant\u00f4me"},"content":{"rendered":"<div readability=\"32\">\n<p>Publi\u00e9 le 12.09.2019 \u00e0 20h50 par AFP<\/p>\n<\/div>\n<div readability=\"59\">\n<p>La Turquie a annonc\u00e9 jeudi qu\u2019elle allait redonner vie \u00e0 Varosha, la \u00ab\u00a0perle\u00a0\u00bb de Chypre devenue une ville-fant\u00f4me apr\u00e8s l\u2019intervention de l\u2019arm\u00e9e turque il y a pr\u00e8s d\u2019un demi-si\u00e8cle sur cette \u00eele m\u00e9diterran\u00e9enne.<\/p>\n<p>\u00ab\u00a0Oui, il y a des pr\u00e9paratifs. Varosha sera ouverte\u00a0\u00bb, a d\u00e9clar\u00e9 le ministre turc des Affaires \u00e9trang\u00e8res Mevlut Cavusoglu, r\u00e9pondant \u00e0 une question de la cha\u00eene de t\u00e9l\u00e9vision CNN-Turk.<\/p>\n<p>Varosha, qui fait partie de l\u2019agglom\u00e9ration de Famagouste, dans l\u2019est, a \u00e9t\u00e9 abandonn\u00e9e apr\u00e8s avoir \u00e9t\u00e9 entour\u00e9e de cl\u00f4tures par les militaires turcs. Ceux-ci ont envahi le tiers nord de Chypre en 1974 en r\u00e9action \u00e0 un coup d\u2019Etat visant \u00e0 rattacher \u00e0 la Gr\u00e8ce cette \u00eele depuis coup\u00e9e en deux.<\/p>\n<p>La R\u00e9publique turque de Chypre du Nord, non reconnue par la communaut\u00e9 internationale, a par la suite \u00e9t\u00e9 unilat\u00e9ralement proclam\u00e9e en 1983.<\/p>\n<p>Les habitants de Varosha ont quant \u00e0 eux \u00e9t\u00e9 oblig\u00e9s de fuir plus au sud, vers la partie grecque, qui sous le nom de R\u00e9publique de Chypre est aujourd\u2019hui membre de l\u2019Union europ\u00e9enne.<\/p>\n<\/div>\n<p>Auteur: AFP<br \/>\n<a href=\"https:\/\/www.journalducameroun.com\/la-turquie-veut-rouvrir-la-perle-de-chypre-devenue-ville-fantome\/\">Cliquez ici pour lire l&rsquo;article depuis sa source.<\/a><\/p>\n","protected":false},"excerpt":{"rendered":"<p>Publi\u00e9 le 12.09.2019 \u00e0 20h50 par AFP La Turquie a annonc\u00e9 jeudi qu\u2019elle allait redonner vie \u00e0 Varosha, la \u00ab\u00a0perle\u00a0\u00bb de Chypre devenue une ville-fant\u00f4me apr\u00e8s l\u2019intervention de l\u2019arm\u00e9e turque il y a pr\u00e8s d\u2019un demi-si\u00e8cle sur cette \u00eele m\u00e9diterran\u00e9enne. \u00ab\u00a0Oui, il y a des pr\u00e9paratifs. Varosha sera ouverte\u00a0\u00bb, a d\u00e9clar\u00e9 le ministre turc des [&hellip;]<\/p>\n","protected":false},"author":1965,"featured_media":0,"comment_status":"closed","ping_status":"closed","sticky":false,"template":"","format":"standard","meta":{"fifu_image_url":"","fifu_image_alt":"","footnotes":""},"categories":[73,82],"tags":[],"class_list":["post-60988","post","type-post","status-publish","format-standard","hentry","category-actualite","category-cameroun"],"_links":{"self":[{"href":"https:\/\/linitiative.ca\/International\/wp-json\/wp\/v2\/posts\/60988","targetHints":{"allow":["GET"]}}],"collection":[{"href":"https:\/\/linitiative.ca\/International\/wp-json\/wp\/v2\/posts"}],"about":[{"href":"https:\/\/linitiative.ca\/International\/wp-json\/wp\/v2\/types\/post"}],"author":[{"embeddable":true,"href":"https:\/\/linitiative.ca\/International\/wp-json\/wp\/v2\/users\/1965"}],"replies":[{"embeddable":true,"href":"https:\/\/linitiative.ca\/International\/wp-json\/wp\/v2\/comments?post=60988"}],"version-history":[{"count":0,"href":"https:\/\/linitiative.ca\/International\/wp-json\/wp\/v2\/posts\/60988\/revisions"}],"wp:attachment":[{"href":"https:\/\/linitiative.ca\/International\/wp-json\/wp\/v2\/media?parent=60988"}],"wp:term":[{"taxonomy":"category","embeddable":true,"href":"https:\/\/linitiative.ca\/International\/wp-json\/wp\/v2\/categories?post=60988"},{"taxonomy":"post_tag","embeddable":true,"href":"https:\/\/linitiative.ca\/International\/wp-json\/wp\/v2\/tags?post=60988"}],"curies":[{"name":"wp","href":"https:\/\/api.w.org\/{rel}","templated":true}]}}