{"id":60989,"date":"2019-09-12T17:50:03","date_gmt":"2019-09-12T21:50:03","guid":{"rendered":"https:\/\/linitiative.ca\/International\/afghanistan-le-congres-convoque-lemissaire-americain-apres-la-rupture-des-negociations\/"},"modified":"2019-09-12T17:50:03","modified_gmt":"2019-09-12T21:50:03","slug":"afghanistan-le-congres-convoque-lemissaire-americain-apres-la-rupture-des-negociations","status":"publish","type":"post","link":"https:\/\/linitiative.ca\/International\/afghanistan-le-congres-convoque-lemissaire-americain-apres-la-rupture-des-negociations\/","title":{"rendered":"Afghanistan: le Congr\u00e8s convoque l\u2019\u00e9missaire am\u00e9ricain apr\u00e8s la rupture des n\u00e9gociations"},"content":{"rendered":"<div readability=\"32\">\n<p>Publi\u00e9 le 12.09.2019 \u00e0 22h50 par AFP<\/p>\n<\/div>\n<div readability=\"87\">\n<p>La Chambre des repr\u00e9sentants am\u00e9ricaine a convoqu\u00e9 jeudi l\u2019\u00e9missaire des Etats-Unis pour l\u2019Afghanistan, Zalmay Khalilzad, pour qu\u2019il vienne d\u00e9tailler son \u00ab\u00a0plan de paix\u00a0\u00bb et expliquer comment il a \u00ab\u00a0d\u00e9raill\u00e9\u00a0\u00bb avec la rupture par Donald Trump des n\u00e9gociations avec les talibans.<\/p>\n<p>\u00ab\u00a0Pendant des mois, nous n\u2019avons pas \u00e9t\u00e9 en mesure d\u2019obtenir des r\u00e9ponses sur le plan de paix pour l\u2019Afghanistan, et maintenant le pr\u00e9sident dit que le plan est mort et enterr\u00e9. Nous avons besoin d\u2019entendre directement l\u2019\u00e9missaire de l\u2019administration pour l\u2019Afghanistan pour comprendre comment ce processus a d\u00e9raill\u00e9\u00a0\u00bb, a d\u00e9clar\u00e9 le pr\u00e9sident de la commission des Affaires \u00e9trang\u00e8res, le d\u00e9mocrate Eliot Engel, dans un communiqu\u00e9.<\/p>\n<p>Il a donc formellement \u00ab\u00a0cit\u00e9 \u00e0 compara\u00eetre\u00a0\u00bb le n\u00e9gociateur am\u00e9ricain pour le 19 septembre lors d\u2019une audition publique. Zalmay Khalilzad est l\u00e9galement tenu de se rendre \u00e0 cette convocation.<\/p>\n<p>L\u2019\u00e9lu d\u00e9mocrate explique en \u00eatre arriv\u00e9 l\u00e0 car le d\u00e9partement d\u2019Etat a rejet\u00e9 selon lui \u00e0 trois reprises au moins ces derniers mois ses demandes d\u2019audition du diplomate, qui n\u00e9gociait depuis un an un accord avec les talibans.<\/p>\n<p>Il avait menac\u00e9 de le citer \u00e0 compara\u00eetre juste avant que le pr\u00e9sident Trump n\u2019annonce, samedi, avoir mis fin aux n\u00e9gociations avec les insurg\u00e9s en raison d\u2019un nouvel attentat meurtrier qui a tu\u00e9 notamment un soldat am\u00e9ricain \u00e0 Kaboul. Le milliardaire r\u00e9publicain a par la m\u00eame occasion annul\u00e9 un sommet secret avec les talibans pr\u00e9vu selon lui le lendemain \u00e0 Camp David, la prestigieuse r\u00e9sidence secondaire des pr\u00e9sidents am\u00e9ricains.<\/p>\n<p>Zalmay Khalilzad, qui est de retour \u00e0 Washington, ne s\u2019est pas exprim\u00e9 depuis lors. Et m\u00eame pendant le processus de n\u00e9gociations, il n\u2019avait d\u00e9voil\u00e9 que peu de d\u00e9tails de \u00ab\u00a0l\u2019accord de principe\u00a0\u00bb qu\u2019il affirmait avoir conclu avec les talibans.<\/p>\n<p>Celui-ci devait permettre un retrait progressif des soldats am\u00e9ricains en \u00e9change de garanties de s\u00e9curit\u00e9, d\u2019une \u00ab\u00a0r\u00e9duction de la violence\u00a0\u00bb et de l\u2019ouverture de n\u00e9gociations directes entre les talibans et le gouvernement de Kaboul.<\/p>\n<p>\u00ab\u00a0Plus de 2.000 soldats am\u00e9ricains sont morts en Afghanistan et j\u2019en ai assez de cette administration qui laisse le Congr\u00e8s et les Am\u00e9ricains dans l\u2019ignorance au sujet du processus de paix et sur ses intentions pour mettre fin \u00e0 cette longue guerre\u00a0\u00bb vieille de 18 ans, a protest\u00e9 Eliot Engel.<\/p>\n<p>Alors que le chef de la diplomatie am\u00e9ricaine Mike Pompeo a laiss\u00e9 dimanche la porte ouverte \u00e0 une reprise des n\u00e9gociations, Donald Trump a lui assur\u00e9 cette semaine \u00e0 plusieurs reprises qu\u2019elles \u00e9taient termin\u00e9es \u00ab\u00a0pour de bon\u00a0\u00bb.<\/p>\n<\/div>\n<p>Auteur: AFP<br \/>\n<a href=\"https:\/\/www.journalducameroun.com\/afghanistan-le-congres-convoque-lemissaire-americain-apres-la-rupture-des-negociations\/\">Cliquez ici pour lire l&rsquo;article depuis sa source.<\/a><\/p>\n","protected":false},"excerpt":{"rendered":"<p>Publi\u00e9 le 12.09.2019 \u00e0 22h50 par AFP La Chambre des repr\u00e9sentants am\u00e9ricaine a convoqu\u00e9 jeudi l\u2019\u00e9missaire des Etats-Unis pour l\u2019Afghanistan, Zalmay Khalilzad, pour qu\u2019il vienne d\u00e9tailler son \u00ab\u00a0plan de paix\u00a0\u00bb et expliquer comment il a \u00ab\u00a0d\u00e9raill\u00e9\u00a0\u00bb avec la rupture par Donald Trump des n\u00e9gociations avec les talibans. \u00ab\u00a0Pendant des mois, nous n\u2019avons pas \u00e9t\u00e9 en [&hellip;]<\/p>\n","protected":false},"author":1965,"featured_media":0,"comment_status":"closed","ping_status":"closed","sticky":false,"template":"","format":"standard","meta":{"fifu_image_url":"","fifu_image_alt":"","footnotes":""},"categories":[73,82],"tags":[],"class_list":["post-60989","post","type-post","status-publish","format-standard","hentry","category-actualite","category-cameroun"],"_links":{"self":[{"href":"https:\/\/linitiative.ca\/International\/wp-json\/wp\/v2\/posts\/60989","targetHints":{"allow":["GET"]}}],"collection":[{"href":"https:\/\/linitiative.ca\/International\/wp-json\/wp\/v2\/posts"}],"about":[{"href":"https:\/\/linitiative.ca\/International\/wp-json\/wp\/v2\/types\/post"}],"author":[{"embeddable":true,"href":"https:\/\/linitiative.ca\/International\/wp-json\/wp\/v2\/users\/1965"}],"replies":[{"embeddable":true,"href":"https:\/\/linitiative.ca\/International\/wp-json\/wp\/v2\/comments?post=60989"}],"version-history":[{"count":0,"href":"https:\/\/linitiative.ca\/International\/wp-json\/wp\/v2\/posts\/60989\/revisions"}],"wp:attachment":[{"href":"https:\/\/linitiative.ca\/International\/wp-json\/wp\/v2\/media?parent=60989"}],"wp:term":[{"taxonomy":"category","embeddable":true,"href":"https:\/\/linitiative.ca\/International\/wp-json\/wp\/v2\/categories?post=60989"},{"taxonomy":"post_tag","embeddable":true,"href":"https:\/\/linitiative.ca\/International\/wp-json\/wp\/v2\/tags?post=60989"}],"curies":[{"name":"wp","href":"https:\/\/api.w.org\/{rel}","templated":true}]}}