{"id":60991,"date":"2019-09-12T11:36:40","date_gmt":"2019-09-12T15:36:40","guid":{"rendered":"https:\/\/linitiative.ca\/International\/fabrice-siaka-egerie-de-lindustrie-au-cameroun\/"},"modified":"2019-09-12T11:36:40","modified_gmt":"2019-09-12T15:36:40","slug":"fabrice-siaka-egerie-de-lindustrie-au-cameroun","status":"publish","type":"post","link":"https:\/\/linitiative.ca\/International\/fabrice-siaka-egerie-de-lindustrie-au-cameroun\/","title":{"rendered":"Fabrice Siaka, \u00e9g\u00e9rie de l\u2019industrie au Cameroun"},"content":{"rendered":"<p><a href=\"https:\/\/i0.wp.com\/ecomatin.net\/wp-content\/uploads\/2019\/09\/ecomatin.net-fabrice-siaka-egerie-de-lindustrie-au-cameroun-patrice-siaka-2.jpg?ssl=1\"><\/p>\n<p><img loading=\"lazy\" decoding=\"async\" data-attachment-id=\"11374\" data-permalink=\"https:\/\/ecomatin.net\/fabrice-siaka-egerie-de-lindustrie-au-cameroun\/patrice-siaka-2\/\" data-orig-file=\"https:\/\/i0.wp.com\/ecomatin.net\/wp-content\/uploads\/2019\/09\/ecomatin.net-fabrice-siaka-egerie-de-lindustrie-au-cameroun-patrice-siaka-2.jpg?fit=200%2C200&#038;ssl=1\" data-orig-size=\"200,200\" data-comments-opened=\"0\" data-image-meta=\"{\"aperture\":\"0\",\"credit\":\"\",\"camera\":\"\",\"caption\":\"\",\"created_timestamp\":\"0\",\"copyright\":\"\",\"focal_length\":\"0\",\"iso\":\"0\",\"shutter_speed\":\"0\",\"title\":\"\",\"orientation\":\"0\"}\" data-image-title=\"Patrice Siaka 2\" data-image-description=\"\" data-medium-file=\"https:\/\/i0.wp.com\/ecomatin.net\/wp-content\/uploads\/2019\/09\/ecomatin.net-fabrice-siaka-egerie-de-lindustrie-au-cameroun-patrice-siaka-2.jpg?fit=200%2C200&#038;ssl=1\" data-large-file=\"https:\/\/i0.wp.com\/ecomatin.net\/wp-content\/uploads\/2019\/09\/ecomatin.net-fabrice-siaka-egerie-de-lindustrie-au-cameroun-patrice-siaka-2.jpg?fit=200%2C200&#038;ssl=1\" class=\"size-full wp-image-11374 alignleft\" src=\"https:\/\/i0.wp.com\/ecomatin.net\/wp-content\/uploads\/2019\/09\/ecomatin.net-fabrice-siaka-egerie-de-lindustrie-au-cameroun-patrice-siaka-2.jpg?resize=200%2C200&#038;ssl=1\" alt=\"\" width=\"200\" height=\"200\" srcset=\"https:\/\/i0.wp.com\/ecomatin.net\/wp-content\/uploads\/2019\/09\/ecomatin.net-fabrice-siaka-egerie-de-lindustrie-au-cameroun-patrice-siaka-2.jpg?w=200&#038;ssl=1 200w, https:\/\/i0.wp.com\/ecomatin.net\/wp-content\/uploads\/2019\/09\/ecomatin.net-fabrice-siaka-egerie-de-lindustrie-au-cameroun-patrice-siaka-2.jpg?resize=150%2C150&#038;ssl=1 150w\" sizes=\"auto, (max-width: 200px) 100vw, 200px\" data-recalc-dims=\"1\"\/><\/p>\n<p><\/a>Fabrice Siaka, homonyme de l\u2019homme d\u2019affaire et industriel <strong>Andr\u00e9 Siaka<\/strong> s\u2019est tr\u00e8s vite int\u00e9ress\u00e9 aux affaires. \u00a0Dans les colonnes de l\u2019hebdomadaire, \u00ab\u00a0<em>Jeune Afrique\u00a0<\/em>\u00bb, de d\u00e9cembre 2018, il avait \u00e9t\u00e9 class\u00e9 parmi les hommes qui feront l\u2019an 2019. La <strong>Soci\u00e9t\u00e9 de distribution nouvelle d\u2019Afrique<\/strong> (Sodinaf) dont il est le Directeur g\u00e9n\u00e9ral compte injecter <strong>14 milliards FCFA<\/strong>, pour l\u2019implantation d\u2019une usine de raffinage d\u2019huile de palme brute et de production de savon de m\u00e9nage \u00e0 Douala. \u00a0D\u2019apr\u00e8s les estimations, cette usine va g\u00e9n\u00e9rer <strong>158 emplois<\/strong> renseigne le directeur g\u00e9n\u00e9ral de Sodinaf. L\u2019homme d\u2019affaire a b\u00e9n\u00e9fici\u00e9 d\u2019un agr\u00e9ment \u00e0 lui remis par l\u2019<strong>Agence de promotion des investissements (API)<\/strong> pour l\u2019impl\u00e9mentation de son projet.<\/p>\n<p>Bien avant, <strong>Fabrice Siaka<\/strong> a rachet\u00e9 les filiales de l\u2019exploitant forestier fran\u00e7ais Rougier au Cameroun et en Centrafrique par son entreprise, la Soci\u00e9t\u00e9 de distribution nouvelle d\u2019Afrique (Sodinaf \u2013 <strong>76,2 millions d\u2019euros<\/strong> de chiffre d\u2019affaires). Ce projet est venu concr\u00e9tiser son r\u00eave de se lancer v\u00e9ritablement dans l\u2019industrie. Apr\u00e8s quoi, l\u2019entrepreneur fourmille encore de projets, de l\u2019aviculture \u00e0 la fabrication de bi\u00e8re.<\/p>\n<p><span class=\"c2\"><strong>Lecourt le bienfaiteur<\/strong><\/span><\/p>\n<p>Fabrice Siaka doit une fi\u00e8re chandelle \u00e0 Edmond-Patrick Lecourt. En travaillant chez Savent Brokers, dirig\u00e9 par ce dernier, le Camerounais a eu l\u2019id\u00e9e, avec le parlementaire <strong>Aliyoum Fadil<\/strong>, de fonder Sodinaf en 2007.<\/p>\n<p>Le trader mon\u00e9gasque, qui a fait fortune en Afrique, l\u2019a \u00ab initi\u00e9 \u00bb et lui a pr\u00eat\u00e9 <strong>50\u2009000 euros<\/strong> pour qu\u2019il se lance. Enfin, il a mis sa structure \u00ab cofac\u00e9e \u00bb \u00e0 la disposition de Siaka pour sa premi\u00e8re importation de\u2026 lait.<\/p>\n<p>En onze ans d\u2019existence, Sodinaf, implant\u00e9 au Cameroun, au Tchad, en Centrafrique et en RD Congo les quatre soci\u00e9t\u00e9s \u00e9tant regroup\u00e9es sous le holding parisien N\u00e9goce march\u00e9 pour l\u2019Afrique, s\u2019est impos\u00e9 dans le commerce du riz, o\u00f9 il occupe la deuxi\u00e8me place derri\u00e8re l\u2019indien Sonam. En 2017, il a import\u00e9 200\u2009000 tonnes de riz et 50\u2009000 t de ma\u00efs et de tourteaux de soja (alimentation animale), qu\u2019il distribue dans la zone Cemac, pour un chiffre d\u2019affaires de pr\u00e8s de <strong>50 milliards de F CFA<\/strong>. C\u2019est \u00e0 partir de 2012 que l\u2019entreprise voit son activit\u00e9 d\u00e9coller gr\u00e2ce au groupe Louis-Dreyfus, devenu son fournisseur exclusif.<\/p>\n<div class=\"about-author about-author-box container-wrapper\">\n<div class=\"author-avatar\">\n<p><img decoding=\"async\" src=\"http:\/\/\" alt=\"\"\/><\/p>\n<\/div>\n<p><h4>La R\u00e9daction EcoMatin<\/h4>\n<\/p>\n<\/div>\n<div class=\"awac-wrapper awac widget blog_subscription-2\">\n<h4 class=\"widget-title\">Abonnez-vous \u00e0 notre lettre d&rsquo;information<\/h4>\n<\/div>\n<p>Auteur: EcoMatin<br \/>\n<a href=\"https:\/\/ecomatin.net\/fabrice-siaka-egerie-de-lindustrie-au-cameroun\/\">Cliquez ici pour lire l&rsquo;article depuis sa source.<\/a><\/p>\n","protected":false},"excerpt":{"rendered":"<p>Fabrice Siaka, homonyme de l\u2019homme d\u2019affaire et industriel Andr\u00e9 Siaka s\u2019est tr\u00e8s vite int\u00e9ress\u00e9 aux affaires. \u00a0Dans les colonnes de l\u2019hebdomadaire, \u00ab\u00a0Jeune Afrique\u00a0\u00bb, de d\u00e9cembre 2018, il avait \u00e9t\u00e9 class\u00e9 parmi les hommes qui feront l\u2019an 2019. La Soci\u00e9t\u00e9 de distribution nouvelle d\u2019Afrique (Sodinaf) dont il est le Directeur g\u00e9n\u00e9ral compte injecter 14 milliards FCFA, [&hellip;]<\/p>\n","protected":false},"author":1969,"featured_media":0,"comment_status":"closed","ping_status":"closed","sticky":false,"template":"","format":"standard","meta":{"fifu_image_url":"","fifu_image_alt":"","footnotes":""},"categories":[82,78],"tags":[],"class_list":["post-60991","post","type-post","status-publish","format-standard","hentry","category-cameroun","category-economie"],"_links":{"self":[{"href":"https:\/\/linitiative.ca\/International\/wp-json\/wp\/v2\/posts\/60991","targetHints":{"allow":["GET"]}}],"collection":[{"href":"https:\/\/linitiative.ca\/International\/wp-json\/wp\/v2\/posts"}],"about":[{"href":"https:\/\/linitiative.ca\/International\/wp-json\/wp\/v2\/types\/post"}],"author":[{"embeddable":true,"href":"https:\/\/linitiative.ca\/International\/wp-json\/wp\/v2\/users\/1969"}],"replies":[{"embeddable":true,"href":"https:\/\/linitiative.ca\/International\/wp-json\/wp\/v2\/comments?post=60991"}],"version-history":[{"count":0,"href":"https:\/\/linitiative.ca\/International\/wp-json\/wp\/v2\/posts\/60991\/revisions"}],"wp:attachment":[{"href":"https:\/\/linitiative.ca\/International\/wp-json\/wp\/v2\/media?parent=60991"}],"wp:term":[{"taxonomy":"category","embeddable":true,"href":"https:\/\/linitiative.ca\/International\/wp-json\/wp\/v2\/categories?post=60991"},{"taxonomy":"post_tag","embeddable":true,"href":"https:\/\/linitiative.ca\/International\/wp-json\/wp\/v2\/tags?post=60991"}],"curies":[{"name":"wp","href":"https:\/\/api.w.org\/{rel}","templated":true}]}}