{"id":60996,"date":"2019-09-13T06:03:37","date_gmt":"2019-09-13T10:03:37","guid":{"rendered":"https:\/\/linitiative.ca\/International\/coupes-africaines-voici-les-affiches-du-deuxieme-tour\/"},"modified":"2019-09-13T06:03:37","modified_gmt":"2019-09-13T10:03:37","slug":"coupes-africaines-voici-les-affiches-du-deuxieme-tour","status":"publish","type":"post","link":"https:\/\/linitiative.ca\/International\/coupes-africaines-voici-les-affiches-du-deuxieme-tour\/","title":{"rendered":"Coupes africaines : Voici les affiches du deuxi\u00e8me tour"},"content":{"rendered":"<p><img decoding=\"async\" class=\"post_layout_5_img\" src=\"http:\/\/aujourdhui.ma\/wp-content\/uploads\/2016\/11\/Derby-WAC-Wydad-RCA-RAJA.jpg?x29840\" alt=\"Coupes africaines : Voici les affiches du deuxi\u00e8me tour\"\/><\/p>\n<p>A l\u2019issue du tour pr\u00e9liminaire retour, le voile a \u00e9t\u00e9 lev\u00e9 sur les affiches du deuxi\u00e8me tour de la Ligue des champions africaine.<span id=\"more-317994\"\/> Tous exempt\u00e9s de tour pr\u00e9liminaire, l\u2019Esp\u00e9rance Tunis, double tenant du titre, le TP Mazembe et le Wydad Casablanca ont h\u00e9rit\u00e9 d\u2019un adversaire abordable avec respectivement les Tchadiens d\u2019Elect-Sport, les Malgaches de Fosa Juniors et les Mauritaniens du FC Nouadhibou.<br \/>Ayant toujours en travers de la gorge le scandale retentissant de la finale de La Ligue des Champions d\u2019Afrique, les irr\u00e9ductibles supporters des Rouge et Blanc veulent leur revanche sur le terrain et non pas dans les coulisses. Pour r\u00e9parer les injustices criantes dont leur club a \u00e9t\u00e9 victime, ils ont fait leur choix: la \u00abChampions\u00bb doit \u00eatre l\u2019objectif num\u00e9ro un. D\u2019autant que le Wydad s\u2019est impos\u00e9 comme l\u2019un des mastodontes de cette \u00e9preuve et un invit\u00e9 habituel du carr\u00e9 d\u2019as. Sous la houlette de son nouvel entra\u00eeneur le Serbe Zoran Manojlovic, le Wydad de Casablanca a entam\u00e9 ses pr\u00e9paratifs d\u00e8s le d\u00e9but juillet dernier, en pr\u00e9vision de l\u2019\u00e9ventualit\u00e9 de faire rejouer la finale retour de la Ligue des Champions face \u00e0 l\u2019Esp\u00e9rance de Tunis. Si des joueurs moins influents ont \u00e9t\u00e9 transf\u00e9r\u00e9s ou pr\u00eat\u00e9s \u00e0 d\u2019autres clubs, le tenant du titre sera surtout priv\u00e9 des services de son attaquant vedette Mohammed Ounajem, parti au Zamalek du Caire. En revanche, l\u2019\u00e9quipe s\u2019est renforc\u00e9e, en attaque, par l\u2019arriv\u00e9e sous forme de pr\u00eat du buteur Ayoub El Kaabi, qui \u00e9volue dans le championnat chinois, et du Congolais Kabongo Kasongo, qui ne s\u2019est pas adapt\u00e9 au syst\u00e8me de jeu du Zamalek.<\/p>\n<p>Le Wydad a, en outre, recrut\u00e9 les d\u00e9fenseurs Murshid Juuko (Ouganda) et Ibrahim Nejmeddine, ainsi que les milieux offensifs Mohamed Kamal (FAR) et Haytham Bahja (Nadi Salmi).<br \/>Il n\u2019y a pas de quoi trembler non plus pour le deuxi\u00e8me repr\u00e9sentant du football national qu\u2019est le Raja de Casablanca qui part favori dans sa double confrontation avec la formation libyenne d\u2019Annasr. Le Raja de Casablanca ambitionne de relever le d\u00e9fi de glaner le maximum des sacres sur les trois tableaux encore possibles avec le championnat national, la Ligue africaine des champions et la Coupe arabe Mohammed VI des clubs champions apr\u00e8s avoir d\u00e9j\u00e0 liqu\u00e9fi\u00e9, \u00e0 l\u2019entame de la saison, ses chances en Coupe du Tr\u00f4ne. Dans ce registre, la Ligue des champions, ascenseur vers le Mondial des clubs, s\u2019affiche en pole position des priorit\u00e9s apr\u00e8s une longue absence dans cette comp\u00e9tition continentale majeure des clubs. En Coupe de la CAF, le Hassania d\u2019Agadir et la Renaissance Berkane d\u00e9fendront leurs chances respectivement face \u00e0 l\u2019Ittihad libyen et Ashanti Gold le ghan\u00e9en. Les deux candidats ne sont pas \u00e0 leurs premi\u00e8res participations. Si les Berkanais ont failli remporter la coupe, les Gadiris, eux, avaient \u00e9t\u00e9 difficilement disqualifi\u00e9s en quart de finale par le Zamalek qui a fini par glaner le titre. Comme le veut l\u2019adage, \u00abce qui ne nous tue pas nous rend plus forts\u00bb, les formations marocaines ont acquis suffisemment d\u2019exp\u00e9rience pour faire long feu dans ces comp\u00e9titions africaines. A noter que les matchs aller sont pr\u00e9vus entre le 13 et le 15 septembre tandis que le retour est programm\u00e9 lui entre le 27 et le 29 du m\u00eame mois. Les 16 vainqueurs acc\u00e8deront directement \u00e0 la phase de groupe, alors que les 16 perdants seront revers\u00e9s en barrage de la Coupe de la Conf\u00e9d\u00e9ration.<\/p>\n<p>Auteur: ALM<br \/>\n<a href=\"http:\/\/aujourdhui.ma\/actualite\/coupes-africaines-voici-les-affiches-du-deuxieme-tour\">Cliquez ici pour lire l&rsquo;article depuis sa source.<\/a><\/p>\n","protected":false},"excerpt":{"rendered":"<p>A l\u2019issue du tour pr\u00e9liminaire retour, le voile a \u00e9t\u00e9 lev\u00e9 sur les affiches du deuxi\u00e8me tour de la Ligue des champions africaine. Tous exempt\u00e9s de tour pr\u00e9liminaire, l\u2019Esp\u00e9rance Tunis, double tenant du titre, le TP Mazembe et le Wydad Casablanca ont h\u00e9rit\u00e9 d\u2019un adversaire abordable avec respectivement les Tchadiens d\u2019Elect-Sport, les Malgaches de Fosa [&hellip;]<\/p>\n","protected":false},"author":1759,"featured_media":0,"comment_status":"closed","ping_status":"closed","sticky":false,"template":"","format":"standard","meta":{"fifu_image_url":"","fifu_image_alt":"","footnotes":""},"categories":[73,54],"tags":[],"class_list":["post-60996","post","type-post","status-publish","format-standard","hentry","category-actualite","category-maroc"],"_links":{"self":[{"href":"https:\/\/linitiative.ca\/International\/wp-json\/wp\/v2\/posts\/60996","targetHints":{"allow":["GET"]}}],"collection":[{"href":"https:\/\/linitiative.ca\/International\/wp-json\/wp\/v2\/posts"}],"about":[{"href":"https:\/\/linitiative.ca\/International\/wp-json\/wp\/v2\/types\/post"}],"author":[{"embeddable":true,"href":"https:\/\/linitiative.ca\/International\/wp-json\/wp\/v2\/users\/1759"}],"replies":[{"embeddable":true,"href":"https:\/\/linitiative.ca\/International\/wp-json\/wp\/v2\/comments?post=60996"}],"version-history":[{"count":0,"href":"https:\/\/linitiative.ca\/International\/wp-json\/wp\/v2\/posts\/60996\/revisions"}],"wp:attachment":[{"href":"https:\/\/linitiative.ca\/International\/wp-json\/wp\/v2\/media?parent=60996"}],"wp:term":[{"taxonomy":"category","embeddable":true,"href":"https:\/\/linitiative.ca\/International\/wp-json\/wp\/v2\/categories?post=60996"},{"taxonomy":"post_tag","embeddable":true,"href":"https:\/\/linitiative.ca\/International\/wp-json\/wp\/v2\/tags?post=60996"}],"curies":[{"name":"wp","href":"https:\/\/api.w.org\/{rel}","templated":true}]}}