{"id":60998,"date":"2019-09-13T06:10:32","date_gmt":"2019-09-13T10:10:32","guid":{"rendered":"https:\/\/linitiative.ca\/International\/fourmi-diable-ment-bien\/"},"modified":"2019-09-13T06:10:32","modified_gmt":"2019-09-13T10:10:32","slug":"fourmi-diable-ment-bien","status":"publish","type":"post","link":"https:\/\/linitiative.ca\/International\/fourmi-diable-ment-bien\/","title":{"rendered":"Fourmi : Diable ment bien"},"content":{"rendered":"<p><img decoding=\"async\" class=\"post_layout_5_img\" src=\"http:\/\/aujourdhui.ma\/wp-content\/uploads\/2019\/09\/Fourmi.jpg?x29840\" alt=\"Fourmi : Diable ment bien\"\/><\/p>\n<p>Fourmi, alias Th\u00e9o, (Maleaume Paquin), le h\u00e9ros du film, est un gar\u00e7on de onze ans, passionn\u00e9 de foot, qui brille chaque fois qu\u2019il rentre sur un terrain.<span id=\"more-318000\"\/> En dehors, c\u2019est une autre histoire : Fils de divorc\u00e9s, il a du mal \u00e0 trouver sa place, tiraill\u00e9 entre une m\u00e8re conformiste (Ludivine Sagnier) et un p\u00e8re alcoolique (Fran\u00e7ois Damiens), \u00e0 la d\u00e9rive. Th\u00e9o a compris que ses passes et ses dribbles impressionnent ses camarades, ses entra\u00eeneurs et m\u00eame le village entier. Quand un recruteur du club de foot de l\u2019Arsenal vient le voir, il lui pousse des ailes et il encha\u00eene bonnes passes et tirs d\u00e9cisifs. Seulement, le recruteur du club londonien est cat\u00e9gorique : Th\u00e9o est trop petit de taille pour rejoindre le centre de formation.<\/p>\n<p><strong>Chronique d\u2019un mensonge<\/strong><br \/>\u00c0 l\u2019entr\u00e9e du stade, Laurent, son p\u00e8re, attend la r\u00e9ponse, les yeux pleins d\u2019admiration. Th\u00e9o pr\u00e9f\u00e8re alors lui mentir pour ne pas le d\u00e9cevoir. \u00c0 partir de l\u00e0, la m\u00e9canique s\u2019emballe. La fiert\u00e9 paternelle d\u00e9borde et, en quelques heures, tout un chacun est au courant et la fanfare entonne d\u00e9j\u00e0 des airs de victoire, dans le bistrot d\u2019un copain. Laurent est pr\u00eat \u00e0 tout pour faciliter l\u2019ascension footballistique de son fiston. Avec la complicit\u00e9 de Sarah (Laetitia Dosch), une assistante sociale aussi \u00e9nergique que z\u00e9l\u00e9e, il trouve un travail et m\u00eame un appartement.<\/p>\n<p><strong>Une fin heureuse d\u00e9goulinante de bons sentiments<\/strong><br \/>Ce conte acidul\u00e9 aurait pu s\u2019arr\u00eater avec la renaissance du p\u00e8re. Mais, les bons sentiments sont un peu comme un pot de glace \u00e0 la vanille en pleine canicule : une fois ouvert, il est difficile de le refermer. Karim (Isma\u00ebl Dram\u00e9) aide Th\u00e9o \u00e0 supporter la culpabilit\u00e9 du mensonge quand Max (Pierre Gomm\u00e9), son ami autiste et codeur, envoie de faux courriels \u00e0 Claude (Andr\u00e9 Dussolier), son entraineur, qui, comme un gentil papy, encourage son poulain. L\u2019affabulation prend de l\u2019\u00e9paisseur et finit par bouleverser la vie de Th\u00e9o. \u00c0 la fin, comme le raconte le r\u00e9alisateur : \u00abson p\u00e8re lui explique que la fourmi est l\u2019insecte qui a le meilleur sens du collectif dans la temp\u00eate. On est au c\u0153ur du sujet: la solidarit\u00e9, l\u2019entraide, l\u2019\u00e9quipe, les rapports de famille, comment on se soutient, comment on ne se laisse pas tomber. La fourmi est un joli symbole de cette th\u00e9matique\u00bb. Fin heureuse garantie.<\/p>\n<p><strong>Un sc\u00e9nario inexistant<\/strong><br \/>Tel est bien le probl\u00e8me de ce petit film fran\u00e7ais, familial et bon enfant, le sc\u00e9nario est inexistant et les sc\u00e8nes t\u00e9l\u00e9phon\u00e9es s\u2019encha\u00eenent comme dans un mauvais \u00e9pisode de Sc\u00e8nes de m\u00e9nage ou Nos chers voisins.<br \/>Faut-il aller au cin\u00e9ma pour voir ce genre de t\u00e9l\u00e9film ? Tout d\u00e9pend de ce que vous attendez du cin\u00e9ma. Heureusement, les talents de Fran\u00e7ois Damiens, touchant en p\u00e8re fragile, et de Maleaume Paquin, cr\u00e9dible en fils d\u00e9vou\u00e9, aident \u00e0 faire passer la pilule. Peut-\u00eatre est-il encore temps pour Julien Rappeneau de demander des conseils \u00e0 son g\u00e9nie de p\u00e8re: Jean-Paul Rappeneau, r\u00e9alisateur de Cyrano de Bergerac.<br \/>Au final, vous conseiller ce film serait une entourloupe diabolique. Allez plut\u00f4t voir Parasite, toujours \u00e0 l\u2019affiche \u00e0 la cin\u00e9math\u00e8que de Tanger et bient\u00f4t dans les Instituts fran\u00e7ais.<\/p>\n<p><em>Par S\u00e9bastien Chabaud<\/em><\/p>\n<p>Auteur: ALM<br \/>\n<a href=\"http:\/\/aujourdhui.ma\/culture\/cinema\/fourmi-diable-ment-bien\">Cliquez ici pour lire l&rsquo;article depuis sa source.<\/a><\/p>\n","protected":false},"excerpt":{"rendered":"<p>Fourmi, alias Th\u00e9o, (Maleaume Paquin), le h\u00e9ros du film, est un gar\u00e7on de onze ans, passionn\u00e9 de foot, qui brille chaque fois qu\u2019il rentre sur un terrain. En dehors, c\u2019est une autre histoire : Fils de divorc\u00e9s, il a du mal \u00e0 trouver sa place, tiraill\u00e9 entre une m\u00e8re conformiste (Ludivine Sagnier) et un p\u00e8re [&hellip;]<\/p>\n","protected":false},"author":1759,"featured_media":0,"comment_status":"closed","ping_status":"closed","sticky":false,"template":"","format":"standard","meta":{"fifu_image_url":"","fifu_image_alt":"","footnotes":""},"categories":[73,54],"tags":[],"class_list":["post-60998","post","type-post","status-publish","format-standard","hentry","category-actualite","category-maroc"],"_links":{"self":[{"href":"https:\/\/linitiative.ca\/International\/wp-json\/wp\/v2\/posts\/60998","targetHints":{"allow":["GET"]}}],"collection":[{"href":"https:\/\/linitiative.ca\/International\/wp-json\/wp\/v2\/posts"}],"about":[{"href":"https:\/\/linitiative.ca\/International\/wp-json\/wp\/v2\/types\/post"}],"author":[{"embeddable":true,"href":"https:\/\/linitiative.ca\/International\/wp-json\/wp\/v2\/users\/1759"}],"replies":[{"embeddable":true,"href":"https:\/\/linitiative.ca\/International\/wp-json\/wp\/v2\/comments?post=60998"}],"version-history":[{"count":0,"href":"https:\/\/linitiative.ca\/International\/wp-json\/wp\/v2\/posts\/60998\/revisions"}],"wp:attachment":[{"href":"https:\/\/linitiative.ca\/International\/wp-json\/wp\/v2\/media?parent=60998"}],"wp:term":[{"taxonomy":"category","embeddable":true,"href":"https:\/\/linitiative.ca\/International\/wp-json\/wp\/v2\/categories?post=60998"},{"taxonomy":"post_tag","embeddable":true,"href":"https:\/\/linitiative.ca\/International\/wp-json\/wp\/v2\/tags?post=60998"}],"curies":[{"name":"wp","href":"https:\/\/api.w.org\/{rel}","templated":true}]}}