{"id":60999,"date":"2019-09-13T06:33:43","date_gmt":"2019-09-13T10:33:43","guid":{"rendered":"https:\/\/linitiative.ca\/International\/latifa-ahrrare-don-quichohe-est-une-piece-qui-raconte-ce-maroc-moderne\/"},"modified":"2019-09-13T06:33:43","modified_gmt":"2019-09-13T10:33:43","slug":"latifa-ahrrare-don-quichohe-est-une-piece-qui-raconte-ce-maroc-moderne","status":"publish","type":"post","link":"https:\/\/linitiative.ca\/International\/latifa-ahrrare-don-quichohe-est-une-piece-qui-raconte-ce-maroc-moderne\/","title":{"rendered":"Latifa Ahrrare : \u00abDon Quichohe est une pi\u00e8ce qui raconte ce Maroc moderne\u00bb"},"content":{"rendered":"<p><img decoding=\"async\" class=\"post_layout_5_img\" src=\"http:\/\/aujourdhui.ma\/wp-content\/uploads\/2019\/09\/Latifa-Ahrar.jpg?x29840\" alt=\"Latifa Ahrrare : \u00abDon Quichohe est une pi\u00e8ce qui raconte ce Maroc moderne\u00bb\"\/><\/p>\n<p><strong>ALM : Vous venez de r\u00e9aliser une nouvelle pi\u00e8ce de th\u00e9\u00e2tre baptis\u00e9e \u00abDon Quichohe\u00bb, dont l\u2019avant-premi\u00e8re a eu lieu au complexe culturel Moulay El Hassan \u00e0 Al Hoceima. Parlez-nous en quelques lignes de cette \u0153uvre\u2026<\/strong><br \/><strong>Latifa Ahrrare :<\/strong> C\u2019est une pi\u00e8ce de th\u00e9\u00e2tre de la troupe \u00abThifswin\u00bb. Elle a \u00e9t\u00e9 \u00e9crite par Said Abernous. Elle parle de notre Maroc et de notre univers aussi. Le titre est d\u00e9j\u00e0 r\u00e9v\u00e9lateur. \u00abDon Quichohe\u00bb, comme on le sait, est une personne qui r\u00eave d\u2019un monde et qui est en train d\u2019affronter des forces imaginaires, comme ce monde maintenant qui varie entre le virtuel et le r\u00e9el. Et en m\u00eame temps c\u2019est un personnage flottant. D\u2019ailleurs, tous les personnages de cette \u0153uvre th\u00e9\u00e2trale poss\u00e8dent cet aspect. En effet, \u00abDon Quichohe\u00bb est un politicien flottant d\u2019un parti politique \u00e0 un autre, d\u2019une id\u00e9ologie \u00e0 une autre. La pi\u00e8ce met aussi en exergue sa relation avec les personnages avec qui il collabore, par exemple Rokaya, l\u2019assistante, une jeune femme qui a v\u00e9cu le s\u00e9isme d\u2019Al Hoceima. Il y a aussi Fadma, la femme de m\u00e9nage qui r\u00eave de devenir Noufissa, danseuse de flamenco, et puis son collaborateur Amezyane qui est \u00e0 l\u2019origine un jeune dipl\u00f4m\u00e9.<\/p>\n<p>\u00abDon Quichohe\u00bb a utilis\u00e9 le dipl\u00f4me d\u2019Amezyane pour accaparer sa carri\u00e8re de politicien et devenir parlementaire. Et enfin, il y a Mohamed, le personnage ambulant, qui est vraiment la raison de ce monde qui rappelle l\u2019ambiance d\u2019un asile psychiatrique ou d\u2019un capharna\u00fcm. D\u2019ailleurs, la derni\u00e8re phrase dit que \u00able monde est un grand capharna\u00fcm. C\u2019est une grande rixe qu\u2019on doit organiser et je commence par moi-m\u00eame\u00bb. Cette pi\u00e8ce de th\u00e9\u00e2tre dans laquelle il y a le blanc comme base initiale, il s\u2019est \u00e9crit dans chaque petit espace plusieurs histoires. Celles-ci se tournent et se cr\u00e9ent au fur et \u00e0 mesure de la pi\u00e8ce soit par l\u2019usage de la vid\u00e9o, l\u2019\u00e9clairage, soit par l\u2019usage de la chanson rifaine ou les chansons rock. Il y a aussi de l\u2019archivage des images r\u00e9elles car j\u2019ai d\u00e9ploy\u00e9 du th\u00e9\u00e2tre documentaire.<\/p>\n<p><strong>Comment est n\u00e9e l\u2019id\u00e9e de cette pi\u00e8ce ?<\/strong><br \/>L\u2019id\u00e9e est n\u00e9e gr\u00e2ce \u00e0 une collaboration avec Fouad El Banoudi, directeur et producteur ex\u00e9cutif de la troupe, l\u2019\u00e9crivain Said Abernouss et les membres de la troupe. On a discut\u00e9 ensemble pour collaborer. On s\u2019est dit qu\u2019on doit faire quand m\u00eame une pi\u00e8ce qui raconte l\u2019histoire de ce Maroc moderne et ce Maroc que nous construisons dans la paix et l\u2019\u00e9coute de l\u2019autre.<br \/>Vous savez, entre moi et Al Hoceima il y a une histoire d\u2019amour. J\u2019ai v\u00e9cu \u00e0 Guercif pr\u00e8s de cette ville. Et je me rends souvent \u00e0 ce lieu soit pour animer des master class ou pour recevoir des hommages, ou encore pour la d\u00e9couverte de jeunes talents.<\/p>\n<p><strong>Quel message veut transmettre cette \u0153uvre ?<\/strong><br \/>De toute fa\u00e7on, pour moi, l\u2019art c\u2019est se divertir, chanter, vivre et surtout raconter les histoires de ce que nous avons v\u00e9cu et ce que nous vivons. Parce que la m\u00e9moire des peuples est aussi r\u00e9g\u00e9n\u00e9ratrice. Je peux dire finalement que la pi\u00e8ce montre que peu importe le chaos qui r\u00e8gne dans le monde, il est du devoir de tout un chacun d\u2019y rem\u00e9dier avec tact, douceur et amour. On doit l\u2019organiser et nous devons \u00eatre des \u00eatres humains avec toutes nos contradictions mais dans le respect de l\u2019autre.<\/p>\n<p><strong>Pour la premi\u00e8re fois vous collaborez avec une jeune troupe amazighe, comment s\u2019est d\u00e9roul\u00e9e cette exp\u00e9rience ?<\/strong><br \/>C\u2019est la premi\u00e8re fois que je travaille avec cette troupe et que je monte un spectacle en amazigh rifain. Et je suis contente parce que les acteurs ont une fra\u00eecheur inou\u00efe, une sinc\u00e9rit\u00e9 et une gestique tr\u00e8s profonde. C\u2019est vrai, ces jeunes ne sont pas laur\u00e9ats d\u2019une \u00e9cole artistique mais ils sont issus d\u2019une belle \u00e9cole, celle d\u2019Al Hoceima. Nous avons v\u00e9cu des moments intenses. Je salue l\u2019\u00e9quipe artistique et technique. C\u2019\u00e9tait tellement beau et profond. J\u2019aurais aim\u00e9 r\u00e9p\u00e9ter avec eux \u00e0 6h du matin. C\u2019est une belle exp\u00e9rience.<\/p>\n<p><strong>Vous pr\u00e9sentez une pi\u00e8ce de th\u00e9\u00e2tre en langue amazighe, pensez-vous qu\u2019elle sera comprise par l\u2019ensemble du public ?<\/strong><br \/>La pi\u00e8ce est comprise, parce que je d\u00e9ploie l\u2019expression corporelle. Il y a aussi le concept du th\u00e9\u00e2tre documentaire sur lequel je travaille. L\u2019identit\u00e9 amazighe est l\u00e0, l\u2019identit\u00e9 darija viendra apr\u00e8s et puis il y aura le sous-titrage en fran\u00e7ais, en anglais et en espagnol.<\/p>\n<p><strong>Comment le spectacle a-t-il \u00e9t\u00e9 accueilli par le public d\u2019Al Hoceima ?<\/strong><br \/>Le public \u00e9tait magnifique. La salle \u00e9tait archicomble et les gens n\u2019ont pas trouv\u00e9 de places. J\u2019\u00e9tais tr\u00e8s contente.<\/p>\n<p><strong>Quels sont vos projets ?<\/strong><br \/>On est en train de pr\u00e9parer une tourn\u00e9e nationale et internationale avec cette pi\u00e8ce. Je participe avec mon dernier court m\u00e9trage qui sera pr\u00e9sent\u00e9 \u00e0 la comp\u00e9tition officielle (cat\u00e9gorie court m\u00e9trage) au Festival international du film de femmes de Sal\u00e9. Il sera \u00e9galement pr\u00e9sent\u00e9 au Prix national de la culture amazighe \u00e0 Agadir. Et puis je partirai en France pour animer une soir\u00e9e com\u00e9die.<\/p>\n<p>Auteur: Siham Jadraoui<br \/>\n<a href=\"http:\/\/aujourdhui.ma\/culture\/latifa-ahrar-don-quichohe-est-une-piece-qui-raconte-ce-maroc-moderne\">Cliquez ici pour lire l&rsquo;article depuis sa source.<\/a><\/p>\n","protected":false},"excerpt":{"rendered":"<p>ALM : Vous venez de r\u00e9aliser une nouvelle pi\u00e8ce de th\u00e9\u00e2tre baptis\u00e9e \u00abDon Quichohe\u00bb, dont l\u2019avant-premi\u00e8re a eu lieu au complexe culturel Moulay El Hassan \u00e0 Al Hoceima. Parlez-nous en quelques lignes de cette \u0153uvre\u2026Latifa Ahrrare : C\u2019est une pi\u00e8ce de th\u00e9\u00e2tre de la troupe \u00abThifswin\u00bb. Elle a \u00e9t\u00e9 \u00e9crite par Said Abernous. Elle parle [&hellip;]<\/p>\n","protected":false},"author":1759,"featured_media":0,"comment_status":"closed","ping_status":"closed","sticky":false,"template":"","format":"standard","meta":{"fifu_image_url":"","fifu_image_alt":"","footnotes":""},"categories":[73,54],"tags":[],"class_list":["post-60999","post","type-post","status-publish","format-standard","hentry","category-actualite","category-maroc"],"_links":{"self":[{"href":"https:\/\/linitiative.ca\/International\/wp-json\/wp\/v2\/posts\/60999","targetHints":{"allow":["GET"]}}],"collection":[{"href":"https:\/\/linitiative.ca\/International\/wp-json\/wp\/v2\/posts"}],"about":[{"href":"https:\/\/linitiative.ca\/International\/wp-json\/wp\/v2\/types\/post"}],"author":[{"embeddable":true,"href":"https:\/\/linitiative.ca\/International\/wp-json\/wp\/v2\/users\/1759"}],"replies":[{"embeddable":true,"href":"https:\/\/linitiative.ca\/International\/wp-json\/wp\/v2\/comments?post=60999"}],"version-history":[{"count":0,"href":"https:\/\/linitiative.ca\/International\/wp-json\/wp\/v2\/posts\/60999\/revisions"}],"wp:attachment":[{"href":"https:\/\/linitiative.ca\/International\/wp-json\/wp\/v2\/media?parent=60999"}],"wp:term":[{"taxonomy":"category","embeddable":true,"href":"https:\/\/linitiative.ca\/International\/wp-json\/wp\/v2\/categories?post=60999"},{"taxonomy":"post_tag","embeddable":true,"href":"https:\/\/linitiative.ca\/International\/wp-json\/wp\/v2\/tags?post=60999"}],"curies":[{"name":"wp","href":"https:\/\/api.w.org\/{rel}","templated":true}]}}