{"id":61000,"date":"2019-09-13T06:24:28","date_gmt":"2019-09-13T10:24:28","guid":{"rendered":"https:\/\/linitiative.ca\/International\/la-fete-de-lhuma-sillumine\/"},"modified":"2019-09-13T06:24:28","modified_gmt":"2019-09-13T10:24:28","slug":"la-fete-de-lhuma-sillumine","status":"publish","type":"post","link":"https:\/\/linitiative.ca\/International\/la-fete-de-lhuma-sillumine\/","title":{"rendered":"La f\u00eate de l\u2019Huma s\u2019illumine!"},"content":{"rendered":"<p class=\"c4\"><span class=\"c3\"><strong><span class=\"c2\">C\u2019<\/span>est aujourd\u2019hui que s\u2019ouvrent les festivit\u00e9s de la traditionnelle messe de l\u2019humanit\u00e9, organe de presse du Parti communiste fran\u00e7ais. Le quotidien marocain Al Bayane y est invit\u00e9 pour prendre place dans l\u2019immense espace du Bourget, parmi une pl\u00e9thorique repr\u00e9sentativit\u00e9 des courants de progr\u00e8s, du monde entier.<\/strong><\/span><\/p>\n<p class=\"c4\">Le stand du quotidien du parti du progr\u00e8s et du socialisme, joliment pavois\u00e9 en cette circonstance, est illustr\u00e9 de portraits qui datent de 1974 o\u00f9 des camarades ont pris part \u00e0 ce rendez-vous internationaliste. En pr\u00e9sence de Rekkas Mahtat, pr\u00e9sident du directoire de la soci\u00e9t\u00e9 \u00e9ditrice et directeur de la publication d\u2019Al Bayane, de Mohamed Bouraoui, membre du directoire et directeur commercial du journal ainsi que les camarades Touria Skalli et\u00a0 Saoudi El Amalki, membres du bureau politique du PPS, cet \u00e9v\u00e9nement s\u2019av\u00e8re aussi une occasion de rencontre et se concerter avec les camarades de la section de Paris du parti et d\u2019autres camarades de plusieurs sections qui viennent assister \u00e0 cette manifestation.<\/p>\n<p class=\"c4\">D\u2019autres banderoles du journal, des slogans, le fameux m\u00e9morandum de l\u2019ind\u00e9pendance brandi par le parti depuis ao\u00fbt 1946 et de portraits des leaders du PPS \u00e9taient accroch\u00e9s sur tous les coins du stand et incarnaient une p\u00e9riode glorieuse de la seule pr\u00e9sence marocaine de l\u2019organe de presse du PPS.<\/p>\n<p class=\"c4\">Des dizaines de camarades du monde, en particulier de l\u2019Hexagone se rendent \u00e0 l\u2019espace du journal pour retrouver leurs homologues et \u00e9changer les souvenirs de cette \u00e9pop\u00e9e. Ils s\u2019informent sur la situation actuelle de la presse du parti, mais \u00e9galement la vie interne du PPS et celle du champ politique nationale. D\u2019autres h\u00f4tes viennent aussi converser avec les camarades de la section de Paris et d\u00e9guster le th\u00e9 et les fours ou encore feuilleter les documents \u00e9tal\u00e9s dans le stand.<\/p>\n<p class=\"c4\">Tout au long de trois jours d\u2019affil\u00e9e, les divers compartiments du festival vont vivre des d\u00e9bats autour des grandes questions de lib\u00e9ration, de d\u00e9mocratie et de justice. Des formes de solidarit\u00e9 avec les victimes de ces barbaries de par toute la plan\u00e8te sont pareillement exprim\u00e9es par les unes et les autres des d\u00e9l\u00e9gations pr\u00e9sentes. La f\u00eate de l\u2019humanit\u00e9, comme son nom l\u2019indique bien, est aussi des espaces de chants et de danse, notamment la grande sc\u00e8ne qui abrite, chaque soir\u00e9e et m\u00eame les apr\u00e8s-midi, des shows et des concerts anim\u00e9es par de grandes stars de la musique et de la chanson plan\u00e9taire.<\/p>\n<p class=\"c4\">Plusieurs stands sont, \u00e9galement, le th\u00e9\u00e2tre de plusieurs tables rondes et conf\u00e9rences sur des sujets de pr\u00e9occupations communes. Il va sans dire enfin que cette f\u00eate de l\u2019humanit\u00e9 a encore \u00e9t\u00e9 un succ\u00e8s populaire, puisque toutes les d\u00e9l\u00e9gations internationales ont fait preuve de solidarit\u00e9 et de valeurs humanistes. La 85\u00e8me \u00a0\u00e9dition de cette manifestation de grande envergure fait donc perp\u00e9tuer ces vertus, en d\u00e9pit de l\u2019h\u00e9g\u00e9monie sauvage du capitalisme qui envahit le monde.<\/p>\n<p>Auteur: M&rsquo;hammed rahal<br \/>\n<a href=\"http:\/\/albayane.press.ma\/la-fete-de-lhuma-sillumine.html\">Cliquez ici pour lire l&rsquo;article depuis sa source.<\/a><\/p>\n","protected":false},"excerpt":{"rendered":"<p>C\u2019est aujourd\u2019hui que s\u2019ouvrent les festivit\u00e9s de la traditionnelle messe de l\u2019humanit\u00e9, organe de presse du Parti communiste fran\u00e7ais. Le quotidien marocain Al Bayane y est invit\u00e9 pour prendre place dans l\u2019immense espace du Bourget, parmi une pl\u00e9thorique repr\u00e9sentativit\u00e9 des courants de progr\u00e8s, du monde entier. Le stand du quotidien du parti du progr\u00e8s et [&hellip;]<\/p>\n","protected":false},"author":1760,"featured_media":0,"comment_status":"closed","ping_status":"closed","sticky":false,"template":"","format":"standard","meta":{"fifu_image_url":"","fifu_image_alt":"","footnotes":""},"categories":[73,54],"tags":[],"class_list":["post-61000","post","type-post","status-publish","format-standard","hentry","category-actualite","category-maroc"],"_links":{"self":[{"href":"https:\/\/linitiative.ca\/International\/wp-json\/wp\/v2\/posts\/61000","targetHints":{"allow":["GET"]}}],"collection":[{"href":"https:\/\/linitiative.ca\/International\/wp-json\/wp\/v2\/posts"}],"about":[{"href":"https:\/\/linitiative.ca\/International\/wp-json\/wp\/v2\/types\/post"}],"author":[{"embeddable":true,"href":"https:\/\/linitiative.ca\/International\/wp-json\/wp\/v2\/users\/1760"}],"replies":[{"embeddable":true,"href":"https:\/\/linitiative.ca\/International\/wp-json\/wp\/v2\/comments?post=61000"}],"version-history":[{"count":0,"href":"https:\/\/linitiative.ca\/International\/wp-json\/wp\/v2\/posts\/61000\/revisions"}],"wp:attachment":[{"href":"https:\/\/linitiative.ca\/International\/wp-json\/wp\/v2\/media?parent=61000"}],"wp:term":[{"taxonomy":"category","embeddable":true,"href":"https:\/\/linitiative.ca\/International\/wp-json\/wp\/v2\/categories?post=61000"},{"taxonomy":"post_tag","embeddable":true,"href":"https:\/\/linitiative.ca\/International\/wp-json\/wp\/v2\/tags?post=61000"}],"curies":[{"name":"wp","href":"https:\/\/api.w.org\/{rel}","templated":true}]}}