{"id":61002,"date":"2019-09-13T06:38:32","date_gmt":"2019-09-13T10:38:32","guid":{"rendered":"https:\/\/linitiative.ca\/International\/khalid-naciri-remet-ses-lettres-de-creance-au-roi-abdallah-ii-de-jordanie\/"},"modified":"2019-09-13T06:38:32","modified_gmt":"2019-09-13T10:38:32","slug":"khalid-naciri-remet-ses-lettres-de-creance-au-roi-abdallah-ii-de-jordanie","status":"publish","type":"post","link":"https:\/\/linitiative.ca\/International\/khalid-naciri-remet-ses-lettres-de-creance-au-roi-abdallah-ii-de-jordanie\/","title":{"rendered":"Khalid Naciri remet ses lettres de cr\u00e9ance au Roi Abdallah II de Jordanie"},"content":{"rendered":"<p class=\"c4\"><span class=\"c3\"><strong><span class=\"c2\">L<\/span>e Roi Abdallah II de Jordanie a re\u00e7u, dimanche \u00e0 Amman, le nouvel ambassadeur du Maroc, Khalid Naciri qui lui a remis ses lettres de cr\u00e9ance en tant qu\u2019ambassadeur de SM le Roi Mohammed VI aupr\u00e8s du Royaume Hach\u00e9mite de Jordanie.<\/strong><\/span><\/p>\n<p class=\"c4\"><span class=\"c3\"><strong>Lors de cette audience, qui a eu lieu au palais de Basman, M. Naciri a transmis les salutations de SM le Roi au Souverain hach\u00e9mite est Ses veux davantage de progr\u00e8s et de prosp\u00e9rit\u00e9 au peuple jordanien.<\/strong><\/span><\/p>\n<p class=\"c4\"><span class=\"c3\"><strong>Pour sa part, le Souverain hach\u00e9mite a demand\u00e9 au diplomate marocain de transmettre ses salutations \u00e0 son fr\u00e8re SM le Roi Mohammed VI, tout en se f\u00e9licitant du niveau des relations d\u2019amiti\u00e9 et de coop\u00e9ration entre les deux Royaumes.<\/strong><\/span><\/p>\n<p>Auteur: M&rsquo;hammed rahal<br \/>\n<a href=\"http:\/\/albayane.press.ma\/khalid-naciri-remet-ses-lettres-de-creance-au-roi-abdallah-ii-de-jordanie.html\">Cliquez ici pour lire l&rsquo;article depuis sa source.<\/a><\/p>\n","protected":false},"excerpt":{"rendered":"<p>Le Roi Abdallah II de Jordanie a re\u00e7u, dimanche \u00e0 Amman, le nouvel ambassadeur du Maroc, Khalid Naciri qui lui a remis ses lettres de cr\u00e9ance en tant qu\u2019ambassadeur de SM le Roi Mohammed VI aupr\u00e8s du Royaume Hach\u00e9mite de Jordanie. Lors de cette audience, qui a eu lieu au palais de Basman, M. Naciri [&hellip;]<\/p>\n","protected":false},"author":1760,"featured_media":0,"comment_status":"closed","ping_status":"closed","sticky":false,"template":"","format":"standard","meta":{"fifu_image_url":"","fifu_image_alt":"","footnotes":""},"categories":[73,54],"tags":[],"class_list":["post-61002","post","type-post","status-publish","format-standard","hentry","category-actualite","category-maroc"],"_links":{"self":[{"href":"https:\/\/linitiative.ca\/International\/wp-json\/wp\/v2\/posts\/61002","targetHints":{"allow":["GET"]}}],"collection":[{"href":"https:\/\/linitiative.ca\/International\/wp-json\/wp\/v2\/posts"}],"about":[{"href":"https:\/\/linitiative.ca\/International\/wp-json\/wp\/v2\/types\/post"}],"author":[{"embeddable":true,"href":"https:\/\/linitiative.ca\/International\/wp-json\/wp\/v2\/users\/1760"}],"replies":[{"embeddable":true,"href":"https:\/\/linitiative.ca\/International\/wp-json\/wp\/v2\/comments?post=61002"}],"version-history":[{"count":0,"href":"https:\/\/linitiative.ca\/International\/wp-json\/wp\/v2\/posts\/61002\/revisions"}],"wp:attachment":[{"href":"https:\/\/linitiative.ca\/International\/wp-json\/wp\/v2\/media?parent=61002"}],"wp:term":[{"taxonomy":"category","embeddable":true,"href":"https:\/\/linitiative.ca\/International\/wp-json\/wp\/v2\/categories?post=61002"},{"taxonomy":"post_tag","embeddable":true,"href":"https:\/\/linitiative.ca\/International\/wp-json\/wp\/v2\/tags?post=61002"}],"curies":[{"name":"wp","href":"https:\/\/api.w.org\/{rel}","templated":true}]}}