{"id":61009,"date":"2019-09-13T06:52:00","date_gmt":"2019-09-13T10:52:00","guid":{"rendered":"https:\/\/linitiative.ca\/International\/plusieurs-interpellations-a-alger\/"},"modified":"2019-09-13T06:52:00","modified_gmt":"2019-09-13T10:52:00","slug":"plusieurs-interpellations-a-alger","status":"publish","type":"post","link":"https:\/\/linitiative.ca\/International\/plusieurs-interpellations-a-alger\/","title":{"rendered":"Plusieurs interpellations \u00e0 Alger"},"content":{"rendered":"<div id=\"originalText\" readability=\"56\">\n<p class=\"c10\">De nombreux manifestants\u00a0 ont entam\u00e9 ce vendredi 13 septembre leur la 30e marche \u00e0\u00a0 Alger. Quadrill\u00e9e par un imposant dispositif policier, la rue Didouche Mourad a accueilli des centaines de protestataires scandant des slogans visant le chef d&rsquo;\u00e9tat-major de l&rsquo;arm\u00e9e alg\u00e9rienne, Ahmed Ga\u00efd Salah. \u00ab Barakate barakate min khitab ethakanate, (stop aux discours des casernes, ndlr) \u00bb ont-ils clam\u00e9, r\u00e9it\u00e9rant leur refus de la tenue des \u00e9lections pr\u00e9sidentielles\u00a0: \u00ab Ya gaid salah ghir ma tanssach 4 juilia ma votinach, (Gaid Salah n\u2019oublie pas que nous n\u2019avons pas vot\u00e9 le 4 juillet \u00bb.<\/p>\n<p><iframe loading=\"lazy\" allow=\"accelerometer; autoplay; encrypted-media; gyroscope; picture-in-picture\" allowfullscreen=\"\" frameborder=\"0\" height=\"315\" src=\"https:\/\/www.youtube.com\/embed\/hwY1_nH2Sis\" width=\"560\">[embedded content]<\/iframe><\/p>\n<p class=\"c10\">Dans une ambiance plus tendue que d&rsquo;habitude, les protestataires ont insist\u00e9 sur le caract\u00e8re pacifique du Hirak \u00ab silmia silmia matalibna char3a, (pacifique, nos revendications sont l\u00e9gitimes, ndlr) \u00bb. Ils n\u2019ont, par ailleurs, pas manqu\u00e9 d\u2019appeler \u00e0 la lib\u00e9ration des d\u00e9tenus notamment Karim Tabou, plac\u00e9 en d\u00e9tention provisoire ce jeudi pour atteinte au moral de l\u2019arm\u00e9e.<\/p>\n<p><iframe loading=\"lazy\" allow=\"accelerometer; autoplay; encrypted-media; gyroscope; picture-in-picture\" allowfullscreen=\"\" frameborder=\"0\" height=\"315\" src=\"https:\/\/www.youtube.com\/embed\/1KPuOQdbtyM\" width=\"560\">[embedded content]<\/iframe><\/p>\n<p class=\"c10\">Il est \u00e0 signaler que\u00a0 plusieurs manifestants ont \u00e9t\u00e9 interpell\u00e9s au niveau de la Grande poste et la rue Didouche Mourad.<\/p>\n<p class=\"c11\"><strong>Im\u00e8ne AMOKRANE<\/strong><\/p>\n<\/div>\n<div id=\"text_core\" readability=\"56\">\n<p class=\"c10\">De nombreux manifestants\u00a0 ont entam\u00e9 ce vendredi 13 septembre leur la 30e marche \u00e0\u00a0 Alger. Quadrill\u00e9e par un imposant dispositif policier, la rue Didouche Mourad a accueilli des centaines de protestataires scandant des slogans visant le chef d&rsquo;\u00e9tat-major de l&rsquo;arm\u00e9e alg\u00e9rienne, Ahmed Ga\u00efd Salah. \u00ab Barakate barakate min khitab ethakanate, (stop aux discours des casernes, ndlr) \u00bb ont-ils clam\u00e9, r\u00e9it\u00e9rant leur refus de la tenue des \u00e9lections pr\u00e9sidentielles\u00a0: \u00ab Ya gaid salah ghir ma tanssach 4 juilia ma votinach, (Gaid Salah n\u2019oublie pas que nous n\u2019avons pas vot\u00e9 le 4 juillet \u00bb.<\/p>\n<p><iframe loading=\"lazy\" allow=\"accelerometer; autoplay; encrypted-media; gyroscope; picture-in-picture\" allowfullscreen=\"\" frameborder=\"0\" height=\"315\" src=\"https:\/\/www.youtube.com\/embed\/hwY1_nH2Sis\" width=\"560\">[embedded content]<\/iframe><\/p>\n<p class=\"c10\">Dans une ambiance plus tendue que d&rsquo;habitude, les protestataires ont insist\u00e9 sur le caract\u00e8re pacifique du Hirak \u00ab silmia silmia matalibna char3a, (pacifique, nos revendications sont l\u00e9gitimes, ndlr) \u00bb. Ils n\u2019ont, par ailleurs, pas manqu\u00e9 d\u2019appeler \u00e0 la lib\u00e9ration des d\u00e9tenus notamment Karim Tabou, plac\u00e9 en d\u00e9tention provisoire ce jeudi pour atteinte au moral de l\u2019arm\u00e9e.<\/p>\n<p><iframe loading=\"lazy\" allow=\"accelerometer; autoplay; encrypted-media; gyroscope; picture-in-picture\" allowfullscreen=\"\" frameborder=\"0\" height=\"315\" src=\"https:\/\/www.youtube.com\/embed\/1KPuOQdbtyM\" width=\"560\">[embedded content]<\/iframe><\/p>\n<p class=\"c10\">Il est \u00e0 signaler que\u00a0 plusieurs manifestants ont \u00e9t\u00e9 interpell\u00e9s au niveau de la Grande poste et la rue Didouche Mourad.<\/p>\n<p class=\"c11\"><strong>Im\u00e8ne AMOKRANE<\/strong><\/p>\n<\/div>\n<p>Auteur:<br \/>\n<a href=\"https:\/\/www.liberte-algerie.com\/actualite\/plusieurs-interpellations-a-alger-323802\">Cliquez ici pour lire l&rsquo;article depuis sa source.<\/a><\/p>\n","protected":false},"excerpt":{"rendered":"<p>De nombreux manifestants\u00a0 ont entam\u00e9 ce vendredi 13 septembre leur la 30e marche \u00e0\u00a0 Alger. Quadrill\u00e9e par un imposant dispositif policier, la rue Didouche Mourad a accueilli des centaines de protestataires scandant des slogans visant le chef d&rsquo;\u00e9tat-major de l&rsquo;arm\u00e9e alg\u00e9rienne, Ahmed Ga\u00efd Salah. \u00ab Barakate barakate min khitab ethakanate, (stop aux discours des casernes, [&hellip;]<\/p>\n","protected":false},"author":1742,"featured_media":0,"comment_status":"closed","ping_status":"closed","sticky":false,"template":"","format":"standard","meta":{"fifu_image_url":"","fifu_image_alt":"","footnotes":""},"categories":[73,53],"tags":[],"class_list":["post-61009","post","type-post","status-publish","format-standard","hentry","category-actualite","category-algerie"],"_links":{"self":[{"href":"https:\/\/linitiative.ca\/International\/wp-json\/wp\/v2\/posts\/61009","targetHints":{"allow":["GET"]}}],"collection":[{"href":"https:\/\/linitiative.ca\/International\/wp-json\/wp\/v2\/posts"}],"about":[{"href":"https:\/\/linitiative.ca\/International\/wp-json\/wp\/v2\/types\/post"}],"author":[{"embeddable":true,"href":"https:\/\/linitiative.ca\/International\/wp-json\/wp\/v2\/users\/1742"}],"replies":[{"embeddable":true,"href":"https:\/\/linitiative.ca\/International\/wp-json\/wp\/v2\/comments?post=61009"}],"version-history":[{"count":0,"href":"https:\/\/linitiative.ca\/International\/wp-json\/wp\/v2\/posts\/61009\/revisions"}],"wp:attachment":[{"href":"https:\/\/linitiative.ca\/International\/wp-json\/wp\/v2\/media?parent=61009"}],"wp:term":[{"taxonomy":"category","embeddable":true,"href":"https:\/\/linitiative.ca\/International\/wp-json\/wp\/v2\/categories?post=61009"},{"taxonomy":"post_tag","embeddable":true,"href":"https:\/\/linitiative.ca\/International\/wp-json\/wp\/v2\/tags?post=61009"}],"curies":[{"name":"wp","href":"https:\/\/api.w.org\/{rel}","templated":true}]}}