{"id":61016,"date":"2019-09-13T06:05:48","date_gmt":"2019-09-13T10:05:48","guid":{"rendered":"https:\/\/linitiative.ca\/International\/vers-la-valorisation-des-itineraires-culturels-et-spirituels\/"},"modified":"2019-09-13T06:05:48","modified_gmt":"2019-09-13T10:05:48","slug":"vers-la-valorisation-des-itineraires-culturels-et-spirituels","status":"publish","type":"post","link":"https:\/\/linitiative.ca\/International\/vers-la-valorisation-des-itineraires-culturels-et-spirituels\/","title":{"rendered":"Vers la valorisation des itin\u00e9raires culturels et spirituels"},"content":{"rendered":"<div readability=\"34\">\n<p>Rabat \u2013 Un projet de d\u00e9veloppement et de valorisation des itin\u00e9raires culturels et spirituels de la r\u00e9gion de Marrakech-Safi a \u00e9t\u00e9 mis en avant, jeudi \u00e0 Rabat.<\/p>\n<\/div>\n<div readability=\"91\">\n<p>\u00c9labor\u00e9\u00a0\u00e0 l\u2019initiative de la commission de l\u2019action culturelle du conseil de\u00a0Marrakech-Safi et en partenariat avec l\u2019Ecole nationale d\u2019architecture de\u00a0Marrakech, ce projet vise \u00e0 pr\u00e9server, revivifier et valoriser le patrimoine mat\u00e9riel et immat\u00e9riel de la r\u00e9gion, d\u00e9velopper un tourisme culturel durable\u00a0et \u00e9co-responsable et faire de ce projet un levier de d\u00e9veloppement socio-\u00e9conomique \u00e0 m\u00eame\u00a0de g\u00e9n\u00e9rer\u00a0l\u2019emploi\u00a0et la richesse.<\/p>\n<p>Dans une d\u00e9claration \u00e0 la MAP, Abdelahad Fassi Fihri, ministre de l\u2019Am\u00e9nagement du territoire national, de l\u2019urbanisme, de l\u2019habitat et de la politique de la ville, a soulign\u00e9 que ledit projet rev\u00eat\u00a0une grande capitale\u00a0car il met en valeur le patrimoine culturel et religieux\u00a0de la r\u00e9gion de\u00a0Marrakech-Safi, soulignant\u00a0l\u2019importance de \u00a0\u00bb jeter les bases d\u2019une vision globale\u00a0\u00e0 m\u00eame de valoriser ces itin\u00e9raires \u00e0 travers la cr\u00e9ation d\u2019un tourisme spirituel et la transformation de la richesse\u00a0marocaine\u00a0immat\u00e9rielle\u00a0en une richesse\u00a0mat\u00e9rielle\u00a0avec un impact positif sur les conditions de vie des citoyens.<\/p>\n<p>R\u00e9it\u00e9rant la d\u00e9termination de son minist\u00e8re dans l\u2019ex\u00e9cution et la mise en oeuvre de ce projet,\u00a0M. Fassi Fihri a mis l\u2019accent sur les dimensions soci-\u00e9conomique et culturelle du projet.<\/p>\n<p>Pour sa part, la pr\u00e9sidente de la commission de l\u2019action culturelle du conseil de la r\u00e9gion\u00a0Marrakech-Safi, Touria Ikbal, a indiqu\u00e9 que ledit projet s\u2019inscrit dans le cadre de la strat\u00e9gie culturelle de la r\u00e9gion, engag\u00e9e dans une politique culturelle globale visant le renforcement de ses affluents identitaires et ce, \u00e0 travers le renforcement et la diversification de l\u2019offre culturelle, notamment dans les milieux ruraux, la r\u00e9habilitation de l\u2019\u00e9quilibre entre les politiques publiques r\u00e9gionales dans le but de servir les int\u00e9r\u00eats de la population de la r\u00e9gion et tenir compte de la justice spatiale.<\/p>\n<p>Il est important que la r\u00e9gion adopte une approche participative lors de la pr\u00e9paration et l\u2019ex\u00e9cution\u00a0du plan de d\u00e9veloppement culturel, qui constitue un saut qualitatif\u00a0culturel pour les habitants\u00a0de\u00a0Marrakech-Safi, insiste Mme Ikbal, notant que ce projet contribuera efficacement \u00e0 la valorisation du patrimoine immat\u00e9riel\u00a0local en mati\u00e8re de mode de vie, pratiques locales, chants\u00a0et m\u00e9tiers traditionnels.<\/p>\n<p>La mise en oeuvre de ce projet n\u00e9cessite, entre autres, d\u2019adopter une approche touristique solidaire\u00a0comme m\u00e9canisme de redistribution de la richesse, fixer les priorit\u00e9s, faire participer les organisations gouvernementales et non gouvernementales et les \u00e9tablissements\u00a0bancaires \u00e0 la gestion dudit projet et pr\u00eater\u00a0attention \u00e0 l\u2019identit\u00e9 maritime\u00a0de la r\u00e9gion, a-t-elle fait savoir.<\/p>\n<p>Le projet cherche aussi \u00e0 promouvoir le patrimoine mat\u00e9riel et immat\u00e9riel de\u00a0Marrakech-Safi via des programmes de communication et d\u2019information, restaurer les monuments historiques et \u00e0 mettre en place un plan de formation pour\u00a0 renforcer les\u00a0 comp\u00e9tences des diff\u00e9rents intervenants impliqu\u00e9s dans le projet.<\/p>\n<\/div>\n<p>Auteur: Mohammed KOURSI<br \/>\n<a href=\"http:\/\/www.mapmarrakech.ma\/fr\/vers-la-valorisation-des-itineraires-culturels-et-spirituels\/\">Cliquez ici pour lire l&rsquo;article depuis sa source.<\/a><\/p>\n","protected":false},"excerpt":{"rendered":"<p>Rabat \u2013 Un projet de d\u00e9veloppement et de valorisation des itin\u00e9raires culturels et spirituels de la r\u00e9gion de Marrakech-Safi a \u00e9t\u00e9 mis en avant, jeudi \u00e0 Rabat. \u00c9labor\u00e9\u00a0\u00e0 l\u2019initiative de la commission de l\u2019action culturelle du conseil de\u00a0Marrakech-Safi et en partenariat avec l\u2019Ecole nationale d\u2019architecture de\u00a0Marrakech, ce projet vise \u00e0 pr\u00e9server, revivifier et valoriser le [&hellip;]<\/p>\n","protected":false},"author":1788,"featured_media":0,"comment_status":"closed","ping_status":"closed","sticky":false,"template":"","format":"standard","meta":{"fifu_image_url":"","fifu_image_alt":"","footnotes":""},"categories":[54,76],"tags":[],"class_list":["post-61016","post","type-post","status-publish","format-standard","hentry","category-maroc","category-regions"],"_links":{"self":[{"href":"https:\/\/linitiative.ca\/International\/wp-json\/wp\/v2\/posts\/61016","targetHints":{"allow":["GET"]}}],"collection":[{"href":"https:\/\/linitiative.ca\/International\/wp-json\/wp\/v2\/posts"}],"about":[{"href":"https:\/\/linitiative.ca\/International\/wp-json\/wp\/v2\/types\/post"}],"author":[{"embeddable":true,"href":"https:\/\/linitiative.ca\/International\/wp-json\/wp\/v2\/users\/1788"}],"replies":[{"embeddable":true,"href":"https:\/\/linitiative.ca\/International\/wp-json\/wp\/v2\/comments?post=61016"}],"version-history":[{"count":0,"href":"https:\/\/linitiative.ca\/International\/wp-json\/wp\/v2\/posts\/61016\/revisions"}],"wp:attachment":[{"href":"https:\/\/linitiative.ca\/International\/wp-json\/wp\/v2\/media?parent=61016"}],"wp:term":[{"taxonomy":"category","embeddable":true,"href":"https:\/\/linitiative.ca\/International\/wp-json\/wp\/v2\/categories?post=61016"},{"taxonomy":"post_tag","embeddable":true,"href":"https:\/\/linitiative.ca\/International\/wp-json\/wp\/v2\/tags?post=61016"}],"curies":[{"name":"wp","href":"https:\/\/api.w.org\/{rel}","templated":true}]}}