{"id":61017,"date":"2019-09-13T07:46:50","date_gmt":"2019-09-13T11:46:50","guid":{"rendered":"https:\/\/linitiative.ca\/International\/marrakech-abrite-la-24e-ag-de-lomt-en-2021\/"},"modified":"2019-09-13T07:46:50","modified_gmt":"2019-09-13T11:46:50","slug":"marrakech-abrite-la-24e-ag-de-lomt-en-2021","status":"publish","type":"post","link":"https:\/\/linitiative.ca\/International\/marrakech-abrite-la-24e-ag-de-lomt-en-2021\/","title":{"rendered":"Marrakech abrite la 24\u00e8 AG de l\u2019OMT en 2021"},"content":{"rendered":"<div readability=\"35\">\n<p>Saint-P\u00e9tersbourg- La ville de Marrakech a \u00e9t\u00e9 choisie, jeudi \u00e0 Saint-P\u00e9tersbourg, pour abriter la 24\u00e8me Assembl\u00e9e g\u00e9n\u00e9rale de l\u2019Organisation mondiale du tourisme en 2021.<\/p>\n<\/div>\n<div readability=\"77\">\n<p>Le Maroc a \u00e9t\u00e9 choisi \u00e0 l\u2019issue d\u2019un vote des 107 d\u00e9l\u00e9gations participant \u00e0 la 23\u00e8me Assembl\u00e9e g\u00e9n\u00e9rale de l\u2019OMT avec 76 voix, contre 15 pour les Philippines, 13 pour le Kenya et 4 abstentions.<\/p>\n<p>Suite \u00e0 cette \u00e9lection, le ministre du Tourisme, du Transport a\u00e9rien, de l\u2019Artisanat et de l\u2019\u00e9conomie sociale et solidaire, M. Mohamed Sajid, a soulign\u00e9 dans une d\u00e9claration \u00e0 la MAP, la fiert\u00e9 du Maroc d\u2019avoir recueilli la confiance des d\u00e9l\u00e9gu\u00e9s de l\u2019OMT pour l\u2019organisation de sa prochaine Assembl\u00e9e g\u00e9n\u00e9rale, ajoutant que ce vote repr\u00e9sente une distinction de plus quant au statut du Maroc en tant que leader dans le tourisme mondial.<\/p>\n<p>\u00abCette victoire est celle du Maroc et de la strat\u00e9gie trac\u00e9e par Sa Majest\u00e9 le Roi Mohammed VI pour r\u00e9aliser le d\u00e9veloppement durable et inclusif dans tous les domaines. Elle d\u00e9montre \u00e9galement la place de choix qu\u2019occupe le Royaume dans le domaine du tourisme, gr\u00e2ce notamment \u00e0 son d\u00e9veloppement et \u00e0 sa stabilit\u00e9 \u00bb, a soulign\u00e9 le ministre.<\/p>\n<p>Il a relev\u00e9 que ce vote remport\u00e9 par le Maroc repr\u00e9sente \u00e9galement une victoire pour le continent africain, remerciant les pays qui ont soutenu la candidature du Royaume.<\/p>\n<p>La 23\u00e8 Assembl\u00e9e g\u00e9n\u00e9rale de l\u2019OMT a pour objectif de discuter des tendances les plus importantes dans le d\u00e9veloppement du tourisme mondial et des moyens de garantir une croissance stable et r\u00e9guli\u00e8re du secteur dans les quatre coins du monde.<\/p>\n<p>Plus de 1100 participants \u00e0 cet \u00e9v\u00e9nement ont d\u00e9battu de sujets tels l\u2019\u00e9ducation et l\u2019emploi dans le tourisme, l\u2019innovation et le d\u00e9veloppement durable, le tourisme inclusif et accessible, le r\u00f4le de l\u2019intelligence artificielle et la lutte contre le r\u00e9chauffement climatique.<\/p>\n<p>La d\u00e9l\u00e9gation marocaine participant \u00e0 la 23\u00e8 Assembl\u00e9e g\u00e9n\u00e9rale de l\u2019OMT comprend \u00e9galement la secr\u00e9taire d\u2019Etat au Tourisme, Mme Lamia Boutaleb, ainsi que des cadres du minist\u00e8re du Tourisme, de l\u2019Office national marocain du tourisme (ONMT) et de la Maison de l\u2019artisan.<\/p>\n<\/div>\n<p>Auteur: Mohammed KOURSI<br \/>\n<a href=\"http:\/\/www.mapmarrakech.ma\/fr\/marrakech-abrite-la-24e-ag-de-lomt\/\">Cliquez ici pour lire l&rsquo;article depuis sa source.<\/a><\/p>\n","protected":false},"excerpt":{"rendered":"<p>Saint-P\u00e9tersbourg- La ville de Marrakech a \u00e9t\u00e9 choisie, jeudi \u00e0 Saint-P\u00e9tersbourg, pour abriter la 24\u00e8me Assembl\u00e9e g\u00e9n\u00e9rale de l\u2019Organisation mondiale du tourisme en 2021. Le Maroc a \u00e9t\u00e9 choisi \u00e0 l\u2019issue d\u2019un vote des 107 d\u00e9l\u00e9gations participant \u00e0 la 23\u00e8me Assembl\u00e9e g\u00e9n\u00e9rale de l\u2019OMT avec 76 voix, contre 15 pour les Philippines, 13 pour le [&hellip;]<\/p>\n","protected":false},"author":1788,"featured_media":0,"comment_status":"closed","ping_status":"closed","sticky":false,"template":"","format":"standard","meta":{"fifu_image_url":"","fifu_image_alt":"","footnotes":""},"categories":[54,76],"tags":[],"class_list":["post-61017","post","type-post","status-publish","format-standard","hentry","category-maroc","category-regions"],"_links":{"self":[{"href":"https:\/\/linitiative.ca\/International\/wp-json\/wp\/v2\/posts\/61017","targetHints":{"allow":["GET"]}}],"collection":[{"href":"https:\/\/linitiative.ca\/International\/wp-json\/wp\/v2\/posts"}],"about":[{"href":"https:\/\/linitiative.ca\/International\/wp-json\/wp\/v2\/types\/post"}],"author":[{"embeddable":true,"href":"https:\/\/linitiative.ca\/International\/wp-json\/wp\/v2\/users\/1788"}],"replies":[{"embeddable":true,"href":"https:\/\/linitiative.ca\/International\/wp-json\/wp\/v2\/comments?post=61017"}],"version-history":[{"count":0,"href":"https:\/\/linitiative.ca\/International\/wp-json\/wp\/v2\/posts\/61017\/revisions"}],"wp:attachment":[{"href":"https:\/\/linitiative.ca\/International\/wp-json\/wp\/v2\/media?parent=61017"}],"wp:term":[{"taxonomy":"category","embeddable":true,"href":"https:\/\/linitiative.ca\/International\/wp-json\/wp\/v2\/categories?post=61017"},{"taxonomy":"post_tag","embeddable":true,"href":"https:\/\/linitiative.ca\/International\/wp-json\/wp\/v2\/tags?post=61017"}],"curies":[{"name":"wp","href":"https:\/\/api.w.org\/{rel}","templated":true}]}}